{"id":163037,"date":"2025-10-13T19:24:13","date_gmt":"2025-10-13T19:24:13","guid":{"rendered":"https:\/\/www.europesays.com\/it\/163037\/"},"modified":"2025-10-13T19:24:13","modified_gmt":"2025-10-13T19:24:13","slug":"gattuso-prima-di-italia-israele-emozionato-per-gaza-prima-vinciamo-poi-penseremo-agli-spareggi-pio-esposito-merita-tanto","status":"publish","type":"post","link":"https:\/\/www.europesays.com\/it\/163037\/","title":{"rendered":"Gattuso prima di Italia-Israele: \u00abEmozionato per Gaza. Prima vinciamo, poi penseremo agli spareggi. Pio Esposito merita tanto\u00bb"},"content":{"rendered":"<p>    di<br \/>\n    Carlos Passerini, inviato a Udine<\/p>\n<p class=\"summary-art is-line-h-12\">Il ct azzurro: \u00abRingrazio Spalletti per le belle parole, \u00e8 un uomo vero. Le due punte? Non sono contento solo per i gol che stanno facendo, ma per il lavoro che stanno facendo\u00bb<\/p>\n<p class=\"chapter-paragraph\">\u00abSono felicissimo per la tregua: vedere un fiume di gente che torna a <b>Gaza<\/b>, nella propria terra, \u00e8 emozionante. Viva la pace\u00bb.<b> Italia-Israele di marted\u00ec a Udine<\/b> non sar\u00e0 una partita normale, il ct azzurro<b> Rino Gattuso<\/b> lo sa. E alla vigilia del match ha voluto dedicare un pensiero a chi ha sofferto in Medioriente: \u00abNe abbiamo parlato tanto in queste ore, con i ragazzi fra noi, in ritiro. Siamo felici. Vedere la gente che ritorna a casa \u00e8 bellissimo. Spero di cuore che duri. Ci sar\u00e0 gente fuori dallo stadio che contester\u00e0, ma 10-11 mila persone saranno dentro, dobbiamo essere bravi a far venire loro voglia di tifarci\u00bb.<\/p>\n<p>    Gattuso ringrazia Spalletti:\u00a0\u00abUomo vero\u00bb<\/p>\n<p class=\"chapter-paragraph\">Gattuso torna poi alla partita, al campo, a una sfida che gli azzurri non possono fallire: la qualificazione diretta al Mondiale \u00e8 ormai un miraggio, ma serve blindare il secondo posto che vale il playoff.\u00a0\u00ab<b>Battiamo Israele, poi semmai penseremo agli spareggi\u00bb.<\/b>\u00a0Taglia corta Rino, che <a href=\"https:\/\/www.corriere.it\/sport\/25_ottobre_12\/luciano-spalletti-nazionale-intervista-festival-trento-0732f216-941d-44ea-8c87-53f02286bxlk.shtml\" rel=\"nofollow noopener\" target=\"_blank\">ringrazia Spalletti per belle parole spese domenica al Festival dello Sport di Trento<\/a>. L\u2019ex ct ha detto che il suo successore \u00e8 stato bravo a dare ai ragazzi quella leggerezza che lui non \u00e8 stato in grado di trasmettere. \u00abRingrazio Luciano prima di tutto, non ti nego che parlando con la Federazione ho pensato di chiamarlo, per sentirlo &#8211; le parole di Gattuso -. Per\u00f2 quando senti parlare Luciano capisci che \u00e8 un uomo vero. Per come la penso io, di sicuro c\u2019\u00e8 solo la morte, tutto va conquistato. Io quando sono arrivato sapevo al 100% quello che volevo fare. Non so cosa intendesse con leggerezza, ma riuscire a lavorare con la voglia e il senso di appartenenza \u00e8 il mio obiettivo. Bisogna parlare quando si deve parlare, li lasciamo liberi, si parla di calcio quando si deve parlarne\u00bb.    &#13;<br \/>\n&#13;<br \/>\n&#13;<br \/>\n&#13;<br \/>\n&#13;<br \/>\n&#13;<br \/>\n&#13;<br \/>\n&#13;<br \/>\n&#13;<br \/>\n&#13;<br \/>\n&#13;<br \/>\n&#13;<br \/>\n&#13;<br \/>\n&#13;<br \/>\n&#13;<br \/>\n&#13;<br \/>\n&#13;<br \/>\n&#13;<br \/>\n&#13;<br \/>\n&#13;<br \/>\n&#13;<br \/>\n&#13;<br \/>\n&#13;<br \/>\n&#13;<br \/>\n&#13;<br \/>\n&#13;<br \/>\n&#13;<br \/>\n&#13;<br \/>\n&#13;<br \/>\n&#13;<br \/>\n&#13;<br \/>\n&#13;<br \/>\n&#13;<br \/>\n&#13;<br \/>\n&#13;<br \/>\n&#13;<br \/>\n&#13;<br \/>\n&#13;<br \/>\n&#13;<br \/>\n&#13;<br \/>\n&#13;<br \/>\n&#13;<br \/>\n&#13;<br \/>\n&#13;<br \/>\n&#13;<br \/>\n&#13;<br \/>\n&#13;<br \/>\n&#13;<br \/>\n&#13;<br \/>\n&#13;<br \/>\n&#13;<br \/>\n&#13;<br \/>\n&#13;\n<\/p>\n<p class=\"chapter-paragraph\">Su <b>Pio Esposito<\/b>, l\u2019uomo del momento: \u00abAll\u2019inizio avevo solo un dubbio, il fatto di riuscire a sopportare due attaccanti. Devo dire che non sono contento solo per i gol che stanno facendo, ma per il lavoro che stanno facendo. Fanno tanto volume, scalano difensivamente in fase di non possesso, si sono fatti trovare pronti. Pio ha numeri incredibili, merita tanto\u00bb.\u00a0<\/p>\n<p class=\"is-last-update\" datetime=\"2025-10-13T16:30:37+02:00\">13 ottobre 2025<\/p>\n<p class=\"is-copyright\">\n            \u00a9 RIPRODUZIONE RISERVATA\n        <\/p>\n","protected":false},"excerpt":{"rendered":"di Carlos Passerini, inviato a Udine Il ct azzurro: \u00abRingrazio Spalletti per le belle parole, \u00e8 un uomo&hellip;\n","protected":false},"author":3,"featured_media":163038,"comment_status":"","ping_status":"","sticky":false,"template":"","format":"standard","meta":{"footnotes":""},"categories":[176],"tags":[7920,17719,100459,4972,73895,5886,100460,7171,11332,73,4965,1976,72,1537,90,799,89,36632,3418,16779,5775,4979,1290,100461,100462,7173,24806,245,244,5489],"class_list":{"0":"post-163037","1":"post","2":"type-post","3":"status-publish","4":"format-standard","5":"has-post-thumbnail","7":"category-sport","8":"tag-azzurro","9":"tag-belle","10":"tag-belle-parole","11":"tag-contento","12":"tag-contento-gol","13":"tag-ct","14":"tag-ct-azzurro","15":"tag-esposito","16":"tag-gattuso","17":"tag-gaza","18":"tag-gente","19":"tag-gol","20":"tag-israele","21":"tag-it","22":"tag-italia","23":"tag-italia-israele","24":"tag-italy","25":"tag-leggerezza","26":"tag-luciano","27":"tag-merita","28":"tag-parlare","29":"tag-parole","30":"tag-partita","31":"tag-penseremo","32":"tag-penseremo-spareggi","33":"tag-pio","34":"tag-spalletti","35":"tag-sport","36":"tag-sports","37":"tag-vero"},"share_on_mastodon":{"url":"","error":""},"_links":{"self":[{"href":"https:\/\/www.europesays.com\/it\/wp-json\/wp\/v2\/posts\/163037","targetHints":{"allow":["GET"]}}],"collection":[{"href":"https:\/\/www.europesays.com\/it\/wp-json\/wp\/v2\/posts"}],"about":[{"href":"https:\/\/www.europesays.com\/it\/wp-json\/wp\/v2\/types\/post"}],"author":[{"embeddable":true,"href":"https:\/\/www.europesays.com\/it\/wp-json\/wp\/v2\/users\/3"}],"replies":[{"embeddable":true,"href":"https:\/\/www.europesays.com\/it\/wp-json\/wp\/v2\/comments?post=163037"}],"version-history":[{"count":0,"href":"https:\/\/www.europesays.com\/it\/wp-json\/wp\/v2\/posts\/163037\/revisions"}],"wp:featuredmedia":[{"embeddable":true,"href":"https:\/\/www.europesays.com\/it\/wp-json\/wp\/v2\/media\/163038"}],"wp:attachment":[{"href":"https:\/\/www.europesays.com\/it\/wp-json\/wp\/v2\/media?parent=163037"}],"wp:term":[{"taxonomy":"category","embeddable":true,"href":"https:\/\/www.europesays.com\/it\/wp-json\/wp\/v2\/categories?post=163037"},{"taxonomy":"post_tag","embeddable":true,"href":"https:\/\/www.europesays.com\/it\/wp-json\/wp\/v2\/tags?post=163037"}],"curies":[{"name":"wp","href":"https:\/\/api.w.org\/{rel}","templated":true}]}}