{"id":163180,"date":"2025-10-13T21:18:14","date_gmt":"2025-10-13T21:18:14","guid":{"rendered":"https:\/\/www.europesays.com\/it\/163180\/"},"modified":"2025-10-13T21:18:14","modified_gmt":"2025-10-13T21:18:14","slug":"milano-il-consiglio-comunale-conferma-il-gemellaggio-con-tel-aviv-caos-in-aula-e-tensioni-al-presidio-pro-pal-corteo-in-centro","status":"publish","type":"post","link":"https:\/\/www.europesays.com\/it\/163180\/","title":{"rendered":"Milano, il Consiglio comunale conferma il gemellaggio con Tel Aviv: caos in aula e tensioni al presidio pro Pal, corteo in centro"},"content":{"rendered":"<p>    di<br \/>\n    Redazione Milano<\/p>\n<p class=\"summary-art is-line-h-12\">Con 21 voti contrari, 9 favorevoli e 6 astenuti, il Consiglio comunale ha bocciato l&#8217;istanza dei Verdi che chiedeva di fermare il gemellaggio. In piazza Scala i manifestanti si sono spinti contro le transenne e sono stati respinti a manganellate<\/p>\n<p class=\"chapter-paragraph\"><b>Caos in Consiglio comunale, a Milano, e seduta momentaneamente sospesa<\/b> dopo la votazione dell&#8217;ordine del giorno, promosso dai Verdi e in particolare dal consigliere Carlo Monguzzi <b>per la sospensione del gemellaggio tra Milano e Tel Aviv<\/b>. <b>Tensione e tafferugli al presidio pro Pal in piazza Scala.\u00a0<\/b><\/p>\n<p class=\"chapter-paragraph\">L&#8217;ordine del giorno \u00e8 stato votato per punti e <b>l&#8217;istanza sul gemellaggio \u00e8 stata bocciata con 21 contrari,<\/b> 9 favorevoli e 6 astenuti. Dal settore riservato al pubblico dove erano presenti attivisti Pro Pal, gi\u00e0 in presidio anche nel pomeriggio fuori da Palazzo Marino, si sono levate proteste e cori come \u00abMilano lo sa da che parte stare, Palestina libera dal fiume fino al mare\u00bb. <b>Monguzzi ha srotolato la bandiera della Palestina in Aula e si \u00e8 poi unito alle proteste nel settore del pubblico<\/b>. Le proteste sono durate diversi minuti e la presidente dall&#8217;Aula Elena Buscemi <b>ha fatto sgombrare i manifestanti<\/b> dopo averli richiamati a pi\u00f9 riprese.\u00a0<b>La seduta \u00e8 poi ricominciata<\/b>.    &#13;<br \/>\n&#13;<br \/>\n&#13;<br \/>\n&#13;<br \/>\n&#13;<br \/>\n&#13;<br \/>\n&#13;<br \/>\n&#13;<br \/>\n&#13;<br \/>\n&#13;<br \/>\n&#13;<br \/>\n&#13;<br \/>\n&#13;<br \/>\n&#13;<br \/>\n&#13;<br \/>\n&#13;<br \/>\n&#13;<br \/>\n&#13;<br \/>\n&#13;<br \/>\n&#13;<br \/>\n&#13;<br \/>\n&#13;<br \/>\n&#13;<br \/>\n&#13;<br \/>\n&#13;<br \/>\n&#13;<br \/>\n&#13;<br \/>\n&#13;<br \/>\n&#13;<br \/>\n&#13;<br \/>\n&#13;<br \/>\n&#13;<br \/>\n&#13;<br \/>\n&#13;<br \/>\n&#13;<br \/>\n&#13;<br \/>\n&#13;<br \/>\n&#13;<br \/>\n&#13;<br \/>\n&#13;<br \/>\n&#13;<br \/>\n&#13;<br \/>\n&#13;<br \/>\n&#13;<br \/>\n&#13;<br \/>\n&#13;<br \/>\n&#13;<br \/>\n&#13;<br \/>\n&#13;<br \/>\n&#13;<br \/>\n&#13;<br \/>\n&#13;<br \/>\n&#13;\n<\/p>\n<p class=\"chapter-paragraph\">Alessandro Capelli, segretario del Pd Milano Metropolitana, ha presentato \u00abcon la nostra capogruppo Beatrice Uguccioni, un ordine del giorno che propone tra le altre cose <b>l&#8217;avvio di un gemellaggio tra Milano e Gaza City\u00bb, che sarebbe\u00a0\u00ab<\/b>un atto di responsabilit\u00e0 istituzionale e un impegno politico verso una citt\u00e0 che dovr\u00e0 ricostruirsi a partire dalla distruzione e dalle macerie degli ultimi anni\u00bb. Dopo un acceso scambio in Aula tra i consiglieri di maggioranza e opposizione <b>i lavori sono stati sospesi<\/b> e la presidente Elena Buscemi ha poi annunciato la decisione di \u00abrinviare la discussione\u00bb in modo da \u00abripresentare il testo\u00bb agli uffici e poi portarlo in Aula, probabilmente gi\u00e0 nella prossima seduta. Il commento di <b>Mariastella Gelmini (Noi Moderati)<\/b>: \u00abBene che diversi consiglieri di sinistra abbiano cambiato idea e abbiano scelto di non interrompere i rapporti tra Milano e Tel Aviv, ma <b>\u00e8 surreale che ora il Pd proponga il gemellaggio con Gaza City senza che prima siano costruite le necessarie garanzie democratiche<\/b>. Il gemellaggio tra Milano e Tel Aviv nasce oltre 30 anni fa, oggi questo legame non va cancellato ma rafforzato\u00bb.<\/p>\n<p>        <img decoding=\"async\" class=\"is_full_image\" loading=\"lazy\" alt=\"Milano, il Consiglio comunale conferma il gemellaggio con Tel Aviv: caos in aula e tensione al presidio pro Pal\" src=\"https:\/\/www.europesays.com\/it\/wp-content\/uploads\/2025\/10\/68ed334334660.png\" data-full-src=\"https:\/\/www.europesays.com\/it\/wp-content\/uploads\/2025\/10\/68ed334334660.png\"\/><\/p>\n<p class=\"chapter-paragraph\"><b>All&#8217;esterno di Palazzo Marino, intanto, si erano radunate centinaia di persone dietro il grande striscione \u00abMilano antisionista. No gemellaggio\u00bb<\/b>, insieme alla nuova denominazione \u00abpiazza Gaza\u00bb. I manifestanti hanno iniziato a spingere contro le\u00a0transenne a protezione di Palazzo Marino urlando \u00abvergogna\u00bb.\u00a0<b>I poliziotti in tenuta antisommossa, a quel punto, li hanno\u00a0respinti usando anche i manganelli<\/b>. Gli attivisti sono poi\u00a0partiti in corteo.<\/p>\n<p>APPROFONDISCI CON IL PODCAST<\/p>\n<p class=\"chapter-paragraph\"><b>In piazza \u00e8 scesa anche una manifestante sventolando la bandiera israeliana con il nastro giallo per chiedere il ritorno degli ostaggi<\/b>. La donna \u00e8 stata contestata da un gruppo di manifestanti pro Pal, prima che la Digos intervenisse allontanandola.\u00a0\u00abNon mi vergogno, \u00e8 stato quel che \u00e8 stato, noi siamo felici per i ragazzi che sono tornati a casa e speriamo che oggi sia l&#8217;inizio della pace\u00bb, ha detto la signora, sottolineato che la bandiera portata in piazza \u00e8 \u00abun simbolo di pace\u00bb.<\/p>\n<p class=\"chapter-paragraph\"><b>Il corteo dei manifestanti pro Palestina <\/b>si \u00e8 quindi mosso da piazza Scala lungo corso Venezia, sempre circondato dalle forze dell&#8217;ordine. Centinaia le persone in marcia, con gli slogan<b>\u00a0\u00abFree free Palestine\u00bb, \u00abPalestina libera\u00bb, \u00abOra e sempre resistenza\u00bb, per concludersi in piazzale Loreto.<\/b><\/p>\n<p>        <img decoding=\"async\" class=\"is_full_image\" loading=\"lazy\" alt=\"Milano, il Consiglio comunale conferma il gemellaggio con Tel Aviv: caos in aula e tensioni al presidio pro Pal, corteo in centro\" src=\"https:\/\/www.europesays.com\/it\/wp-content\/uploads\/2025\/10\/68ed4d316b654.jpeg\" data-full-src=\"https:\/\/www.europesays.com\/it\/wp-content\/uploads\/2025\/10\/68ed4d316b654.jpeg\"\/><\/p>\n<p class=\"is-mr-t-20 is-mr-b-20\"><b><br \/>\n                    <a href=\"https:\/\/milano.corriere.it\/?intcmp=Notizielocali_nd_010623_corriere_ss_milano\" target=\"_blank\" rel=\"nofollow noopener\">Vai a tutte le notizie di Milano<\/a><br \/>\n            <\/b><\/p>\n<p class=\"chapter-paragraph\"><b><a href=\"https:\/\/www.corriere.it\/newsletter\/?theme=41&amp;intcmp=IIIcolonna_NL_CorMilano\" target=\"_blank\" rel=\"nofollow noopener\">Iscriviti alla newsletter di Corriere Milano<\/a><\/b><\/p>\n<p class=\"is-last-update\" datetime=\"2025-10-13T23:13:50+02:00\">13 ottobre 2025 ( modifica il 13 ottobre 2025 | 23:13)<\/p>\n<p class=\"is-copyright\">\n            \u00a9 RIPRODUZIONE RISERVATA\n        <\/p>\n","protected":false},"excerpt":{"rendered":"di Redazione Milano Con 21 voti contrari, 9 favorevoli e 6 astenuti, il Consiglio comunale ha bocciato l&#8217;istanza&hellip;\n","protected":false},"author":3,"featured_media":163181,"comment_status":"","ping_status":"","sticky":false,"template":"","format":"standard","meta":{"footnotes":""},"categories":[79],"tags":[10441,10488,317,872,2285,100534,18934,3844,820,446,1416,8116,100535,100536,13416,14,93,94,73,83388,100531,1537,90,89,13007,329,28,100532,100533,7,15,6183,54429,330,331,76,5543,78146,13418,1465,54430,2469,13552,3970,904,905,11,84,91,12,85,92],"class_list":{"0":"post-163180","1":"post","2":"type-post","3":"status-publish","4":"format-standard","5":"has-post-thumbnail","7":"category-italia","8":"tag-astenuti","9":"tag-attivisti","10":"tag-aula","11":"tag-aviv","12":"tag-bandiera","13":"tag-buscemi","14":"tag-caos","15":"tag-centinaia","16":"tag-city","17":"tag-comunale","18":"tag-consiglieri","19":"tag-contrari","20":"tag-contrari-favorevoli","21":"tag-contrari-favorevoli-astenuti","22":"tag-corteo","23":"tag-cronaca","24":"tag-cronaca-italiana","25":"tag-cronacaitaliana","26":"tag-gaza","27":"tag-gemellaggio","28":"tag-gemellaggio-milano","29":"tag-it","30":"tag-italia","31":"tag-italy","32":"tag-manifestanti","33":"tag-marino","34":"tag-milano","35":"tag-milano-tel","36":"tag-milano-tel-aviv","37":"tag-news","38":"tag-notizie","39":"tag-ordine","40":"tag-pal","41":"tag-palazzo","42":"tag-palazzo-marino","43":"tag-palestina","44":"tag-piazza","45":"tag-piazza-scala","46":"tag-presidio","47":"tag-pro","48":"tag-pro-pal","49":"tag-proteste","50":"tag-scala","51":"tag-seduta","52":"tag-tel","53":"tag-tel-aviv","54":"tag-ultime-notizie","55":"tag-ultime-notizie-e-news-di-oggi","56":"tag-ultime-notizie-italia","57":"tag-ultimenotizie","58":"tag-ultimenotizieenewsdioggi","59":"tag-ultimenotizieitalia"},"share_on_mastodon":{"url":"","error":""},"_links":{"self":[{"href":"https:\/\/www.europesays.com\/it\/wp-json\/wp\/v2\/posts\/163180","targetHints":{"allow":["GET"]}}],"collection":[{"href":"https:\/\/www.europesays.com\/it\/wp-json\/wp\/v2\/posts"}],"about":[{"href":"https:\/\/www.europesays.com\/it\/wp-json\/wp\/v2\/types\/post"}],"author":[{"embeddable":true,"href":"https:\/\/www.europesays.com\/it\/wp-json\/wp\/v2\/users\/3"}],"replies":[{"embeddable":true,"href":"https:\/\/www.europesays.com\/it\/wp-json\/wp\/v2\/comments?post=163180"}],"version-history":[{"count":0,"href":"https:\/\/www.europesays.com\/it\/wp-json\/wp\/v2\/posts\/163180\/revisions"}],"wp:featuredmedia":[{"embeddable":true,"href":"https:\/\/www.europesays.com\/it\/wp-json\/wp\/v2\/media\/163181"}],"wp:attachment":[{"href":"https:\/\/www.europesays.com\/it\/wp-json\/wp\/v2\/media?parent=163180"}],"wp:term":[{"taxonomy":"category","embeddable":true,"href":"https:\/\/www.europesays.com\/it\/wp-json\/wp\/v2\/categories?post=163180"},{"taxonomy":"post_tag","embeddable":true,"href":"https:\/\/www.europesays.com\/it\/wp-json\/wp\/v2\/tags?post=163180"}],"curies":[{"name":"wp","href":"https:\/\/api.w.org\/{rel}","templated":true}]}}