{"id":163188,"date":"2025-10-13T21:28:15","date_gmt":"2025-10-13T21:28:15","guid":{"rendered":"https:\/\/www.europesays.com\/it\/163188\/"},"modified":"2025-10-13T21:28:15","modified_gmt":"2025-10-13T21:28:15","slug":"mavi-garcia-torna-alla-uae-team-adq-chiudera-la-sua-carriera-nel-2026","status":"publish","type":"post","link":"https:\/\/www.europesays.com\/it\/163188\/","title":{"rendered":"MAVI GARCIA TORNA ALLA UAE TEAM ADQ, CHIUDERA&#8217; LA SUA CARRIERA NEL 2026"},"content":{"rendered":"<p>            <a class=\"category\" href=\"https:\/\/www.tuttobiciweb.it\/articles\/category\/DONNE\" itemprop=\"about\" rel=\"nofollow noopener\" target=\"_blank\">DONNE<\/a> | 13\/10\/2025 | 15:16<\/p>\n<p><strong>La spagnola Mavi Garcia<\/strong> quest\u2019anno, a 41 anni, ha vissuto la sua stagione migliore della carriera <strong>vincendo una tappa al Tour de France Femmes<\/strong> e recentemente<strong> la medaglia di bronzo ai Campionati del Mondo in Ruanda.<\/strong>\n            <\/p>\n<p>Risultati che hanno convinto l\u2019atleta di Palma di Maiorca \u2013 con un passato come campionessa di Duathlon e che nelle ultime due annate ha vestito i colori del team Liv AlUla Jayco \u2013 a <strong>continuare un altro anno in bicicletta e optare per un ritorno all\u2019UAE Team ADQ<\/strong> per chiudere qui la sua carriera nella stagione 2026. Infatti, Mavi Garcia aveva gi\u00e0 vestito la maglia della formazione emiratina nel 2022, proprio all\u2019inizio del progetto, e ora ha deciso di tornare, firmando un contratto per la stagione 2026, che sar\u00e0 l\u2019ultima della sua carriera.\n            <\/p>\n<p>\u201cPenso che sia l&#8217;opzione migliore per me \u2013 ammette Mavi Garcia \u2013. Conosco la squadra e molte delle persone che sono qui sia atlete che staff. Inoltre, credo di poter dare un grande contributo e di poter avere un ruolo diverso adesso rispetto a quello che ho sempre avuto. Con Elisa come leader di questa squadra, voglio poterla supportare e, allo stesso tempo, aiutare le giovani del team. <strong>Poi, vorrei continuare a condividere tutto ci\u00f2 che ho appreso nella mia carriera e contribuire alla crescita della squadra, magari anche dopo aver terminato la mia carriera da ciclista<\/strong>\u201d.<\/p>\n<p>Il 2025 \u00e8 stato un anno incredibile per la maiorchina. \u201cPenso di poter dire di aver raggiunto quest\u2019anno il massimo della mia carriera con la vittoria di tappa al Tour de France e ora la medaglia di bronzo ai Campionati del Mondo. \u00c8 stato davvero speciale!\u201d<\/p>\n<p>Un altro momento speciale della sua carriera \u00e8 stato proprio l\u2019anno vissuto con la maglia di UAE Team ADQ: \u201c<strong>Ho tanti momenti belli da ricordare, ma, se devo sceglierne uno, direi il Giro d&#8217;Italia Donne 2022, dove sono arrivata terza in Classifica Generale.<\/strong> Ero nella condizione di forma migliore che abbia mai avuto in tutta la mia vita, ed \u00e8 stato un podio molto combattuto, in cui le mie compagne di squadra mi hanno aiutato molto. Soprattutto Erica Magnaldi era stata fondamentale e sono contenta di poter tornare ad essere una sua compagna di squadra dal prossimo anno\u201d.<\/p>\n<p>Il 2026 sar\u00e0 un anno speciale e molto particolare da vivere ancora con UAE Team ADQ: \u201cAnche se <strong>sar\u00e0 il mio ultimo anno in bicicletta, ripartir\u00f2 con rinnovato entusiasmo e credo che lo affronter\u00f2 in maniera diversa dal solito<\/strong>, potr\u00f2 godermi di pi\u00f9 questa stagione che sar\u00e0 molto speciale per me. Ho scelto di tornare a UAE Team ADQ principalmente per aiutare la squadra a raggiungere gli obiettivi. Conosco fin dall\u2019inizio le ambizioni di questo progetto e voglio essere disponibile ad aiutare Elisa Longo Borghini e anche avere qualche opportunit\u00e0, perch\u00e9 credo che non si finisce mai di migliorare\u201d, conclude Mavi Garcia.<\/p>\n<p><strong>Melissa Moncada, Presidente di UAE Team ADQ<\/strong> ha detto: \u201cDiciamo bentornata a casa a Mavi Garcia. Quello che ha fatto quest\u2019anno \u00e8 qualcosa di incredibile ed \u00e8 un esempio di dedizione e professionalit\u00e0. Quando ha espresso il desiderio di concludere la sua carriera nel nostro team non potevamo che dire di s\u00ec perch\u00e9 Mavi \u00e8 un\u2019atleta che ha lasciato il segno in questa squadra all\u2019inizio del nostro progetto e sapere di poter contare ancora sulla sua esperienza e passione \u00e8 uno stimolo grande anche per le tante giovani del nostro team\u201d.<\/p>\n<p>Copyright &amp;copy TBW<\/p>\n","protected":false},"excerpt":{"rendered":"DONNE | 13\/10\/2025 | 15:16 La spagnola Mavi Garcia quest\u2019anno, a 41 anni, ha vissuto la sua stagione&hellip;\n","protected":false},"author":3,"featured_media":163189,"comment_status":"","ping_status":"","sticky":false,"template":"","format":"standard","meta":{"footnotes":""},"categories":[1456],"tags":[1824,1825,1537,90,89,15158,245,244,8930,8931],"class_list":{"0":"post-163188","1":"post","2":"type-post","3":"status-publish","4":"format-standard","5":"has-post-thumbnail","7":"category-ciclismo","8":"tag-ciclismo","9":"tag-cycling","10":"tag-it","11":"tag-italia","12":"tag-italy","13":"tag-mavi-garcia","14":"tag-sport","15":"tag-sports","16":"tag-tour-de-france-femmes","17":"tag-uae-team-adq"},"share_on_mastodon":{"url":"","error":""},"_links":{"self":[{"href":"https:\/\/www.europesays.com\/it\/wp-json\/wp\/v2\/posts\/163188","targetHints":{"allow":["GET"]}}],"collection":[{"href":"https:\/\/www.europesays.com\/it\/wp-json\/wp\/v2\/posts"}],"about":[{"href":"https:\/\/www.europesays.com\/it\/wp-json\/wp\/v2\/types\/post"}],"author":[{"embeddable":true,"href":"https:\/\/www.europesays.com\/it\/wp-json\/wp\/v2\/users\/3"}],"replies":[{"embeddable":true,"href":"https:\/\/www.europesays.com\/it\/wp-json\/wp\/v2\/comments?post=163188"}],"version-history":[{"count":0,"href":"https:\/\/www.europesays.com\/it\/wp-json\/wp\/v2\/posts\/163188\/revisions"}],"wp:featuredmedia":[{"embeddable":true,"href":"https:\/\/www.europesays.com\/it\/wp-json\/wp\/v2\/media\/163189"}],"wp:attachment":[{"href":"https:\/\/www.europesays.com\/it\/wp-json\/wp\/v2\/media?parent=163188"}],"wp:term":[{"taxonomy":"category","embeddable":true,"href":"https:\/\/www.europesays.com\/it\/wp-json\/wp\/v2\/categories?post=163188"},{"taxonomy":"post_tag","embeddable":true,"href":"https:\/\/www.europesays.com\/it\/wp-json\/wp\/v2\/tags?post=163188"}],"curies":[{"name":"wp","href":"https:\/\/api.w.org\/{rel}","templated":true}]}}