{"id":163190,"date":"2025-10-13T21:29:12","date_gmt":"2025-10-13T21:29:12","guid":{"rendered":"https:\/\/www.europesays.com\/it\/163190\/"},"modified":"2025-10-13T21:29:12","modified_gmt":"2025-10-13T21:29:12","slug":"mazzata-per-bagnaia-lannuncio-di-dalligna-e-un-ko-definitivo-ce-di-mezzo-di-nuovo-marquez","status":"publish","type":"post","link":"https:\/\/www.europesays.com\/it\/163190\/","title":{"rendered":"Mazzata per Bagnaia, l&#8217;annuncio di Dall&#8217;Igna \u00e8 un ko definitivo: c&#8217;\u00e8 di mezzo di nuovo Marquez"},"content":{"rendered":"<p> Tempo di lettura:   2 minuti<\/p>\n<p><strong>La stagione vissuta da Pecco Bagnaia \u00e8 stata durissima, e per il prossimo futuro, stando alle parole di Luigi Dall\u2019Igna, non ci sono migliori prospettive. Per il tre volte iridato si fa molto dura.<\/strong><\/p>\n<p>Con grande anticipo rispetto al termine del campionato, <strong>Marc Marquez <\/strong>si \u00e8 laureato campione del mondo per la nona volta, e verrebbe da dire che lo ha fatto appena in tempo. Una settimana dopo il trionfo di Motegi, <strong>Marc \u00e8 stato coinvolto in un terribile incidente con Marco Bezzecchi<\/strong>, che lo ha di fatto tamponato al primo giro in quel di Mandalika a seguito di un errore di valutazione.<\/p>\n<p> <img fetchpriority=\"high\" decoding=\"async\" class=\"wp-image-340823 size-full lazyload\" alt=\"Bagnaia arriva un'altra mazzata\" width=\"1200\" height=\"800\" src=\"https:\/\/www.europesays.com\/it\/wp-content\/uploads\/2025\/10\/Bagnaia-13-10-2025-Reportmotori.it_.jpg\"  data- data-eio-rwidth=\"1200\" data-eio-rheight=\"800\"\/><\/p>\n<p>Bagnaia in azione (ANSA) \u2013 Reportmotori.it <\/p>\n<p>Il nove volte iridato non verr\u00e0 operato, ma per evitare rischi e recuperare al meglio, salter\u00e0 sicuramente le prossime due tappe, quelle di Phillip Island e di Sepang, dal momento che ormai ci\u00f2 che doveva essere fatto \u00e8 stato fatto in chiave campionato.<strong> Pecco Bagnaia dovr\u00e0 difendersi da Bezzecchi nella lotta per il terzo posto iridato<\/strong>, e spetter\u00e0 a lui tenere alto l\u2019onore della <strong>Ducati <\/strong>tra Australia e Malesia, dove il nativo di Cervera non ci sar\u00e0.<\/p>\n<p> Bagnaia, Dall\u2019Igna prevede altre vittorie per Marquez <\/p>\n<p>Intervistato da \u201cAS\u201c, <strong>Luigi Dall\u2019Igna <\/strong>ha elogiato il temperamento di <strong>Marc Marquez<\/strong>: \u201cMarc \u00e8 uno dei piloti pi\u00f9 forti della storia del motociclismo, ho sempre voluto averlo tra i miei piloti, e gi\u00e0 lo scorso anno, viste le differenze tra la Ducati 2023 e quella 2024, si era visto ci\u00f2 che era in grado di fare. Quello che conta di un pilota non \u00e8 solo la velocit\u00e0 e la qualit\u00e0, ma anche le motivazioni, la determinazione, la lucidit\u00e0 che usa nelle decisione che prende. Per venire qui ha rinunciato a molte cose, e questo dimostra quanto volesse raggiungere questo suo obiettivo\u201c.<\/p>\n<p> <img loading=\"lazy\" decoding=\"async\" class=\"wp-image-340824 size-full lazyload\" alt=\"Marc Marquez Dall'Igna prevede altre vittorie\" width=\"740\" height=\"493\" src=\"https:\/\/www.europesays.com\/it\/wp-content\/uploads\/2025\/10\/Marc-Marquez-13-10-2025-Reportmotori.it_.jpg\"  data- data-eio-rwidth=\"740\" data-eio-rheight=\"493\"\/><\/p>\n<p>Marc Marquez in azione a Mandalika (ANSA) \u2013 Reportmotori.it <\/p>\n<p>Marquez \u00e8 stato talmente forte da mettere in seria difficolt\u00e0 <strong>Pecco Bagnaia <\/strong>anche da un punto di vista mentale: \u201cNon ci sono dubbi sul fatto che Marc sia un compagno di squadra molto difficile da affrontare, non solo perch\u00e9 faccia qualcosa di specifico per mettere in difficolt\u00e0 coloro che hanno la sua stessa moto, ma perch\u00e9 \u00e8 semplicemente molto forte con quella moto. Con il modello attuale non ha rivali, prevedere ci\u00f2 che succeder\u00e0 in futuro \u00e8 molto difficile, perch\u00e9 comunque i piloti che ha al suo fianco sono molto forti. Credo per\u00f2 che <strong>Marc abbia davanti a s\u00e9 tanti anni per aumentare ancor di pi\u00f9 il proprio palmar\u00e8s<\/strong> e tutti dovranno fare i conti con lui\u201c.<\/p>\n<p> <a href=\"https:\/\/www.reportmotori.it\/author\/giovanni-messi\/\" class=\"url\" title=\"Giovanni Messi\" rel=\"nofollow noopener\" target=\"_blank\"> <img loading=\"lazy\" alt=\"Giovanni Messi\" class=\"avatar avatar-250 photo lazyload\" height=\"250\" width=\"250\" src=\"https:\/\/www.europesays.com\/it\/wp-content\/uploads\/2025\/10\/1760390952_243_f780012704bae8fd23e06133ec0e9e79c14a7167287f3730b65dc13971b8b970\" decoding=\"async\"  data-eio-rwidth=\"250\" data-eio-rheight=\"250\"\/><\/p>\n<p><\/a> <\/p>\n<p>Giornalista pubblicista. Amante del motorsport e della scrittura, passioni che ho coniugato facendone il lavoro che amo. Non fermatevi mai davanti a nulla.<\/p>\n<p> <a href=\"https:\/\/www.reportmotori.it\/author\/giovanni-messi\/\" class=\"url\" title=\"Giovanni Messi\" rel=\"nofollow noopener\" target=\"_blank\"><img loading=\"lazy\" alt=\"Giovanni Messi\" class=\"avatar avatar-250 photo lazyload\" height=\"250\" width=\"250\" src=\"https:\/\/www.europesays.com\/it\/wp-content\/uploads\/2025\/10\/1760390952_243_f780012704bae8fd23e06133ec0e9e79c14a7167287f3730b65dc13971b8b970\" decoding=\"async\"  data-eio-rwidth=\"250\" data-eio-rheight=\"250\"\/><\/p>\n<p><\/a>   <\/p>\n","protected":false},"excerpt":{"rendered":"Tempo di lettura: 2 minuti La stagione vissuta da Pecco Bagnaia \u00e8 stata durissima, e per il prossimo&hellip;\n","protected":false},"author":3,"featured_media":163191,"comment_status":"","ping_status":"","sticky":false,"template":"","format":"standard","meta":{"footnotes":""},"categories":[1455],"tags":[1537,90,89,1783,1784,245,244],"class_list":{"0":"post-163190","1":"post","2":"type-post","3":"status-publish","4":"format-standard","5":"has-post-thumbnail","7":"category-moto","8":"tag-it","9":"tag-italia","10":"tag-italy","11":"tag-moto","12":"tag-motorcycle","13":"tag-sport","14":"tag-sports"},"share_on_mastodon":{"url":"","error":""},"_links":{"self":[{"href":"https:\/\/www.europesays.com\/it\/wp-json\/wp\/v2\/posts\/163190","targetHints":{"allow":["GET"]}}],"collection":[{"href":"https:\/\/www.europesays.com\/it\/wp-json\/wp\/v2\/posts"}],"about":[{"href":"https:\/\/www.europesays.com\/it\/wp-json\/wp\/v2\/types\/post"}],"author":[{"embeddable":true,"href":"https:\/\/www.europesays.com\/it\/wp-json\/wp\/v2\/users\/3"}],"replies":[{"embeddable":true,"href":"https:\/\/www.europesays.com\/it\/wp-json\/wp\/v2\/comments?post=163190"}],"version-history":[{"count":0,"href":"https:\/\/www.europesays.com\/it\/wp-json\/wp\/v2\/posts\/163190\/revisions"}],"wp:featuredmedia":[{"embeddable":true,"href":"https:\/\/www.europesays.com\/it\/wp-json\/wp\/v2\/media\/163191"}],"wp:attachment":[{"href":"https:\/\/www.europesays.com\/it\/wp-json\/wp\/v2\/media?parent=163190"}],"wp:term":[{"taxonomy":"category","embeddable":true,"href":"https:\/\/www.europesays.com\/it\/wp-json\/wp\/v2\/categories?post=163190"},{"taxonomy":"post_tag","embeddable":true,"href":"https:\/\/www.europesays.com\/it\/wp-json\/wp\/v2\/tags?post=163190"}],"curies":[{"name":"wp","href":"https:\/\/api.w.org\/{rel}","templated":true}]}}