{"id":163298,"date":"2025-10-13T22:52:15","date_gmt":"2025-10-13T22:52:15","guid":{"rendered":"https:\/\/www.europesays.com\/it\/163298\/"},"modified":"2025-10-13T22:52:15","modified_gmt":"2025-10-13T22:52:15","slug":"xds-astana-nicolas-vinokurov-rinnova-per-due-anni","status":"publish","type":"post","link":"https:\/\/www.europesays.com\/it\/163298\/","title":{"rendered":"XDS ASTANA. NICOLAS VINOKUROV RINNOVA PER DUE ANNI"},"content":{"rendered":"<p>            <a class=\"category\" href=\"https:\/\/www.tuttobiciweb.it\/articles\/category\/NEWS\" itemprop=\"about\" rel=\"nofollow noopener\" target=\"_blank\">NEWS<\/a> | 13\/10\/2025 | 14:54<br \/>\n            <a class=\"author\" href=\"https:\/\/www.tuttobiciweb.it\/articles\/author\/Luca%20Galimberti\" rel=\"nofollow noopener\" target=\"_blank\">di Luca Galimberti<\/a><\/p>\n<p>Dopo essere stato protagonista al recente Tour de Langkawi &#8211;\u00a0 che ha concluso piazzandosi quarto nella classifica generale &#8211; <strong>Nicolas Vinokurov ha firmato un prolungamento di contratto con la XDS Astana<\/strong> fino alla fine della stagione 2027.\u00a0 Ventitr\u00e9 anni compiuti lo scorso 7 luglio, l\u2019atleta kazako in questa stagione si \u00e8 messo in luce vincendo la classifica degli scalatori al Giro d\u2019Austria e andando spesso in fuga nel corso della Vuelta Espana.\n            <\/p>\n<p>Campione asiatico della cronometro U23 nella scorsa stagione e campione nazionale nella stessa specialit\u00e0 nel 2023, Nicolas quest\u2019anno ha sfiorato il podio nel campionato nazionale elite su strada vinto da Yevgeniy Fedorov.\n            <\/p>\n<p>\u00abNei prossimi due anni, il mio obiettivo principale \u00e8 iniziare a vincere delle corse. Credo in me stesso e nelle mie capacit\u00e0, e sono fiducioso di poter ottenere vittorie a livello professionistico, \u00e8 questo il mio principale obiettivo per il futuro. Ho appena concluso la mia stagione al Tour de Kyushu in Giappone ma sto gi\u00e0 pensando a quella che verr\u00e0\u00bb. ha dichiarato Nicolas Vinokurov, che il prossimo anno sar\u00e0 l&#8217;unico Vinokurov in gruppo:<a href=\"https:\/\/www.tuttobiciweb.it\/article\/2025\/10\/10\/1760082131\/ciclismo-ritiro-vinokourov\" target=\"_blank\" rel=\"noopener nofollow\"> il gemello\u00a0Alexandre Vinokurov, infatti, ha annunciato il ritiro dall&#8217;attivit\u00e0 agonistica.\u00a0<\/a><\/p>\n<p>\n    <a href=\"https:\/\/www.tuttobiciweb.it\/article\/2025\/10\/13\/1760360845\/cycling-astana-nicolas-vinokurov-contract-extension?lang=en\" rel=\"nofollow noopener\" target=\"_blank\"><img decoding=\"async\" src=\"https:\/\/www.europesays.com\/it\/wp-content\/uploads\/2025\/07\/enver.png\"\/><\/a><\/p>\n<p>Copyright &amp;copy TBW<\/p>\n","protected":false},"excerpt":{"rendered":"NEWS | 13\/10\/2025 | 14:54 di Luca Galimberti Dopo essere stato protagonista al recente Tour de Langkawi &#8211;\u00a0&hellip;\n","protected":false},"author":3,"featured_media":163299,"comment_status":"","ping_status":"","sticky":false,"template":"","format":"standard","meta":{"footnotes":""},"categories":[1456],"tags":[62095,1824,6693,1825,1537,90,89,100558,245,244],"class_list":{"0":"post-163298","1":"post","2":"type-post","3":"status-publish","4":"format-standard","5":"has-post-thumbnail","7":"category-ciclismo","8":"tag-astana","9":"tag-ciclismo","10":"tag-contratto","11":"tag-cycling","12":"tag-it","13":"tag-italia","14":"tag-italy","15":"tag-nicolas-vinokurov","16":"tag-sport","17":"tag-sports"},"share_on_mastodon":{"url":"","error":""},"_links":{"self":[{"href":"https:\/\/www.europesays.com\/it\/wp-json\/wp\/v2\/posts\/163298","targetHints":{"allow":["GET"]}}],"collection":[{"href":"https:\/\/www.europesays.com\/it\/wp-json\/wp\/v2\/posts"}],"about":[{"href":"https:\/\/www.europesays.com\/it\/wp-json\/wp\/v2\/types\/post"}],"author":[{"embeddable":true,"href":"https:\/\/www.europesays.com\/it\/wp-json\/wp\/v2\/users\/3"}],"replies":[{"embeddable":true,"href":"https:\/\/www.europesays.com\/it\/wp-json\/wp\/v2\/comments?post=163298"}],"version-history":[{"count":0,"href":"https:\/\/www.europesays.com\/it\/wp-json\/wp\/v2\/posts\/163298\/revisions"}],"wp:featuredmedia":[{"embeddable":true,"href":"https:\/\/www.europesays.com\/it\/wp-json\/wp\/v2\/media\/163299"}],"wp:attachment":[{"href":"https:\/\/www.europesays.com\/it\/wp-json\/wp\/v2\/media?parent=163298"}],"wp:term":[{"taxonomy":"category","embeddable":true,"href":"https:\/\/www.europesays.com\/it\/wp-json\/wp\/v2\/categories?post=163298"},{"taxonomy":"post_tag","embeddable":true,"href":"https:\/\/www.europesays.com\/it\/wp-json\/wp\/v2\/tags?post=163298"}],"curies":[{"name":"wp","href":"https:\/\/api.w.org\/{rel}","templated":true}]}}