{"id":163809,"date":"2025-10-14T07:32:09","date_gmt":"2025-10-14T07:32:09","guid":{"rendered":"https:\/\/www.europesays.com\/it\/163809\/"},"modified":"2025-10-14T07:32:09","modified_gmt":"2025-10-14T07:32:09","slug":"rosalba-de-santis-lancia-il-bestseller-corpo-in-armonia-cultura","status":"publish","type":"post","link":"https:\/\/www.europesays.com\/it\/163809\/","title":{"rendered":"Rosalba De Santis lancia il Bestseller \u201cCorpo In Armonia\u201d &#8211; Cultura"},"content":{"rendered":"<p>Press Release &#8211; Comunicato Stampa Responsabile del contenuto editoriale<br \/>\n                        Bruno Editore\n                      <\/p>\n<p>Milano, 14.10.2025 \u2013 Ognuno di noi vorrebbe vivere una vita al massimo delle proprie energie e possibilit\u00e0. Peccato che non sia sempre possibile: la quotidianit\u00e0, infatti, spesso influenza la nostra vitalit\u00e0 con il rischio di perdere di vista la parte pi\u00f9 intima di noi stessi. Fortunatamente, per\u00f2, una soluzione esiste.<\/p>\n<p>Per tutti coloro che desiderano raggiungere uno stato psicofisico ideale ma non sanno come fare, esce oggi il libro di <strong>Rosalba De Santis <\/strong> \u201cCORPO IN ARMONIA. Come Ritrovare Energia E Trasformare La Tua Vita Con Consapevolezza, Grazie Al Biohacking, Alla Postura E Al Movimento\u201d (Bruno Editore). Al suo interno, l\u2019autrice condivide con i propri lettori strumenti pratici e innovativi per tornare a stare bene con s\u00e9 stessi e gli altri imparando a conoscere il proprio corpo.<\/p>\n<p>\u201cHo scritto questo libro per aiutare le persone a ritrovare energia, equilibrio e fiducia in s\u00e9 stessi\u201d afferma <strong>Rosalba De Santis, <\/strong> autrice del libro. \u201c\u00c8 un manuale nato dal cuore, dal desiderio di accompagnare chi vuole tornare a sentirsi bene nel proprio corpo pur non sapendo da dove iniziare\u201d.<\/p>\n<p>Secondo l\u2019autrice, in ottica di benessere personale, \u00e8 fondamentale, per prima cosa, fermarsi e respirare. Imparare ad ascoltare il proprio corpo \u00e8 quindi il primo passo da fare in quanto, anche solo un esercizio fatto con presenza, pu\u00f2 innescare un percorso di cambiamento nel lungo periodo.<\/p>\n<p>\u201cIl libro di <strong>Rosalba De Santis <\/strong> \u00e8 un viaggio pratico e profondo verso il benessere. Parla di come postura, movimento consapevole e biohacking possano davvero trasformare la vita di ciascuno di noi\u201d incalza\u00a0<strong>Giacomo Bruno, <\/strong> editore del libro. \u201cStiamo parlando di un metodo che unisce scienza ed emozione, con storie vere e strumenti semplici per riconnettersi con s\u00e9 stessi, passo dopo passo\u201d.<\/p>\n<p>\u201cHo deciso di affidarmi a <strong>Bruno Editore <\/strong> perch\u00e9 ho subito riscontrato in questa casa editrice una visione comune: dare valore alle esperienze vere, quelle che possono davvero fare la differenza\u201d conclude l\u2019autrice. \u201c <strong> Giacomo Bruno <\/strong> e il suo team mi hanno accolta con professionalit\u00e0 e umanit\u00e0, credendo nel mio messaggio e aiutandomi a condividerlo nel modo giusto\u201d.<\/p>\n<p>Il libro \u00e8 disponibile su Amazon a questo indirizzo: <a href=\"https:\/\/amzn.to\/3K9FPQ9\" rel=\"nofollow noopener\" target=\"_blank\"> https:\/\/amzn.to\/3K9FPQ9 <\/a>\n<\/p>\n<p>\n<strong>Rosalba De Santis <\/strong> \u00e8 fisioterapista, posturologa ed esperta di biohacking applicato al benessere e alla vitalit\u00e0. Con oltre vent\u2019anni di esperienza nel settore della riabilitazione e della salute integrata, ha dedicato la sua vita allo studio del movimento consapevole e delle strategie naturali per ottimizzare l\u2019energia del corpo. Crede che il vero benessere nasca dall\u2019armonia tra mente, postura e movimento, e che ogni persona abbia dentro di s\u00e9 la forza per trasformare la propria vita. Per info: <a href=\"http:\/\/www.viviinarmonia.it\/\" rel=\"nofollow noopener\" target=\"_blank\"> http:\/\/www.viviinarmonia.it <\/a>\n<\/p>\n<p>\n<strong>Giacomo Bruno <\/strong> , nato a Roma, classe 1977, ingegnere elettronico, \u00e8 stato nominato dalla stampa \u201cil pap\u00e0 degli ebook\u201d per aver portato gli ebook in Italia nel 2002 con la <strong> Bruno Editore <\/strong> , 9 anni prima di Amazon e degli altri editori. \u00c8 Autore di 35 Bestseller sulla crescita personale e Editore di oltre 1.100 libri sui temi dello sviluppo personale e professionale, che hanno aiutato oltre 2.500.000 italiani. \u00c8 considerato il pi\u00f9 esperto di Intelligenza Artificiale applicata all\u2019Editoria ed \u00e8 il pi\u00f9 noto \u201cbook influencer\u201d italiano perch\u00e9 ogni libro da lui promosso o pubblicato diventa in poche ore Bestseller n.1 su Amazon. \u00c8 seguito dalle TV, dai TG e dalla stampa nazionale. Aiuta Imprenditori e Professionisti a costruire Autorevolezza, Visibilit\u00e0 e Fatturato scrivendo un Libro con la propria Storia Professionale. Info su: <a href=\"http:\/\/www.brunoeditore.it\/\" rel=\"nofollow noopener\" target=\"_blank\"> https:\/\/www.brunoeditore.it <\/a>\n<\/p>\n<p>\u00a0<\/p>\n<p>Press Release &#8211; Comunicato Stampa Responsabile del contenuto editoriale<br \/>\n                        Bruno Editore\n                      <\/p>\n","protected":false},"excerpt":{"rendered":"Press Release &#8211; Comunicato Stampa Responsabile del contenuto editoriale Bruno Editore Milano, 14.10.2025 \u2013 Ognuno di noi vorrebbe&hellip;\n","protected":false},"author":3,"featured_media":163810,"comment_status":"","ping_status":"","sticky":false,"template":"","format":"standard","meta":{"footnotes":""},"categories":[1445],"tags":[1608,203,204,1537,90,89,1609],"class_list":{"0":"post-163809","1":"post","2":"type-post","3":"status-publish","4":"format-standard","5":"has-post-thumbnail","7":"category-libri","8":"tag-books","9":"tag-entertainment","10":"tag-intrattenimento","11":"tag-it","12":"tag-italia","13":"tag-italy","14":"tag-libri"},"share_on_mastodon":{"url":"","error":""},"_links":{"self":[{"href":"https:\/\/www.europesays.com\/it\/wp-json\/wp\/v2\/posts\/163809","targetHints":{"allow":["GET"]}}],"collection":[{"href":"https:\/\/www.europesays.com\/it\/wp-json\/wp\/v2\/posts"}],"about":[{"href":"https:\/\/www.europesays.com\/it\/wp-json\/wp\/v2\/types\/post"}],"author":[{"embeddable":true,"href":"https:\/\/www.europesays.com\/it\/wp-json\/wp\/v2\/users\/3"}],"replies":[{"embeddable":true,"href":"https:\/\/www.europesays.com\/it\/wp-json\/wp\/v2\/comments?post=163809"}],"version-history":[{"count":0,"href":"https:\/\/www.europesays.com\/it\/wp-json\/wp\/v2\/posts\/163809\/revisions"}],"wp:featuredmedia":[{"embeddable":true,"href":"https:\/\/www.europesays.com\/it\/wp-json\/wp\/v2\/media\/163810"}],"wp:attachment":[{"href":"https:\/\/www.europesays.com\/it\/wp-json\/wp\/v2\/media?parent=163809"}],"wp:term":[{"taxonomy":"category","embeddable":true,"href":"https:\/\/www.europesays.com\/it\/wp-json\/wp\/v2\/categories?post=163809"},{"taxonomy":"post_tag","embeddable":true,"href":"https:\/\/www.europesays.com\/it\/wp-json\/wp\/v2\/tags?post=163809"}],"curies":[{"name":"wp","href":"https:\/\/api.w.org\/{rel}","templated":true}]}}