{"id":163990,"date":"2025-10-14T09:48:18","date_gmt":"2025-10-14T09:48:18","guid":{"rendered":"https:\/\/www.europesays.com\/it\/163990\/"},"modified":"2025-10-14T09:48:18","modified_gmt":"2025-10-14T09:48:18","slug":"grande-fratello-2025-chi-e-giulio-primo-eliminato-reazioni","status":"publish","type":"post","link":"https:\/\/www.europesays.com\/it\/163990\/","title":{"rendered":"Grande Fratello 2025: chi \u00e8 Giulio, primo eliminato. Reazioni"},"content":{"rendered":"<p>                              <img decoding=\"async\" src=\"https:\/\/www.europesays.com\/it\/wp-content\/uploads\/2025\/10\/grande-fratello-giulio-carotenuto.jpg\" loading=\"lazy\" alt=\"grande fratello\" width=\"1280\" height=\"800\"\/><\/p>\n<p class=\"img-caption\"> Giulio Carotenuto (29 anni, di Torre Annunziata) \u00e8 il primo eliminato tra i concorrenti del Grande Fratello 2025. Foto per gentile concessione dell&#8217;ufficio stampa Mediaset<\/p>\n<p>\n                              <strong>IL GRANDE FRATELLO 2025<\/strong> \u00e8 entrato nel vivo con una <a href=\"https:\/\/style.corriere.it\/spettacoli\/tv\/grande-fratello-2025-puntata-13-ottobre-news-concorrenti-anticipazioni-diretta\/\" data-wpel-link=\"internal\" rel=\"nofollow noopener\" target=\"_blank\">terza puntata<\/a>, quella di luned\u00ec 13 ottobre, che ha sentenziato il primo eliminato dal pubblico. <strong>La puntata \u00e8 iniziata alle 22 per terminare quasi all&#8217;alba<\/strong>. Il ritardo \u00e8 stato dovuto allo sforamento della Ruota della fortuna di Gerry Scotti. <a href=\"https:\/\/style.corriere.it\/spettacoli\/tv\/grande-fratello-2025-flop-ascolti-strategia-mediaset\/\" data-wpel-link=\"internal\" rel=\"nofollow noopener\" target=\"_blank\">Che dai dati s&#8217;ascolto \u00e8 premiato, al contrario del reality<\/a>&#8230;\n                          <\/p>\n<p>                          Grande Fratello 2025: le percentuali del primo Televoto, Giulio eliminato<\/p>\n<p>\n                              <strong>Una puntata ricca, nel bene e nel male,<\/strong> \u00e8 il commento social pi\u00f9 inflazionato. Il momento clou \u00e8 stato l&#8217;annuncio del risultato del primo Televoto. <strong>In nomination c&#8217;erano Giulio, Omer e Matteo.<\/strong> Il primo \u00e8 stato bocciato e quindi eliminato. Gli altri due sono salvi e ancora in gioco nella Casa. Questi i risultati finali del Televoto Chi vuoi salvare?<\/p>\n<ul>\n<li>Giulio 19%<\/li>\n<li>Matteo 34%<\/li>\n<li>Omer 47%<\/li>\n<\/ul>\n<p>Chi \u00e8 Giulio, il primo concorrente eliminato del Grande Fratello 2025: la sua scheda ufficiale<\/p>\n<p>\n                              <strong>29 anni, di Torre Annunziata, nella vita fa l&#8217;odontoiatra.<\/strong> Cresciuto in una famiglia di medici, cinque anni, durante un viaggio a Zanzibar, ha soccorso una ragazza affetta da una grave malattia. Per il male alla bocca, non mangiava pi\u00f9. \u00abHo deciso di operarla e quell&#8217;intervento le ha salvato la vita\u00bb, dice Giulio nel ritratto ufficiale. \u00abIn quel momento <strong>ho deciso che avrei donato parte della mia vita ad aiutare gli altri<\/strong>\u00bb: regalare splendidi sorrisi, non solo in senso estetico, \u00e8 diventata la sua missione. <strong>Solare e sempre sorridente, Giulio si definisce un intrattenitore<\/strong>. Tra le sue passioni ci sono il canto e la cucina. Single, si definisce un attento corteggiatore.\u00abSono un galantuomo\u00bb, svela ammettendo di adorare il flirt. Desideroso di portare la propria verve e simpatia, Giulio non teme le sfide e spera di potersi a mettere a nudo all&#8217;interno della Casa.\n                          <\/p>\n<blockquote class=\"instagram-media\" data-instgrm-version=\"7\" style=\"background:#FFF;border:0;border-radius:3px;box-shadow:0 0 1px 0 rgba(0,0,0,0.5),0 1px 10px 0 rgba(0,0,0,0.15);margin:1px;max-width:540px;min-width:326px;padding:0;width:99.375%;width:-webkit-calc(100% - 2px);width:calc(100% - 2px)\"><p>\n                          <a href=\"https:\/\/www.instagram.com\/p\/DPxExZrDGKo\/?utm_source=ig_web_copy_link&amp;igsh=MzRlODBiNWFlZA==\" rel=\"nofollow noopener\" target=\"_blank\">\n                        <\/p><\/blockquote>\n<p>                          I social in rivolta: doveva uscire Matteo<\/p>\n<p>\n                              In realt\u00e0 in pochi l&#8217;avevano previsto. <strong>L&#8217;odontoiatra napoletano era riuscito a costruirsi la sua fan base<\/strong>, sia tra i coinquilini che sui social. I commenti sono al vetriolo. Tra chi scrive: &#8220;A me Giulio non \u00e8 mai piaciuto pi\u00f9 di tanto, ma dai obiettivamente tra i tre \u00e8 quello che <strong>pi\u00f9 meritava di rimanere dentro<\/strong>. Questo Grande Fratello ci sta mettendo tutti i mezzi per fallire e se lo meriterebbe. Non sta andando nulla come dovrebbe. 0% di share sicuro&#8221;. Altri commenti: &#8220;Dopo stasera \u00e8 palese che questo programma avr\u00e0 una chiusura anticipata&#8221;. &#8220;Ma andate a quel paese, non doveva uscire Giulio, ma Matteo&#8221;.\n                          <\/p>\n<p>\n                              Qualcuno \u00e8 ovviamente invece felice della sentenza: &#8220;<strong>Giulio, adios. Non eri pi\u00f9 utile manco alle dinamiche,<\/strong> che si stanno smuovendo anche senza te&#8221;. &#8220;Io comunque prima di metterlo fuori avrei fatto blocco dentista vs Omer. E in ogni caso era pi\u00f9 indicata l&#8217;uscita del pugile. Abbiamo perso dinamiche&#8221;.\n                          <\/p>\n<p>\n                              Giulio esce lasciando dietro di s\u00e9 relazioni e reazioni contrastanti anche tra gli altri inquilini e gli opinionisti. Definito &#8220;para..lo&#8221;. O calcolatore. <strong>&#8220;Diviso&#8221; tra Rasha e Benedetta,<\/strong> con la prima che lo accusava di un&#8217;eccessiva vicinanza fisica alla seconda.\n                          <\/p>\n<p>                              <img decoding=\"async\" src=\"https:\/\/www.europesays.com\/it\/wp-content\/uploads\/2025\/10\/SIMONA-VENTURA_02-scaled.jpg\" loading=\"lazy\" alt=\"simona ventura\" width=\"2560\" height=\"1706\"\/><\/p>\n<p class=\"img-caption\"> La conduttrice. Foto per gentile concessione ufficio stampa Mediaset<\/p>\n<p>                          Lo scivolone di Simona ventura che annuncia la pace e non lascia parlare la concorrente palestinese<\/p>\n<p>\n                              Il secondo momento clou della serata ha riguardato Simona Ventura. Che ha comunicato ai concorrenti reclusi nella Casa la notizia del giorno, ovvero quella del <a href=\"https:\/\/style.corriere.it\/video\/liberazione-degli-ostaggi-gaza-la-leader-anti-netanyahu-einav-zangauker-abbraccia-il-figlio-matan\/\" data-wpel-link=\"internal\" rel=\"nofollow noopener\" target=\"_blank\">rilascio degli ostaggi israeliani da parte di Hamas e l&#8217;annuncio della pace<\/a>. E le sue parole erano dirette soprattutto a Rasha Younes, la concorrente di origine palestinese. \u00abRagazzi ho una notizia importantissima per voi. <strong>Oggi 13 ottobre 2025 siamo stati testimoni di un grande evento, che verr\u00e0 ricordato nei libri di storia.<\/strong> \u00c8 stato sancito un accordo di pace tra Israele e Hamas e la guerra \u00e8 finita. Questa mattina Hamas ha iniziato i rilascio degli ultimi ostaggi israeliani e anche Israele ha liberato gli ultimi prigionieri palestinesi. <strong>La guerra in Palestina \u00e8 finita, tutto merito di Trump. Adesso tutti possono tornare a casa.<\/strong> Quel che \u00e8 stato \u00e8 stato, dobbiamo spegnere il fuoco che c\u2019\u00e8 da tempo in Medio Oriente. <strong>Rasha il popolo palestinese sta tornano a casa.<\/strong> Gli aiuti umanitari stanno arrivando. Questo \u00e8 un giorno straordinario per chi come noi ha sempre desiderato la pace\u00bb.\n                          <\/p>\n<p>\n                              Qualcuno per\u00f2 ha fatto notare la &#8220;censura&#8221; sulla risposta della concorrente: \u00abNotizia stupenda, per\u00f2 quante persone e quanti bambini sono morti?\u00bb. Parole su cui la conduttrice ha glissato&#8230; Questo il commento, post, di Rasha: &#8220;<strong>Quando Ventura ha detto pace, volevo rispondere &#8216;Ma quale pace?!&#8217;.<\/strong> Gli hanno tolto la terra, li hanno ammazzati tutti&#8230; Non me la sono sentita di fare la parte di quella emozionata e felice, sarebbe stato proprio falso. Ridate a quei bambini i pap\u00e0 e le mamme che gli avete ucciso, va!\u201d.\n                          <\/p>\n<p>                              <img decoding=\"async\" src=\"https:\/\/www.europesays.com\/it\/wp-content\/uploads\/2025\/10\/FAB_5879-scaled.jpg\" loading=\"lazy\" alt=\"grande fratello 2025\" width=\"1709\" height=\"2560\"\/><\/p>\n<p class=\"img-caption\"> le lacrime di rasha, la concorrente di origine palestinese. Foto per gentile concessione dell&#8217;ufficio stampa Endemol Shine Italy<\/p>\n<p>                          Le pagelle della terza diretta del Grande Fratello 2025: i voti di Corriere della Sera e QN<\/p>\n<p>\n                              Per quanto riguarda <a href=\"https:\/\/www.corriere.it\/spettacoli\/25_ottobre_14\/grande-fratello-le-pagelle-ventura-su-gaza-1-donatella-moglie-straccio-3-i-fuorionda-di-rasha-9-f5de63bb-2a4c-4810-89e9-37acb7616xlk.shtml\" target=\"_blank\" rel=\"noopener nofollow\" data-wpel-link=\"internal\">le pagelle, Il corriere della sera<\/a> d\u00e0 i seguenti voti:<\/p>\n<ul>\n<li>Donatella 3<\/li>\n<li>Valentina (compagna di Domenico): 7,5<\/li>\n<li>Simona Ventura: 3<\/li>\n<\/ul>\n<p>\u00a0<\/p>\n<p>\n                              <a href=\"https:\/\/www.quotidiano.net\/magazine\/spettacoli\/pagelle-grande-fratello-13-ottobre-w1nujva7\" target=\"_blank\" rel=\"noopener nofollow external\" data-wpel-link=\"external\">Quotidiano Nazionale<\/a> ai numeri preferisce le sentenze<\/p>\n<ul>\n<li>Simona Ventura: scivolone<\/li>\n<li>La rissa tra Omer e Jonas: Oh zio ti aspetto fuori<\/li>\n<li>Opinionisti: Finalmente<\/li>\n<li>Triangolo Domenico, Benedetta e Valentina: Mi sembra Temptation Island<\/li>\n<li>Francesco: Non ce la fai<\/li>\n<li>Giulia: Latte alle ginocchia<\/li>\n<li>Donatella: Luogo comune<\/li>\n<\/ul>\n<p>\u00a0<\/p>\n<blockquote class=\"instagram-media\" data-instgrm-version=\"7\" style=\"background:#FFF;border:0;border-radius:3px;box-shadow:0 0 1px 0 rgba(0,0,0,0.5),0 1px 10px 0 rgba(0,0,0,0.15);margin:1px;max-width:540px;min-width:326px;padding:0;width:99.375%;width:-webkit-calc(100% - 2px);width:calc(100% - 2px)\"><p>\n                          <a href=\"https:\/\/www.instagram.com\/p\/DPxKpihjJ1Q\/?utm_source=ig_web_copy_link&amp;igsh=MzRlODBiNWFlZA==\" rel=\"nofollow noopener\" target=\"_blank\">\n                        <\/p><\/blockquote>\n<p>                          Grande Fratello 2025, terza puntata: Le nuove nomination<\/p>\n<p>                              <a href=\"https:\/\/eventi.corriere.it\/style-magazine-visioni-visionari\/\" class=\"\" rel=\"nofollow noopener\" target=\"_blank\"><\/p>\n<p>                                  <img decoding=\"async\" src=\"https:\/\/www.europesays.com\/it\/wp-content\/uploads\/2025\/10\/StyleMagazine_Banner_Sito_640x165px_02aa.png\" loading=\"lazy\" alt=\"\" title=\"\" width=\"640\" height=\"165\"\/><\/p>\n<p>                              <\/a><\/p>\n<p>\n                              Da un Televoto all&#8217;altro, ecco i concorrenti in nomination della terza puntata del Grande Fratello 2025: <strong>Grazia, Francesca, Giulia e Bena<\/strong>. Benedetta e Domenico, al contrario, erano risultati i preferiti, quindi immuni. La domanda \u00e8: <strong>chi tra questi 4 si slaver\u00e0?<\/strong> Lo scopriremo nella <strong>prossima puntata in diretta del GF, luned\u00ec 20 ottobre.<\/strong>\n                          <\/p>\n<p>                <script async src=\"\/\/www.instagram.com\/embed.js\"><\/script><\/p>\n","protected":false},"excerpt":{"rendered":"Giulio Carotenuto (29 anni, di Torre Annunziata) \u00e8 il primo eliminato tra i concorrenti del Grande Fratello 2025.&hellip;\n","protected":false},"author":3,"featured_media":163991,"comment_status":"","ping_status":"","sticky":false,"template":"","format":"standard","meta":{"footnotes":""},"categories":[1444],"tags":[271,100966,100967,3825,40534,788,12387,100950,100968,100969,100970,80287,2715,8914,35219,100951,100952,2375,100971,100953,100972,100973,15298,4864,18909,5631,100954,27224,2597,100955,11942,100956,203,228,100957,100958,3688,10529,100959,100960,15258,91687,75,204,1537,90,89,114,44589,4509,93382,27554,893,402,468,785,8202,100739,100961,100962,100963,13287,18865,14149,1686,408,84141,3586,100964,100965,98540,253,409,6318,22946,16897,43614,6814],"class_list":{"0":"post-163990","1":"post","2":"type-post","3":"status-publish","4":"format-standard","5":"has-post-thumbnail","7":"category-tv","8":"tag-annuncia","9":"tag-annuncia-pace","10":"tag-annuncia-pace-lascia","11":"tag-annuncio","12":"tag-annunziata","13":"tag-bambini","14":"tag-benedetta","15":"tag-carotenuto","16":"tag-carotenuto-eliminato","17":"tag-carotenuto-eliminato-concorrente","18":"tag-censurata","19":"tag-clou","20":"tag-commenti","21":"tag-commento","22":"tag-concessione","23":"tag-concessione-ufficio","24":"tag-concessione-ufficio-stampa","25":"tag-concorrente","26":"tag-concorrente-censurata","27":"tag-concorrente-eliminato","28":"tag-concorrente-eliminato-fratello","29":"tag-concorrente-origine","30":"tag-concorrenti","31":"tag-corriere","32":"tag-corriere-sera","33":"tag-diretta","34":"tag-diretta-fratello","35":"tag-domenico","36":"tag-doveva","37":"tag-doveva-uscire","38":"tag-eliminato","39":"tag-eliminato-fratello","40":"tag-entertainment","41":"tag-foto","42":"tag-foto-gentile","43":"tag-foto-gentile-concessione","44":"tag-fratello","45":"tag-gentile","46":"tag-gentile-concessione","47":"tag-gentile-concessione-ufficio","48":"tag-giulio","49":"tag-giulio-carotenuto","50":"tag-hamas","51":"tag-intrattenimento","52":"tag-it","53":"tag-italia","54":"tag-italy","55":"tag-matteo","56":"tag-nomination","57":"tag-notizia","58":"tag-odontoiatra","59":"tag-omer","60":"tag-ottobre","61":"tag-pace","62":"tag-pagelle","63":"tag-palestinese","64":"tag-puntata","65":"tag-rasha","66":"tag-scivolone","67":"tag-scivolone-simona","68":"tag-scivolone-simona-ventura","69":"tag-sera","70":"tag-simona","71":"tag-simona-ventura","72":"tag-social","73":"tag-stampa","74":"tag-televoto","75":"tag-terza","76":"tag-terza-diretta","77":"tag-terza-diretta-fratello","78":"tag-terza-puntata","79":"tag-tv","80":"tag-ufficiale","81":"tag-ufficio","82":"tag-ufficio-stampa","83":"tag-uscire","84":"tag-ventura","85":"tag-voti"},"share_on_mastodon":{"url":"","error":""},"_links":{"self":[{"href":"https:\/\/www.europesays.com\/it\/wp-json\/wp\/v2\/posts\/163990","targetHints":{"allow":["GET"]}}],"collection":[{"href":"https:\/\/www.europesays.com\/it\/wp-json\/wp\/v2\/posts"}],"about":[{"href":"https:\/\/www.europesays.com\/it\/wp-json\/wp\/v2\/types\/post"}],"author":[{"embeddable":true,"href":"https:\/\/www.europesays.com\/it\/wp-json\/wp\/v2\/users\/3"}],"replies":[{"embeddable":true,"href":"https:\/\/www.europesays.com\/it\/wp-json\/wp\/v2\/comments?post=163990"}],"version-history":[{"count":0,"href":"https:\/\/www.europesays.com\/it\/wp-json\/wp\/v2\/posts\/163990\/revisions"}],"wp:featuredmedia":[{"embeddable":true,"href":"https:\/\/www.europesays.com\/it\/wp-json\/wp\/v2\/media\/163991"}],"wp:attachment":[{"href":"https:\/\/www.europesays.com\/it\/wp-json\/wp\/v2\/media?parent=163990"}],"wp:term":[{"taxonomy":"category","embeddable":true,"href":"https:\/\/www.europesays.com\/it\/wp-json\/wp\/v2\/categories?post=163990"},{"taxonomy":"post_tag","embeddable":true,"href":"https:\/\/www.europesays.com\/it\/wp-json\/wp\/v2\/tags?post=163990"}],"curies":[{"name":"wp","href":"https:\/\/api.w.org\/{rel}","templated":true}]}}