{"id":164410,"date":"2025-10-14T14:27:10","date_gmt":"2025-10-14T14:27:10","guid":{"rendered":"https:\/\/www.europesays.com\/it\/164410\/"},"modified":"2025-10-14T14:27:10","modified_gmt":"2025-10-14T14:27:10","slug":"lomicidio-di-paolo-taormina-allolivella-fissata-ludienza-di-convalida-del-fermo","status":"publish","type":"post","link":"https:\/\/www.europesays.com\/it\/164410\/","title":{"rendered":"L&#8217;omicidio di Paolo Taormina all&#8217;Olivella, fissata l&#8217;udienza di convalida del fermo"},"content":{"rendered":"<p>Si terr\u00e0 domani mattina (mercoled\u00ec 15 ottobre) alle 11 davanti al gip Claudio Emanuele Bencivinni l&#8217;udienza di convalida del fermo per Gaetano Marzano, il ventottenne che ha confessato di aver ucciso con un colpo di pistola Paolo Taormina, 21 anni, davanti al locale gestito dalla sua famiglia all&#8217;Olivella, intorno alle 3 di sabato scorso.<\/p>\n<p><a href=\"https:\/\/www.palermotoday.it\/dossier\/criminalita\/indagini-omicidio-paolo-taormina-retroscena-interrogatorio-gaetano-maranzano.html\" rel=\"nofollow noopener\" target=\"_blank\">I video, gli schiaffi e il mistero dell&#8217;arma: tutti i punti interrogativi dietro all&#8217;omicidio di Paolo Taormina<\/a><\/p>\n<p>L&#8217;indagato ha dato una sua versione dei fatti ai sostituti procuratori Maurizio Bonaccorso e Ornella Di Rienzo dopo essere stato bloccato poche ore dopo il delitto a Cruillas. Ha raccontato &#8211; ma \u00e8 una versione a cui la Procura non crede &#8211; di aver avuto un battibecco con Taormina dopo uno scontro che avrebbe coinvolto altre persone davanti al pub. &#8220;Mi ha umiliato davanti a tutti, se l&#8217;\u00e8 presa con me che non c&#8217;entravo niente, non ci ho visto pi\u00f9 e gli ho sparato&#8221;, questa in sintesi la sua confessione. Che non trova riscontro nelle immagini riprese dalle telecamere di sorveglianza.<\/p>\n<p><a href=\"https:\/\/www.palermotoday.it\/dossier\/criminalita\/sparatorie-omicidi-come-dove-trovare-arma.html\" rel=\"nofollow noopener\" target=\"_blank\">Risse, sparatorie e omicidi: migliaia di armi in circolazione a Palermo, ecco da dove arrivano<\/a><\/p>\n<p>Resta fumoso il movente, nel senso che Maranzano ha riferito di aver riconosciuto nella vittima la persona che alcuni mesi fa avrebbe mandato dei complimenti alla sua compagna sui social. Per i pm, per\u00f2, il gesto &#8211; integralmente ripreso dalle telecamere &#8211; avrebbe pi\u00f9 il sapore di un&#8217;esecuzione e di un&#8217;azione premeditata, anche se Maranzano ha spiegato di girare con la pistola per via delle &#8220;tante cose che si sentono&#8221;, cio\u00e8 del fatto che la citt\u00e0 sarebbe pericolosa.<\/p>\n<p>Durante l&#8217;udienza l&#8217;indagato potr\u00e0 fornire ulteriori spiegazioni, ma anche decidere di avvalersi della facolt\u00e0 di non rispondere. Il giudice decider\u00e0 poi se convalidare il fermo (cosa per cui \u00e8 necessario che sussista il pericolo di fuga) e applicare la custodia cautelare in carcere, come certamente chiederanno i pm.<\/p>\n","protected":false},"excerpt":{"rendered":"Si terr\u00e0 domani mattina (mercoled\u00ec 15 ottobre) alle 11 davanti al gip Claudio Emanuele Bencivinni l&#8217;udienza di convalida&hellip;\n","protected":false},"author":3,"featured_media":164411,"comment_status":"","ping_status":"","sticky":false,"template":"","format":"standard","meta":{"footnotes":""},"categories":[79],"tags":[14,93,94,486,1537,90,89,99113,7,15,11,84,91,12,85,92],"class_list":{"0":"post-164410","1":"post","2":"type-post","3":"status-publish","4":"format-standard","5":"has-post-thumbnail","7":"category-italia","8":"tag-cronaca","9":"tag-cronaca-italiana","10":"tag-cronacaitaliana","11":"tag-indagini","12":"tag-it","13":"tag-italia","14":"tag-italy","15":"tag-lomicidio-allolivella","16":"tag-news","17":"tag-notizie","18":"tag-ultime-notizie","19":"tag-ultime-notizie-e-news-di-oggi","20":"tag-ultime-notizie-italia","21":"tag-ultimenotizie","22":"tag-ultimenotizieenewsdioggi","23":"tag-ultimenotizieitalia"},"share_on_mastodon":{"url":"","error":""},"_links":{"self":[{"href":"https:\/\/www.europesays.com\/it\/wp-json\/wp\/v2\/posts\/164410","targetHints":{"allow":["GET"]}}],"collection":[{"href":"https:\/\/www.europesays.com\/it\/wp-json\/wp\/v2\/posts"}],"about":[{"href":"https:\/\/www.europesays.com\/it\/wp-json\/wp\/v2\/types\/post"}],"author":[{"embeddable":true,"href":"https:\/\/www.europesays.com\/it\/wp-json\/wp\/v2\/users\/3"}],"replies":[{"embeddable":true,"href":"https:\/\/www.europesays.com\/it\/wp-json\/wp\/v2\/comments?post=164410"}],"version-history":[{"count":0,"href":"https:\/\/www.europesays.com\/it\/wp-json\/wp\/v2\/posts\/164410\/revisions"}],"wp:featuredmedia":[{"embeddable":true,"href":"https:\/\/www.europesays.com\/it\/wp-json\/wp\/v2\/media\/164411"}],"wp:attachment":[{"href":"https:\/\/www.europesays.com\/it\/wp-json\/wp\/v2\/media?parent=164410"}],"wp:term":[{"taxonomy":"category","embeddable":true,"href":"https:\/\/www.europesays.com\/it\/wp-json\/wp\/v2\/categories?post=164410"},{"taxonomy":"post_tag","embeddable":true,"href":"https:\/\/www.europesays.com\/it\/wp-json\/wp\/v2\/tags?post=164410"}],"curies":[{"name":"wp","href":"https:\/\/api.w.org\/{rel}","templated":true}]}}