{"id":164578,"date":"2025-10-14T16:25:14","date_gmt":"2025-10-14T16:25:14","guid":{"rendered":"https:\/\/www.europesays.com\/it\/164578\/"},"modified":"2025-10-14T16:25:14","modified_gmt":"2025-10-14T16:25:14","slug":"crono-delle-nazioni-2025-il-percorso-altimetria-e-planimetria","status":"publish","type":"post","link":"https:\/\/www.europesays.com\/it\/164578\/","title":{"rendered":"Crono delle Nazioni 2025, il percorso (Altimetria e Planimetria)"},"content":{"rendered":"<p>\t\t\t\t\t<a href=\"https:\/\/cyclingpro.net\/spaziociclismo\/altro\/scopri-lapp-ufficiale-di-spaziociclismo\/\" title=\"\" rel=\"nofollow noopener\" target=\"_blank\"><br \/>\n\t\t\t\t\t\t<img loading=\"lazy\" decoding=\"async\" src=\"https:\/\/www.europesays.com\/it\/wp-content\/uploads\/2025\/09\/1758060682_662_Banner-App-SpazioCiclismo.png\" alt=\"\" width=\"728\" height=\"91\"\/><br \/>\n\t\t\t\t\t<\/a><\/p>\n<p><strong>Domenica 19 ottobre<\/strong> andr\u00e0 in scena la <strong>Crono delle Nazioni 2025<\/strong>. Ultima corsa del calendario francese, la prova contro il tempo di<strong> Les Herbiers<\/strong> sar\u00e0, come da tradizione, uno dei vari appuntamenti che si svolgeranno nella giornata finale della stagione ciclistica e rappresenter\u00e0 un vero e proprio festival per gli specialisti delle lancette, proponendo gare riservate a tutte le categorie. Quella degli uomini \u00e9lite chiuder\u00e0 il programma e si svolger\u00e0 su un percorso di 44,87 chilometri con partenza e arrivo nella cittadina della Vandea, affrontando un tracciato per lo pi\u00f9 pianeggiante (ma anche con qualche lieve saliscendi) e formato da diversi lunghi rettilinei, perfetto dunque per i cronomen puri come Stefan K\u00fcng, <a href=\"https:\/\/cyclingpro.net\/spaziociclismo\/sintesi-gare\/crono-delle-nazioni-2024-torna-al-successo-stefan-kung-davanti-a-vine-e-price-pejtersen\/\" rel=\"nofollow noopener\" target=\"_blank\">vincitore lo scorso anno<\/a> e di tre delle ultime quattro edizioni.<\/p>\n<p>Altimetria e Planimetria Crono delle Nazioni 2025<\/p>\n<p>\t\t\t\t<a href=\"https:\/\/www.europesays.com\/it\/wp-content\/uploads\/2025\/10\/Crono-delle-Nazioni-2025-Altimetria.jpg\"><img loading=\"lazy\" decoding=\"async\" width=\"1200\" height=\"450\" src=\"https:\/\/www.europesays.com\/it\/wp-content\/uploads\/2025\/10\/Crono-delle-Nazioni-2025-Altimetria.jpg\" class=\"attachment-full size-full\" alt=\"\"  \/><\/a><\/p>\n<p>\t\t\t\t<a href=\"https:\/\/www.europesays.com\/it\/wp-content\/uploads\/2025\/10\/Crono-delle-Nazioni-2025-Planimetria.jpg\"><img loading=\"lazy\" decoding=\"async\" width=\"1230\" height=\"1600\" src=\"https:\/\/www.europesays.com\/it\/wp-content\/uploads\/2025\/10\/Crono-delle-Nazioni-2025-Planimetria.jpg\" class=\"attachment-full size-full\" alt=\"\"  \/><\/a><\/p>\n","protected":false},"excerpt":{"rendered":"Domenica 19 ottobre andr\u00e0 in scena la Crono delle Nazioni 2025. Ultima corsa del calendario francese, la prova&hellip;\n","protected":false},"author":3,"featured_media":164579,"comment_status":"","ping_status":"","sticky":false,"template":"","format":"standard","meta":{"footnotes":""},"categories":[1456],"tags":[1824,101501,1825,1537,90,89,245,244],"class_list":{"0":"post-164578","1":"post","2":"type-post","3":"status-publish","4":"format-standard","5":"has-post-thumbnail","7":"category-ciclismo","8":"tag-ciclismo","9":"tag-crono-delle-nazioni-2025","10":"tag-cycling","11":"tag-it","12":"tag-italia","13":"tag-italy","14":"tag-sport","15":"tag-sports"},"share_on_mastodon":{"url":"","error":""},"_links":{"self":[{"href":"https:\/\/www.europesays.com\/it\/wp-json\/wp\/v2\/posts\/164578","targetHints":{"allow":["GET"]}}],"collection":[{"href":"https:\/\/www.europesays.com\/it\/wp-json\/wp\/v2\/posts"}],"about":[{"href":"https:\/\/www.europesays.com\/it\/wp-json\/wp\/v2\/types\/post"}],"author":[{"embeddable":true,"href":"https:\/\/www.europesays.com\/it\/wp-json\/wp\/v2\/users\/3"}],"replies":[{"embeddable":true,"href":"https:\/\/www.europesays.com\/it\/wp-json\/wp\/v2\/comments?post=164578"}],"version-history":[{"count":0,"href":"https:\/\/www.europesays.com\/it\/wp-json\/wp\/v2\/posts\/164578\/revisions"}],"wp:featuredmedia":[{"embeddable":true,"href":"https:\/\/www.europesays.com\/it\/wp-json\/wp\/v2\/media\/164579"}],"wp:attachment":[{"href":"https:\/\/www.europesays.com\/it\/wp-json\/wp\/v2\/media?parent=164578"}],"wp:term":[{"taxonomy":"category","embeddable":true,"href":"https:\/\/www.europesays.com\/it\/wp-json\/wp\/v2\/categories?post=164578"},{"taxonomy":"post_tag","embeddable":true,"href":"https:\/\/www.europesays.com\/it\/wp-json\/wp\/v2\/tags?post=164578"}],"curies":[{"name":"wp","href":"https:\/\/api.w.org\/{rel}","templated":true}]}}