{"id":165858,"date":"2025-10-15T10:26:11","date_gmt":"2025-10-15T10:26:11","guid":{"rendered":"https:\/\/www.europesays.com\/it\/165858\/"},"modified":"2025-10-15T10:26:11","modified_gmt":"2025-10-15T10:26:11","slug":"motogp-australia-2025-info-programmazione-e-orari","status":"publish","type":"post","link":"https:\/\/www.europesays.com\/it\/165858\/","title":{"rendered":"MotoGP Australia 2025: info, programmazione e orari"},"content":{"rendered":"<p>Le info sul GP d&#8217;Australia 2025 di MotoGP<\/p>\n<p>La storia del tracciato di Phillip Island affonda le proprie radici addirittura nei primi decenni del secolo scorso. Risalgono infatti agli anni &#8217;20 alcune gare automobilistiche tenutesi su quelle che all&#8217;epoca erano delle semplici strade pubbliche collegate tra di loro, ed \u00e8 invece datata 1931 la prima gara di motociclette sull&#8217;isola. Un tracciato permanente venne realizzato solamente nel 1956, ma dopo alterne vicende cadde in disuso tra la fine degli anni &#8217;70 e gli inizi degli anni &#8217;80. Una volta riportato a nuovo splendore e dopo avere ospitato il Motomondiale nel 1989 e nel 1990, Phillip Island \u00e8 diventato una presenza pressoch\u00e9 costante del calendario a partire dal 1997. Teatro di alcune delle gare pi\u00f9 epiche che la storia del motociclismo ricordi e universalmente riconosciuto come uno dei tracciati pi\u00f9 belli dell&#8217;intera stagione, quella australiana \u00e8 una pista lunga 4,45 km e composta da cinque curve a destra, sette curve a sinistra e da un rettilineo principale lungo 900 m. Il GP d&#8217;Australia della MotoGP si disputer\u00e0 su una distanza di 27 giri (pari a 120,1 km), mentre Moto2 e Moto3 si sfideranno rispettivamente su una distanza di 23 e 21 passaggi. Il record per il giro pi\u00f9 veloce in gara appartiene a Marc Marquez, che nel 2024 ha fermato il cronometro sull&#8217;1&#8217;27&#8243;765, e sempre il #93 ha vinto la passata edizione del GP d&#8217;Australia tagliando il traguardo davanti a Jorge Martin e Pecco Bagnaia. <\/p>\n<p>Orari e programmazione TV del GP d&#8217;Australia 2025 di MotoGP<\/p>\n<p>Il weekend del GP d&#8217;Australia di MotoGP verr\u00e0 trasmesso integralmente in diretta esclusiva da Sky Sport MotoGP e NOW TV, con TV8 che proporr\u00e0 live le qualifiche delle tre classi e la Sprint Race della MotoGP e in differita le gare della domenica di tutte le classi. Ecco di seguito gli orari del fine settimana:<\/p>\n","protected":false},"excerpt":{"rendered":"Le info sul GP d&#8217;Australia 2025 di MotoGP La storia del tracciato di Phillip Island affonda le proprie&hellip;\n","protected":false},"author":3,"featured_media":165859,"comment_status":"","ping_status":"","sticky":false,"template":"","format":"standard","meta":{"footnotes":""},"categories":[1455],"tags":[1537,90,89,1783,1784,245,244],"class_list":{"0":"post-165858","1":"post","2":"type-post","3":"status-publish","4":"format-standard","5":"has-post-thumbnail","7":"category-moto","8":"tag-it","9":"tag-italia","10":"tag-italy","11":"tag-moto","12":"tag-motorcycle","13":"tag-sport","14":"tag-sports"},"share_on_mastodon":{"url":"","error":""},"_links":{"self":[{"href":"https:\/\/www.europesays.com\/it\/wp-json\/wp\/v2\/posts\/165858","targetHints":{"allow":["GET"]}}],"collection":[{"href":"https:\/\/www.europesays.com\/it\/wp-json\/wp\/v2\/posts"}],"about":[{"href":"https:\/\/www.europesays.com\/it\/wp-json\/wp\/v2\/types\/post"}],"author":[{"embeddable":true,"href":"https:\/\/www.europesays.com\/it\/wp-json\/wp\/v2\/users\/3"}],"replies":[{"embeddable":true,"href":"https:\/\/www.europesays.com\/it\/wp-json\/wp\/v2\/comments?post=165858"}],"version-history":[{"count":0,"href":"https:\/\/www.europesays.com\/it\/wp-json\/wp\/v2\/posts\/165858\/revisions"}],"wp:featuredmedia":[{"embeddable":true,"href":"https:\/\/www.europesays.com\/it\/wp-json\/wp\/v2\/media\/165859"}],"wp:attachment":[{"href":"https:\/\/www.europesays.com\/it\/wp-json\/wp\/v2\/media?parent=165858"}],"wp:term":[{"taxonomy":"category","embeddable":true,"href":"https:\/\/www.europesays.com\/it\/wp-json\/wp\/v2\/categories?post=165858"},{"taxonomy":"post_tag","embeddable":true,"href":"https:\/\/www.europesays.com\/it\/wp-json\/wp\/v2\/tags?post=165858"}],"curies":[{"name":"wp","href":"https:\/\/api.w.org\/{rel}","templated":true}]}}