{"id":165882,"date":"2025-10-15T10:41:14","date_gmt":"2025-10-15T10:41:14","guid":{"rendered":"https:\/\/www.europesays.com\/it\/165882\/"},"modified":"2025-10-15T10:41:14","modified_gmt":"2025-10-15T10:41:14","slug":"colpo-di-stato-in-madagascar-dopo-le-proteste-della-gen-z-e-la-fuga-del-presidente-i-militari-prendono-il-potere","status":"publish","type":"post","link":"https:\/\/www.europesays.com\/it\/165882\/","title":{"rendered":"Colpo di Stato in Madagascar: dopo le proteste della Gen Z e la fuga del presidente i militari prendono il potere"},"content":{"rendered":"<p>    di<br \/>\n    Michele Farina<\/p>\n<p class=\"summary-art is-line-h-12\">Le manifestazioni guidate dalla Generazione Z per la mancanza di luce e acqua. La repressione, le mosse del Parlamento fino al golpe militare: cos\u00ec alla grande isola africana sfugge l&#8217;occasione di un vero cambio di stagione<\/p>\n<p class=\"chapter-paragraph\">E cos\u00ec burrascosamente, <b>dopo venti giorni di manifestazioni <\/b>contro il presidente <b>Andry Rajoelina<\/b> innescate dalla cronica <b>mancanza di acqua-luce <\/b>e guidate dalla <b>Generazione Z <\/b>(i nati nel primo decennio del secolo), dopo la repressione nelle strade della capitale Antananarivo (<b>almeno 22 morti compreso un neonato di un mese <\/b>che accompagnava la nonna a fare la spesa soffocato dai gas lacrimogeni) e il licenziamento del governo nella parte del classico capro espiatorio da parte del presidente che denunciando un tentato golpe era poi fuggito all&#8217;estero forse domenica grazie <b>agli elicotteri dell&#8217;ex potenza coloniale capitata dal collega Emmanuel Macron<\/b>, con il Parlamento che vistosi dismesso dal presidente medesimo ne aveva votato in mattinata l&#8217;impeachment, dopo tutto questo po&#8217; po&#8217; di roba in Madagascar alla fine \u00e8 successo quello che capita spesso in questi casi non solo in Africa: la Capsat, l&#8217;Unit\u00e0 7 dell&#8217;esercito, che gi\u00e0 nel 2009 aveva assecondato l&#8217;illegale ascesa dell&#8217;allora trentaquattrenne sindaco di Antananarivo e capo dell&#8217;opposizione al soglio presidenziale, \u00e8 la stessa unit\u00e0 d&#8217;\u00e9lite che nel pomeriggio di marted\u00ec 14 ottobre ne ha annunciato ufficialmente la destituzione, con conseguente ed effettiva e (non si sa per quanto) temporanea presa del potere da parte dei militari come garanti dello Stato. <b>Tutte le istituzioni sono state dissolte<\/b>, con l&#8217;eccezione della Camera bassa del Parlamento, con quei 160 deputati che avevano votato in massa (110 a 50) la messa in stato di accusa del presidente, rieletto nel 2108 e nelle contestate elezioni del 2023 boicottate dall&#8217;opposizione.\u00a0 \u00a0<\/p>\n<p>    Vaniglia e militari<\/p>\n<p class=\"chapter-paragraph\">E cos\u00ec l&#8217;isolato Madagascar, <b>la quarta isola pi\u00f9 grande del mondo <\/b>con la sua terra rossa e ferrosa dove nel corso dei secoli \u00e8 rimasto impigliato il 5% delle specie viventi (compresa la vaniglia, di cui il Paese \u00e8 primo esportatore) tra le quali si contano oggi 32 milioni di esseri umani (tra i pi\u00f9 poveri del pianeta), si \u00e8 preso una piccola luce sulla ribalta globale, ricordandoci che il mondo \u00e8 pi\u00f9 grande del Mar Mediterraneo. <b>Certo il finale al momento non d\u00e0 ragione ai promotori del cambiamento<\/b>, quei giovani malgasci che dalla fine di settembre erano scesi a protestare pacificamente per le strade della capitale coinvolgendo anche dipendenti pubblici e professionisti. Sabato scorso una parte delle forze di sicurezza avevano cambiato atteggiamento e direzione ai propri fucili. <b>Accanto ai vestiti multicolore dei manifestanti erano comparse anche alcune divise<\/b>. E il presidente Rajoelina, ex DJ in grado di cogliere il momento in cui un brano musicale o una stagione politica volgono al termine, aveva subito denunciato un tentativo di colpo di Stato.\u00a0    &#13;<br \/>\n&#13;<br \/>\n&#13;<br \/>\n&#13;<br \/>\n&#13;<br \/>\n&#13;<br \/>\n&#13;<br \/>\n&#13;<br \/>\n&#13;<br \/>\n&#13;<br \/>\n&#13;<br \/>\n&#13;<br \/>\n&#13;<br \/>\n&#13;<br \/>\n&#13;<br \/>\n&#13;<br \/>\n&#13;<br \/>\n&#13;<br \/>\n&#13;<br \/>\n&#13;<br \/>\n&#13;<br \/>\n&#13;<br \/>\n&#13;<br \/>\n&#13;<br \/>\n&#13;<br \/>\n&#13;<br \/>\n&#13;<br \/>\n&#13;<br \/>\n&#13;<br \/>\n&#13;<br \/>\n&#13;<br \/>\n&#13;<br \/>\n&#13;<br \/>\n&#13;<br \/>\n&#13;<br \/>\n&#13;<br \/>\n&#13;<br \/>\n&#13;<br \/>\n&#13;<br \/>\n&#13;<br \/>\n&#13;<br \/>\n&#13;<br \/>\n&#13;<br \/>\n&#13;<br \/>\n&#13;<br \/>\n&#13;<br \/>\n&#13;<br \/>\n&#13;<br \/>\n&#13;<br \/>\n&#13;<br \/>\n&#13;<br \/>\n&#13;<br \/>\n&#13;\n<\/p>\n<p>    Manovre estreme<\/p>\n<p class=\"chapter-paragraph\"><b>Troppo tardi<\/b>, per il DJ diventato uomo d&#8217;affari e presidente. Inutile promettere: \u00abSe tra un anno luce e acqua continuano a mancare mi dimetter\u00f2\u00bb. A nulla \u00e8 servito annunciare la nomina del comandante dell&#8217;esercito a capo del governo, mentre l&#8217;ex premier con un grande impresario amico del potere trovavano dorato rifugio su un&#8217;isola pi\u00f9 piccola dalla stessa parte dell&#8217;Africa, Mauritius. Anche i parlamentari del partito di Rajoelina, il partito Irmar, hanno votato contro di lui.\u00a0<\/p>\n<p>    Che cosa succeder\u00e0<\/p>\n<p class=\"chapter-paragraph\"><b>E adesso?<\/b> In un Paese democratico, la sfiducia di un presidente da parte del Parlamento porterebbe a un cambio al vertice o a nuove elezioni. Non \u00e8 chiaro che cosa accadr\u00e0 in quella che noi ricordiamo principalmente per essere la meta di un turismo costoso e lontano da tutto, il regno dei lemuri e della vaniglia, l&#8217;isola dimenticata e indimenticabile dei baobab. <b>Il colonnello Michael Randrianirina<\/b>, che comanda la Capsat unit\u00e0 7, ha detto che verr\u00e0 creato un comitato con uomini dell&#8217;esercito, della gendarmeria e della polizia. &#8220;Forse &#8211; ha detto all&#8217;agenzia Afp &#8211; con il tempo ci sar\u00e0 anche posto per consiglieri civili\u00bb.\u00a0<\/p>\n<p class=\"chapter-paragraph\"><b>Forse. Con il tempo. Chiss\u00e0. <\/b>Nessuna novit\u00e0. Da un presidente autoritario a un colonnello in armi. Alla faccia della Generazione Z Mada e del neonato morto nelle braccia della nonna. Unit\u00e0 7, sotto a chi tocca alla mangiatoia del potere. L&#8217;isola pi\u00f9 dimenticata del mondo da oggi \u00e8 governata da una giunta militare. <b>Dal 1950, l&#8217;Africa ha fatto registrare oltre 200 colpi di Stato<\/b>. Nove negli ultimi tre anni.\u00a0 Dei 27 avvenuti a sud del Sahara dal 1990, ventuno hanno avuto luogo in ex colonie per quasi un secolo governate da Parigi. L&#8217;elicottero che ha portato in salvo l&#8217;ex DJ Andry Rajoelina batte bandiera francese.\u00a0\u00a0\u00a0 \u00a0<\/p>\n<p class=\"is-last-update\" datetime=\"2025-10-15T10:10:07+02:00\">14 ottobre 2025 ( modifica il 15 ottobre 2025 | 10:10)<\/p>\n<p class=\"is-copyright\">\n            \u00a9 RIPRODUZIONE RISERVATA\n        <\/p>\n","protected":false},"excerpt":{"rendered":"di Michele Farina Le manifestazioni guidate dalla Generazione Z per la mancanza di luce e acqua. La repressione,&hellip;\n","protected":false},"author":3,"featured_media":165883,"comment_status":"","ping_status":"","sticky":false,"template":"","format":"standard","meta":{"footnotes":""},"categories":[160],"tags":[412,3623,102036,102037,102038,6099,392,777,102039,102040,12172,5371,14,164,165,13613,2215,123,773,1597,38473,102041,102042,10714,102043,18494,102044,27474,13166,794,888,166,15991,7,16493,15,18155,8111,29,7900,2428,135,1918,102034,7395,11,167,12,168,11597,102035,68639,161,162,163],"class_list":{"0":"post-165882","1":"post","2":"type-post","3":"status-publish","4":"format-standard","5":"has-post-thumbnail","7":"category-mondo","8":"tag-acqua","9":"tag-africa","10":"tag-andry","11":"tag-andry-rajoelina","12":"tag-antananarivo","13":"tag-cambio","14":"tag-capitale","15":"tag-capo","16":"tag-capsat","17":"tag-capsat-unita","18":"tag-colonnello","19":"tag-colpo","20":"tag-cronaca","21":"tag-dal-mondo","22":"tag-dalmondo","23":"tag-dimenticata","24":"tag-dj","25":"tag-elezioni","26":"tag-esercito","27":"tag-generazione","28":"tag-golpe","29":"tag-guidate","30":"tag-guidate-generazione","31":"tag-isola","32":"tag-isola-dimenticata","33":"tag-luce","34":"tag-luce-acqua","35":"tag-madagascar","36":"tag-manifestazioni","37":"tag-militare","38":"tag-militari","39":"tag-mondo","40":"tag-neonato","41":"tag-news","42":"tag-nonna","43":"tag-notizie","44":"tag-opposizione","45":"tag-parlamento","46":"tag-partito","47":"tag-piccola","48":"tag-potere","49":"tag-presidente","50":"tag-quei","51":"tag-rajoelina","52":"tag-repressione","53":"tag-ultime-notizie","54":"tag-ultime-notizie-di-mondo","55":"tag-ultimenotizie","56":"tag-ultimenotiziedimondo","57":"tag-unita","58":"tag-vaniglia","59":"tag-votato","60":"tag-world","61":"tag-world-news","62":"tag-worldnews"},"share_on_mastodon":{"url":"","error":""},"_links":{"self":[{"href":"https:\/\/www.europesays.com\/it\/wp-json\/wp\/v2\/posts\/165882","targetHints":{"allow":["GET"]}}],"collection":[{"href":"https:\/\/www.europesays.com\/it\/wp-json\/wp\/v2\/posts"}],"about":[{"href":"https:\/\/www.europesays.com\/it\/wp-json\/wp\/v2\/types\/post"}],"author":[{"embeddable":true,"href":"https:\/\/www.europesays.com\/it\/wp-json\/wp\/v2\/users\/3"}],"replies":[{"embeddable":true,"href":"https:\/\/www.europesays.com\/it\/wp-json\/wp\/v2\/comments?post=165882"}],"version-history":[{"count":0,"href":"https:\/\/www.europesays.com\/it\/wp-json\/wp\/v2\/posts\/165882\/revisions"}],"wp:featuredmedia":[{"embeddable":true,"href":"https:\/\/www.europesays.com\/it\/wp-json\/wp\/v2\/media\/165883"}],"wp:attachment":[{"href":"https:\/\/www.europesays.com\/it\/wp-json\/wp\/v2\/media?parent=165882"}],"wp:term":[{"taxonomy":"category","embeddable":true,"href":"https:\/\/www.europesays.com\/it\/wp-json\/wp\/v2\/categories?post=165882"},{"taxonomy":"post_tag","embeddable":true,"href":"https:\/\/www.europesays.com\/it\/wp-json\/wp\/v2\/tags?post=165882"}],"curies":[{"name":"wp","href":"https:\/\/api.w.org\/{rel}","templated":true}]}}