{"id":165999,"date":"2025-10-15T12:14:21","date_gmt":"2025-10-15T12:14:21","guid":{"rendered":"https:\/\/www.europesays.com\/it\/165999\/"},"modified":"2025-10-15T12:14:21","modified_gmt":"2025-10-15T12:14:21","slug":"sara-lui-la-prossima-star-brasiliana-in-motogp","status":"publish","type":"post","link":"https:\/\/www.europesays.com\/it\/165999\/","title":{"rendered":"sar\u00e0 lui la prossima star brasiliana in MotoGP\u2122"},"content":{"rendered":"<p>Con l&#8217;ufficializzazione della firma di Diogo Moreira, che <a href=\"https:\/\/www.motogp.com\/it\/news\/2025\/10\/14\/bem-vindo-a-motogp-diogo-moreira-who-is-brazils-next-racing-superstar\/760934\" rel=\"nofollow noopener\" target=\"_blank\">passer\u00e0 in MotoGP\u2122<\/a> con il team Honda LCR, la griglia del 2026 \u00e8 completa. L&#8217;annuncio \u00e8 arrivato a pochi giorni dal GP d&#8217;Australia, diciannovesimo appuntamento del 2025.\u00a0<\/p>\n<p>Del 21enne brasiliano e del suo possibile passaggio nella classe regina si parlava da un po&#8217;: diversi i marchi che hanno provato a metterlo sotto contratto. Alla fine l&#8217;ha spuntata la Honda, che potr\u00e0 cos\u00ec contare sul talento di un pilota che promette tanto.\u00a0<\/p>\n<p>Moreira sar\u00e0 uno dei due rookie impegnati in MotoGP nel 2026 (l&#8217;altro sar\u00e0 Toprak Razgatlioglu, proveniente dal WorldSBK). Far\u00e0 sventolare di nuovo la bandiera brasiliana nella premier class. Prima di lui, l&#8217;ultimo a farlo \u00e8 stato Alex Barros, icona degli anni 90 e di parte del decennio successivo.\u00a0\u00a0<\/p>\n<p>Dal cross all&#8217;asfalto<\/p>\n<p>Classe 2004, originario di Guarulhos, San Paolo, Moreira ha iniziato a correre in Brasile nel motocross. Nel 2017 ha cambiato traiettoria, spostandosi in Spagna per inseguire una carriera sull&#8217;asfalto. Si \u00e8 cos\u00ec fatto largo nelle categorie minori del continente europeo.\u00a0<\/p>\n<p>Si \u00e8 messo definitivamente in luce nel 2021, quando \u00e8 finito sesto nella Red Bull Rookies Cup con quattro podi. Veloce e costante, si \u00e8 guadagnato un posto nella griglia del Mondiale Moto3\u2122 con i colori MT Helmets \u2013 MSI.<\/p>\n<p>La Moto3<\/p>\n<p>Nel 2022, il suo primo anno nella classe cadetta, il brasiliano ha raccolto parecchi piazzamenti nei primi dieci, chiudendo come rookie dell&#8217;anno. Nella stagione successiva sono presto arrivati i primi podi, in Portogallo e Argentina.\u00a0<\/p>\n<p>\n                        Diogo Moreira, Indonesian GP, 2023\n                <\/p>\n<p>\n                    Diogo Moreira, Indonesian GP, 2023\n            <\/p>\n<p>In Indonesia, nella seconda met\u00e0 della stagione, \u00e8 salito sul gradino pi\u00f9 alto. A fine anno, ha chiuso ottavo nella classifica generale. Gli si sono aperte le porte della Moto2, grazie a una chiamata del team Italtrans Racing.<\/p>\n<p>La Moto2<\/p>\n<p>Prendere le misure con la nuova categoria non \u00e8 stato immediato, anche se alcuni lampi di velocit\u00e0 si sono visti da subito. Il miglioramento \u00e8 stato costante: nell&#8217;ultimo Gran Premio della stagione, a Barcellona, Moreira \u00e8 salito sul podio. Come successo in Moto3, si \u00e8 aggiudicato la palma di esordiente dell&#8217;anno.\u00a0<\/p>\n<p>\n                        Diogo Moreira, Austrian GP, 2025\n                <\/p>\n<p>\n                    Diogo Moreira, Austrian GP, 2025\n            <\/p>\n<p>Nel 2025, poi, \u00e8 esploso. A una serie di piazzamenti fra i primi cinque sono seguiti due podi di fila, a Silverstone e Aragon. A ci\u00f2 si \u00e8 aggiunta la vittoria di Assen, che gli ha dato slancio nella corsa al titolo. Ha poi raccolto altri due successi, in Austria e Indonesia. Ha al momento 9 lunghezze di ritardo da Manuel Gonzalez nella classifica generale. Da disputare, restano ancora quattro Gran Premi.\u00a0<\/p>\n<p>L&#8217;orgoglio del Brasile<\/p>\n<p>Nessun pilota del Paese sudamericano (lo stesso della leggenda della F1 Ayrton Senna) ha mai vinto un titolo iridato: Moreira romper\u00e0 questo tab\u00f9?<\/p>\n<p>Il suo esordio in MotoGP coincider\u00e0 con il ritorno della classe regina nel suo Paese: nel 2026 infatti il circus iridato torner\u00e0 a disputare il Gran Premio del Brasile, assente da un po&#8217;. Si tratter\u00e0 del secondo round della stagione.\u00a0<\/p>\n<p>Il numero 10<\/p>\n<p>Ad alti livelli Moreira ha sempre corso col numero 10. In MotoGP dovr\u00e0 per\u00f2 cambiare, perch\u00e9 \u00e8 gi\u00e0 sulla tabella del suo futuro compagno di marchio Luca Marini.\u00a0<\/p>\n<p>Il brasiliano avr\u00e0 un primo assaggio di ci\u00f2 che lo aspetta in novembre, quando a Valencia si svolgeranno i primi test in ottica 2026. Prima, per\u00f2, sar\u00e0 decisamente impegnato: la sfida per il titolo Moto2 \u00e8 pi\u00f9 aperta che mai.<\/p>\n<p>Vuoi vedere dal vivo l&#8217;anno prossimo Diogo Moreira sulla pista di casa? La MotoGP torna in Brasile dopo due decenni e i biglietti sono gi\u00e0 in vendita! Per vedere tutte le opzioni clicca <strong><a href=\"https:\/\/tickets.motogp.com\/it\/74829-grand-prix-brazil\/?utm_source=motogp.com&amp;utm_medium=web&amp;utm_campaign=moreira_announcement\" rel=\"nofollow noopener\" target=\"_blank\">QUI<\/a><\/strong>!<\/p>\n<p>\u00a0<\/p>\n<p>\u00a0<\/p>\n","protected":false},"excerpt":{"rendered":"Con l&#8217;ufficializzazione della firma di Diogo Moreira, che passer\u00e0 in MotoGP\u2122 con il team Honda LCR, la griglia&hellip;\n","protected":false},"author":3,"featured_media":166000,"comment_status":"","ping_status":"","sticky":false,"template":"","format":"standard","meta":{"footnotes":""},"categories":[1455],"tags":[1537,90,89,1783,1784,245,244,47303],"class_list":{"0":"post-165999","1":"post","2":"type-post","3":"status-publish","4":"format-standard","5":"has-post-thumbnail","7":"category-moto","8":"tag-it","9":"tag-italia","10":"tag-italy","11":"tag-moto","12":"tag-motorcycle","13":"tag-sport","14":"tag-sports","15":"tag-text"},"share_on_mastodon":{"url":"","error":""},"_links":{"self":[{"href":"https:\/\/www.europesays.com\/it\/wp-json\/wp\/v2\/posts\/165999","targetHints":{"allow":["GET"]}}],"collection":[{"href":"https:\/\/www.europesays.com\/it\/wp-json\/wp\/v2\/posts"}],"about":[{"href":"https:\/\/www.europesays.com\/it\/wp-json\/wp\/v2\/types\/post"}],"author":[{"embeddable":true,"href":"https:\/\/www.europesays.com\/it\/wp-json\/wp\/v2\/users\/3"}],"replies":[{"embeddable":true,"href":"https:\/\/www.europesays.com\/it\/wp-json\/wp\/v2\/comments?post=165999"}],"version-history":[{"count":0,"href":"https:\/\/www.europesays.com\/it\/wp-json\/wp\/v2\/posts\/165999\/revisions"}],"wp:featuredmedia":[{"embeddable":true,"href":"https:\/\/www.europesays.com\/it\/wp-json\/wp\/v2\/media\/166000"}],"wp:attachment":[{"href":"https:\/\/www.europesays.com\/it\/wp-json\/wp\/v2\/media?parent=165999"}],"wp:term":[{"taxonomy":"category","embeddable":true,"href":"https:\/\/www.europesays.com\/it\/wp-json\/wp\/v2\/categories?post=165999"},{"taxonomy":"post_tag","embeddable":true,"href":"https:\/\/www.europesays.com\/it\/wp-json\/wp\/v2\/tags?post=165999"}],"curies":[{"name":"wp","href":"https:\/\/api.w.org\/{rel}","templated":true}]}}