{"id":166224,"date":"2025-10-15T15:07:19","date_gmt":"2025-10-15T15:07:19","guid":{"rendered":"https:\/\/www.europesays.com\/it\/166224\/"},"modified":"2025-10-15T15:07:19","modified_gmt":"2025-10-15T15:07:19","slug":"tripla-prevenzione-oncologica-lasp-di-agrigento-apre-le-porte-ogni-sabato-fino-a-dicembre","status":"publish","type":"post","link":"https:\/\/www.europesays.com\/it\/166224\/","title":{"rendered":"Tripla prevenzione oncologica, l\u2019Asp di Agrigento apre le porte ogni sabato fino a dicembre"},"content":{"rendered":"<p>Prevenzione non pi\u00f9 occasionale ma stabile, con porte aperte ogni sabato per garantire ai cittadini la possibilit\u00e0 di eseguire gratuitamente i test di screening oncologico. L\u2019Azienda sanitaria provinciale di Agrigento lancia l\u2019iniziativa \u201cTripla Prevenzione Oncologica stabile\u201d, un programma che si svolger\u00e0 dal 18 ottobre al 20 dicembre, dalle 8.30 alle 13.30, in diverse strutture del territorio. L\u2019obiettivo \u00e8 offrire in un\u2019unica giornata la possibilit\u00e0 di effettuare tre esami di prevenzione: mammografia per il tumore al seno, Pap Test o Dna Test per l\u2019Hpv e test per il sangue occulto nelle feci per il tumore del colon-retto.<\/p>\n<p><a href=\"https:\/\/www.agrigentonotizie.it\/dossier\/sanita\/assistenza-sanitaria-poveri-migranti-progetto-inclusione-2025-2029.html\" rel=\"nofollow noopener\" target=\"_blank\">Visite specialistiche, farmaci e protesi dentarie: ecco il piano dell&#8217;Asp di Agrigento per garantire la salute ai poveri<\/a><\/p>\n<p>&#8220;La prevenzione \u00e8 la nostra priorit\u00e0 ed \u00e8 l\u2019arma pi\u00f9 efficace contro il cancro \u2013 spiega il direttore generale dell\u2019Asp Giuseppe Capodieci \u2013 e questa operazione, che non \u00e8 pi\u00f9 un evento di open-day una tantum ma un appuntamento fisso e strutturato, rappresenta un passo in avanti decisivo per intercettare precocemente le patologie e garantire ai nostri cittadini le migliori possibilit\u00e0 di cura. Un impegno stabile e concreto per la salute della comunit\u00e0&#8221;.<\/p>\n<p>Per lo screening della mammella, le donne tra i 50 e i 69 anni potranno recarsi senza prenotazione n\u00e9 richiesta medica presso le radiologie della Casa della Comunit\u00e0 di Agrigento, degli ospedali di Agrigento, Licata e Sciacca e del Pta di Canicatt\u00ec. L\u2019accesso \u00e8 libero, purch\u00e9 siano trascorsi almeno due anni dall\u2019ultima mammografia, salvo diversa indicazione del medico curante.<\/p>\n<p>Negli stessi presidi, gli ambulatori di ginecologia accoglieranno le donne dai 25 anni in su per l\u2019esecuzione del Pap Test o del Dna Test Hpv. Contestualmente, uomini e donne di et\u00e0 compresa tra i 50 e i 69 anni potranno ritirare i kit per la ricerca del sangue occulto nelle feci, utile per la diagnosi precoce del tumore del colon-retto.<\/p>\n<p>Un\u2019occasione che, sottolineano i vertici dell\u2019Asp, consente a tutti di compiere un gesto semplice ma di grande valore per la tutela della propria salute, usufruendo in un\u2019unica giornata di tre strumenti fondamentali di prevenzione oncologica.<\/p>\n<p>AgrigentoNotizie \u00e8 anche su Whatsapp. <a href=\"https:\/\/whatsapp.com\/channel\/0029VaJI2foCcW4jbdpPdz22\" rel=\"nofollow noopener\" target=\"_blank\">Seguici sul nostro canale<\/a>.<\/p>\n","protected":false},"excerpt":{"rendered":"Prevenzione non pi\u00f9 occasionale ma stabile, con porte aperte ogni sabato per garantire ai cittadini la possibilit\u00e0 di&hellip;\n","protected":false},"author":3,"featured_media":166225,"comment_status":"","ping_status":"","sticky":false,"template":"","format":"standard","meta":{"footnotes":""},"categories":[175],"tags":[239,1537,90,89,374,240],"class_list":{"0":"post-166224","1":"post","2":"type-post","3":"status-publish","4":"format-standard","5":"has-post-thumbnail","7":"category-salute","8":"tag-health","9":"tag-it","10":"tag-italia","11":"tag-italy","12":"tag-prevenzione","13":"tag-salute"},"share_on_mastodon":{"url":"","error":""},"_links":{"self":[{"href":"https:\/\/www.europesays.com\/it\/wp-json\/wp\/v2\/posts\/166224","targetHints":{"allow":["GET"]}}],"collection":[{"href":"https:\/\/www.europesays.com\/it\/wp-json\/wp\/v2\/posts"}],"about":[{"href":"https:\/\/www.europesays.com\/it\/wp-json\/wp\/v2\/types\/post"}],"author":[{"embeddable":true,"href":"https:\/\/www.europesays.com\/it\/wp-json\/wp\/v2\/users\/3"}],"replies":[{"embeddable":true,"href":"https:\/\/www.europesays.com\/it\/wp-json\/wp\/v2\/comments?post=166224"}],"version-history":[{"count":0,"href":"https:\/\/www.europesays.com\/it\/wp-json\/wp\/v2\/posts\/166224\/revisions"}],"wp:featuredmedia":[{"embeddable":true,"href":"https:\/\/www.europesays.com\/it\/wp-json\/wp\/v2\/media\/166225"}],"wp:attachment":[{"href":"https:\/\/www.europesays.com\/it\/wp-json\/wp\/v2\/media?parent=166224"}],"wp:term":[{"taxonomy":"category","embeddable":true,"href":"https:\/\/www.europesays.com\/it\/wp-json\/wp\/v2\/categories?post=166224"},{"taxonomy":"post_tag","embeddable":true,"href":"https:\/\/www.europesays.com\/it\/wp-json\/wp\/v2\/tags?post=166224"}],"curies":[{"name":"wp","href":"https:\/\/api.w.org\/{rel}","templated":true}]}}