{"id":166421,"date":"2025-10-15T17:48:13","date_gmt":"2025-10-15T17:48:13","guid":{"rendered":"https:\/\/www.europesays.com\/it\/166421\/"},"modified":"2025-10-15T17:48:13","modified_gmt":"2025-10-15T17:48:13","slug":"in-francia-riaccendono-le-speranze-su-michael-schumacher","status":"publish","type":"post","link":"https:\/\/www.europesays.com\/it\/166421\/","title":{"rendered":"In Francia riaccendono le speranze su Michael Schumacher"},"content":{"rendered":"<p>Una situazione che da sempre rimane avvolta da una nube di mistero, attesa e speranza. <b>Michael Schumacher<\/b>, l\u2019uomo che ha fatto sognare milioni di tifosi, che ha scritto alcune delle pagine pi\u00f9 leggendarie della Formula 1, oggi continua la sua battaglia lontano dai riflettori, quella pi\u00f9 difficile con la vita. Dal giorno di quel tragico incidente del 2013 sugli sci, il suo nome \u00e8 rimasto legato a una fitta nube di silenzio e rispetto. Pochi aggiornamenti, nessuna foto, nessuna dichiarazione diretta: solo l\u2019amore della famiglia e la discrezione assoluta che circonda il suo percorso di vita. Negli ultimi giorni, per\u00f2, qualcosa sembrerebbe essersi mosso. Dalla Francia arriva una piccola luce, che prova a ridare un briciolo di <strong>speranza<\/strong> ai fan del sette volte campione del mondo.<\/p>\n<p>\t\tLe indiscrezioni de L\u2019\u00c9quipe<\/p>\n<p>A rilanciare la voce \u00e8 Stefan L\u2019Hermitte, giornalista francese del quotidiano L\u2019\u00c9quipe, che da tempo segue da vicino tutto ci\u00f2 che ruota attorno al mondo Schumacher. Durante un\u2019intervista radiofonica, L\u2019Hermitte ha raccontato di aver raccolto diverse testimonianze dirette e indirette legate all\u2019ex pilota <a href=\"https:\/\/www.virgilio.it\/motori\/motor-sport\/ferrari-pensiero-schumacher\/264446\/\" rel=\"nofollow noopener\" target=\"_blank\">Ferrari<\/a> e alla sua famiglia. Le sue parole, per quanto caute, hanno acceso l\u2019attenzione dei media di tutto il mondo: \u201cNon sappiamo nulla di preciso \u2013 ha spiegato \u2013 non direi che stia andando bene, ma forse sta andando un po\u2019 meglio. <strong>Le uniche notizie arrivano dalla famiglia<\/strong>.\u201d<\/p>\n<p>Un\u2019affermazione che lascia intendere un<strong> leggero, fragile miglioramento,<\/strong> anche se non sufficiente per parlare di una vera e propria ripresa. La linea di comunicazione della famiglia Schumacher, del resto, \u00e8 sempre stata chiara: massimo riserbo, rispetto per la privacy e nessuna speculazione. Ma quando si parla di Michael, ogni segnale \u2013 anche il pi\u00f9 piccolo \u2013 diventa notizia.<\/p>\n<p>Il mistero del casco firmato<\/p>\n<p>Tra le indiscrezioni pi\u00f9 discusse dell\u2019ultimo periodo c\u2019\u00e8 quella che riguarda il <a href=\"https:\/\/www.virgilio.it\/notizie\/michael-schumacher-autografa-un-casco-di-formula-1-l-annuncio-di-jackie-stewart-come-e-stata-fatta-la-firma-1672986\" target=\"_blank\" rel=\"noopener nofollow\">casco firmato per beneficenza<\/a>. Un oggetto che, secondo quanto riferito, porterebbe la firma recente dello stesso Schumacher. Un gesto apparentemente semplice ma che, viste le condizioni, ha scatenato domande e curiosit\u00e0. L\u2019Hermitte stesso si \u00e8 domandato: \u201cCome \u00e8 riuscito a firmarlo? Sua moglie gli ha tenuto la mano? Non c\u2019\u00e8 certezza, ma \u00e8 la prima volta che abbiamo un segnale positivo da lui, quasi un segno di vita.\u201d<\/p>\n<p>Un dettaglio che lascia sperare molti fan, per quanto avvolto nel mistero. <strong>Firmare un casco<\/strong> potrebbe sembrare un gesto minimo, ma per chi ama la Formula 1 e conosce la storia di Schumacher, equivale a una scintilla di speranza. Naturalmente, \u00e8 bene restare prudenti. Non esistono conferme ufficiali, e la famiglia non ha voluto rilasciare dichiarazioni. Ma dopo anni di silenzio assoluto, anche un piccolo indizio pu\u00f2 sembrare un passo verso la luce.<\/p>\n<p>Tra realt\u00e0 e leggenda<\/p>\n<p>Le condizioni di Michael restano dunque un <strong>segreto custodito con cura<\/strong>. Secondo le ultime informazioni, &#8220;non parla ancora e non lo abbiamo visto camminare. Abbiamo a che fare con chi, forse, ha una piccola interazione con i familiari, anche se a priori non possiamo dire che stia bene&#8221;.<\/p>\n<p>Sono parole difficili da leggere, ma allo stesso tempo cariche di umanit\u00e0. Schumacher per tutti \u00e8 un campione, ma \u00e8 anche un marito, un padre, un uomo che da pi\u00f9 di dieci anni affronta una sfida immensa, sostenuto dalla forza della moglie Corinna e dai figli Mick e Gina-Maria (con il primo <a href=\"https:\/\/www.virgilio.it\/motori\/motor-sport\/formula-1\/mick-schumacher-ritorno-formula-1\/277864\/\" rel=\"nofollow noopener\" target=\"_blank\">vicino al ritorno in Formula 1<\/a>). La famiglia ha scelto la via del silenzio come forma di protezione, per permettergli di vivere lontano dal clamore mediatico. Un gesto di rispetto che, col tempo, anche i tifosi hanno imparato a comprendere.<\/p>\n","protected":false},"excerpt":{"rendered":"Una situazione che da sempre rimane avvolta da una nube di mistero, attesa e speranza. Michael Schumacher, l\u2019uomo&hellip;\n","protected":false},"author":3,"featured_media":166422,"comment_status":"","ping_status":"","sticky":false,"template":"","format":"standard","meta":{"footnotes":""},"categories":[176],"tags":[683,1537,90,89,20560,245,244],"class_list":{"0":"post-166421","1":"post","2":"type-post","3":"status-publish","4":"format-standard","5":"has-post-thumbnail","7":"category-sport","8":"tag-formula-1","9":"tag-it","10":"tag-italia","11":"tag-italy","12":"tag-michael-schumacher","13":"tag-sport","14":"tag-sports"},"share_on_mastodon":{"url":"","error":""},"_links":{"self":[{"href":"https:\/\/www.europesays.com\/it\/wp-json\/wp\/v2\/posts\/166421","targetHints":{"allow":["GET"]}}],"collection":[{"href":"https:\/\/www.europesays.com\/it\/wp-json\/wp\/v2\/posts"}],"about":[{"href":"https:\/\/www.europesays.com\/it\/wp-json\/wp\/v2\/types\/post"}],"author":[{"embeddable":true,"href":"https:\/\/www.europesays.com\/it\/wp-json\/wp\/v2\/users\/3"}],"replies":[{"embeddable":true,"href":"https:\/\/www.europesays.com\/it\/wp-json\/wp\/v2\/comments?post=166421"}],"version-history":[{"count":0,"href":"https:\/\/www.europesays.com\/it\/wp-json\/wp\/v2\/posts\/166421\/revisions"}],"wp:featuredmedia":[{"embeddable":true,"href":"https:\/\/www.europesays.com\/it\/wp-json\/wp\/v2\/media\/166422"}],"wp:attachment":[{"href":"https:\/\/www.europesays.com\/it\/wp-json\/wp\/v2\/media?parent=166421"}],"wp:term":[{"taxonomy":"category","embeddable":true,"href":"https:\/\/www.europesays.com\/it\/wp-json\/wp\/v2\/categories?post=166421"},{"taxonomy":"post_tag","embeddable":true,"href":"https:\/\/www.europesays.com\/it\/wp-json\/wp\/v2\/tags?post=166421"}],"curies":[{"name":"wp","href":"https:\/\/api.w.org\/{rel}","templated":true}]}}