{"id":167248,"date":"2025-10-16T06:31:09","date_gmt":"2025-10-16T06:31:09","guid":{"rendered":"https:\/\/www.europesays.com\/it\/167248\/"},"modified":"2025-10-16T06:31:09","modified_gmt":"2025-10-16T06:31:09","slug":"marina-aveva-un-tumore-ai-polmoni-con-metastasi-cerebrali-ora-la-mia-vita-e-ritornata-come-prima","status":"publish","type":"post","link":"https:\/\/www.europesays.com\/it\/167248\/","title":{"rendered":"Marina aveva un tumore ai polmoni con metastasi cerebrali: \u00abOra la mia vita \u00e8 ritornata come prima\u00bb"},"content":{"rendered":"<p>    di<br \/>\n    Vera Martinella<\/p>\n<p class=\"summary-art is--xlarge is-mr-b-15\">Cinque anni dopo la diagnosi, non sa se \u00e8 guarita, vive nel \u00ablimbo\u00bb dei controlli: \u00abUna grande paura e una felicit\u00e0 immane ogni volta che vanno bene. La cosa importante \u00e8 avere fiducia\u00bb<\/p>\n<p class=\"chapter-paragraph\">Ci vuole fortuna anche quando ci si ammala di cancro. Marina non ne ha avuta molta: ha scoperto il suo <b>tumore ai polmoni quando gi\u00e0 erano presenti delle metastasi cerebrali<\/b>. E la diagnosi \u00e8 arrivata nel periodo orribile della pandemia Covid: il che l&#8217;ha costretta a frequentare l&#8217;ospedale in un momento drammatico, con livelli di paura altissimi e pure<b> da sola<\/b>, visto che l&#8217;accesso era consentito ai soli pazienti senza accompagnatori. Inoltre il primo ciclo di cure non ha avuto l&#8217;effetto sperato e pochi mesi dopo la\u00a0 temuta chemioterapia, il tumore ha ricominciato a crescere. Per\u00f2<b> a volte la fortuna gira e Marina oggi sta bene<\/b>, non segue nessuna terapia, fa regolarmente controlli. <b>Se \u00e8 guarita non lo sa, \u00e8 presto per dirlo.\u00a0<\/b><br \/>\u00abIn casi come questo \u00e8 difficile prevedere se la neoplasia, prima o poi, riprender\u00e0 a progredire &#8211; spiega il suo oncologo,<b> Massimo Di Maio, direttore dell&#8217;Oncologia medica 1 dell\u2019Azienda Ospedaliera Universitaria Citt\u00e0 della Salute e della Scienza ospedale Molinette di Torino<\/b> -. E se lo far\u00e0 non possiamo sapere come reagir\u00e0 alle nuove, ulteriori, cure che potremo proporre. Comunque siamo soddisfatti, perch\u00e9 <b>Marina \u00e8 la rappresentante di una nuova &#8220;categoria&#8221; di persone<\/b>: quelle con un per le quali aspettiamo di capire se e quando possiamo definirle guarite. E&#8217; fortunata, perch\u00e9 solo pochi anni fa con la sua diagnosi avrebbe avuto mediamente <b>pochi mesi di vita<\/b>. D&#8217;altra parte sta percorrendo una strada relativamente nuova, che la scienza per molti aspetti sta ancora studiando\u00bb.<\/p>\n<p>    Tanta paura e una felicit\u00e0 immane: il \u00ablimbo\u00bb di Marina<\/p>\n<p class=\"chapter-paragraph\">Intanto Marina ha appena compiuto 60 anni e nel suo \u00ablimbo\u00bb sta bene, ha imparato a convivere con l&#8217;ansia dei controlli, ha ripreso le redini della sua vita. Come racconta nel <b><a href=\"https:\/\/www.corriere.it\/podcast\/prima-durante-dopo-tumore\/25_ottobre_09\/marina-tumore-polmone-f7fc3090-a51c-11f0-a7a7-4a5b0442222e.shtml\" rel=\"nofollow noopener\" target=\"_blank\">nuovo episodio<\/a>\u00a0del podcast <a href=\"https:\/\/www.corriere.it\/podcast\/prima-durante-dopo-tumore\/\" rel=\"nofollow noopener\" target=\"_blank\">\u00abPrima, durante, dopo. Prevenire, affrontare, superare il cancro\u00bb<\/a><\/b>, una serie del\u00a0Corriere della Sera\u00a0in collaborazione con <a target=\"_blank\" href=\"https:\/\/www.aiom.it\/\" rel=\"nofollow noopener\">Aiom, l\u2019Associazione italiana di oncologia medica<\/a>.\u00a0<br \/>\u00abLa spada di Damocle c&#8217;\u00e8 sempre, perch\u00e9 ogni volta che devo andare a fare un controllo inevitabilmente la paura \u00e8 tanta e quindi sono sempre l\u00ec che aspetto l&#8217;esito e poi&#8230; la felicit\u00e0 \u00e8 altrettanto grande, immane e quindi questo ti fa andare avanti\u00bb.\u00a0<br \/>Certo un bel cambiamento rispetto a cinque anni fa, quando ad <b>aprile del 2020 le \u00e8 stato diagnosticato un adenocarcinoma polmonare con metastasi celebrali<\/b>. \u00abNel momento in cui ti viene diagnosticata un tumore, la tua vita la vedi finita, vedi una strada completamente buia, senza una via di uscita e poi cerchi dentro di te uno spiraglio per andare avanti &#8211; dice -. Per me\u00a0\u00e8 stata mia figlia che aveva appena iniziato l&#8217;universit\u00e0: mi sono fatta forza perch\u00e9 volevo vederla crescere, starle vicino. E non volevo essere una mamma che stava male,\u00a0 caratterialmente non potevo sopportare una cosa del genere. Mi mi sono sempre fatta molto coraggio anche se alcune volte non stavo bene, non avevo la forza di alzarmi dal letto, andavo avanti lo stesso\u00bb.\u00a0    &#13;<br \/>\n&#13;<br \/>\n&#13;<br \/>\n&#13;<br \/>\n&#13;<br \/>\n&#13;<br \/>\n&#13;<br \/>\n&#13;<br \/>\n&#13;<br \/>\n&#13;<br \/>\n&#13;<br \/>\n&#13;<br \/>\n&#13;<br \/>\n&#13;<br \/>\n&#13;<br \/>\n&#13;<br \/>\n&#13;<br \/>\n&#13;<br \/>\n&#13;<br \/>\n&#13;<br \/>\n&#13;<br \/>\n&#13;<br \/>\n&#13;<br \/>\n&#13;<br \/>\n&#13;<br \/>\n&#13;<br \/>\n&#13;<br \/>\n&#13;<br \/>\n&#13;<br \/>\n&#13;<br \/>\n&#13;<br \/>\n&#13;<br \/>\n&#13;<br \/>\n&#13;<br \/>\n&#13;<br \/>\n&#13;<br \/>\n&#13;<br \/>\n&#13;<br \/>\n&#13;<br \/>\n&#13;<br \/>\n&#13;<br \/>\n&#13;<br \/>\n&#13;<br \/>\n&#13;<br \/>\n&#13;<br \/>\n&#13;<br \/>\n&#13;<br \/>\n&#13;<br \/>\n&#13;<br \/>\n&#13;<br \/>\n&#13;<br \/>\n&#13;<br \/>\n&#13;\n<\/p>\n<p>APPROFONDISCI CON IL PODCAST<\/p>\n<p>    Diagnosi spesso tardive e un esame per arrivare prima<\/p>\n<p class=\"chapter-paragraph\">Con 44.831 nuovi casi registrati nel 2024, il <b>carcinoma polmonare \u00e8 il terzo pi\u00f9 frequente nel nostro Paese<\/b>. Ed \u00e8, purtroppo, un tipo di tumore che resta difficile da trattare, perch\u00e9 pi\u00f9 del <b>70% dei pazienti arriva alla diagnosi tardi<\/b>, quando la malattia \u00e8 gi\u00e0 in stadio avanzato e <a href=\"https:\/\/www.corriere.it\/salute\/sportello_cancro\/25_ottobre_07\/tumore-ai-polmoni-il-traguardo-impensabile-fino-a-pochi-anni-fa-meta-dei-pazienti-vivi-a-quattro-anni-dalla-diagnosi-e1f067ff-baf2-4c72-90d2-19c289cb9xlk.shtml\" target=\"_blank\" rel=\"nofollow noopener\">le possibilit\u00e0 di guarire sono ridotte<\/a>\u00a0anche se <a href=\"https:\/\/www.corriere.it\/salute\/sportello_cancro\/25_giugno_09\/tumore-del-polmone-le-novita-dal-congresso-usa-che-allungano-la-vita-dei-malati-c54238a1-d900-4650-bad6-4744b1b51xlk.shtml\" target=\"_blank\" rel=\"nofollow noopener\">oggi sono disponibili diverse terapie innovative che riescono a prolungare in modo significativo la sopravvivenza dei malati<\/a>.\u00a0 \u00abPurtroppo il tumore ai polmoni\u00a0non d\u00e0 segni evidenti della sua presenza agli esordi\u00a0e quando lo fa, \u00e8 generalmente gi\u00e0 diffuso localmente o progredito in fase metastatica &#8211; spiega <b>Massimo di Maio, presidente eletto Aiom<\/b> -: le cose, di conseguenza, si complicano; le cure sono pi\u00f9 complesse e le possibilit\u00e0 di guarigione diminuiscono. Per questo \u00e8 cos\u00ec importante non <b>non fumare, visto che ben 8 casi su 10 sono dovuti al tabacco<\/b>, cio\u00e8 colpiscono tabagisti o ex tabagisti\u00bb.\u00a0<br \/>Non meno importante \u00e8 smettere: i vantaggi ci sono sempre, a qualsiasi et\u00e0, fino a che (dopo circa 20 anni dall&#8217;ultima sigaretta) il pericolo di cancro torna uguale a chi non ha mai fumato.\u00a0<b>Ci sono esami utili per una diagnosi precoce?\u00a0<\/b>\u00abNegli ultimi anni \u00e8 stata dimostrata l\u2019efficacia dello <a href=\"https:\/\/www.corriere.it\/salute\/sportello_cancro\/23_luglio_14\/smettere-fumare-citisina-esame-tumore-polmone-5dbe9bda-1509-11ee-b710-382cd67bcaef.shtml\" target=\"_blank\" rel=\"nofollow noopener\"><b>screening, con la TAC spirale a basse dosi<\/b>\u00a0nei soggetti a rischio<\/a>, ovvero quelli con una lunga storia di fumo &#8211; risponde l&#8217;oncologo -. <a href=\"https:\/\/www.corriere.it\/salute\/sportello_cancro\/25_aprile_11\/tumore-al-polmone-o-danni-al-cuore-causati-dal-fumo-chi-puo-partecipare-al-progetto-aria-per-avere-una-diagnosi-precoce-306ecdc2-1014-40fe-aaa2-83fa518e3xlk.shtml\" target=\"_blank\" rel=\"nofollow noopener\">Ci sono stati vari studi, alcuni anche condotti in Italia, <\/a>che hanno dimostrato che l\u2019impiego dello screening \u00e8 in grado di ridurre la mortalit\u00e0 per tumore del polmone e \u201canticipare\u201d la diagnosi rispetto alla comparsa dei sintomi, consentendo di scoprire la malattia in uno stadio pi\u00f9 limitato e quindi pi\u00f9 candidato a trattamenti potenzialmente guaritivi\u00bb.\u00a0<\/p>\n<p>    Terapie anche per chi \u00e8 inoperabile<\/p>\n<p class=\"chapter-paragraph\"><b> <\/b>\u00abQuando mi hanno detto che il mio tumore era inoperabile inevitabilmente sapevo che l\u2019unica strada era la chemioterapia, avevo tanta paura &#8211; riprende Marina -. Oltretutto io l\u2019ho fatta durante il Covid quindi nessuno poteva entrare con me in ospedale. Dovevo andare da sola:\u00a0entravo alla mattina, uscivo alle cinque e mezza del pomeriggio, dovevo stare da sola.\u00a0 Sembra stupido, ma ho trovato forza nella settimana enigmistica. Mi portavo quella, il giornale da leggere, il lavoro da fare. <b>Mi sono messa nelle mani dell\u2019equipe medica. Mi sono fidata e tutto quello che mi dicevano di fare l\u2019ho fatto<\/b>. La cosa importante \u00e8 avere fiducia, non perdersi in ricerche su internet o spaventarsi degli effetti collaterali di una terapia che ti possono dare, ma guardare proprio solo ed esclusivamente noi stessi\u00bb.<br \/>Quando la malattia \u00e8 operabile, l\u2019intervento chirurgico ha lo scopo di eliminarla, e quindi potenzialmente portare alla guarigione del paziente.<br \/><b>Quando la malattia \u00e8 avanzata, e quindi non operabile, l\u2019obiettivo dei trattamenti \u00e8 di controllarla il pi\u00f9 a lungo possibile.\u00a0<\/b>\u00abNegli ultimi anni, grazie alla disponibilit\u00e0 di nuovi trattamenti, le chance di controllo nel tempo sono aumentate e c\u2019\u00e8 una minoranza di pazienti che ottiene un <b>controllo di malattia lunghissimo &#8211; <\/b>dice di Maio<b> &#8211;<\/b>. Questo capita, ad esempio, con l<b>\u2019immunoterapia <\/b>(la cura somministrata a Marina): purtroppo all\u2019inizio del trattamento non sappiamo prevedere chi risponder\u00e0 benissimo e chi male, ma in questi anni abbiamo visto casi di persone che hanno ottenuto un controllo di malattia e una sopravvivenza molto lunga. Quando c\u2019era solo la chemioterapia, questo risultato era molto improbabile\u00bb.\u00a0<\/p>\n<p>    Il test fondamentale per decidere la cura migliore<\/p>\n<p class=\"chapter-paragraph\">C&#8217;\u00e8 una cosa che \u00e8 fondamentale sapere se si deve fare i conti con questa neoplasia: un numero crescente di persone pu\u00f2 trarre beneficio dai <b>nuovi farmaci mirati contro le specifiche mutazioni che provocano il tumore <\/b>(cosiddetti\u00a0<b>a bersaglio molecolare<\/b> o <b>target therapy<\/b>). Con vantaggi sia in termini di un allungamento della sopravvivenza (passata da pochi mesi anche a diversi anni), sia sul fronte della <b>qualit\u00e0 di vita<\/b>.<br \/>\u00ab\u00c8 fondamentale conoscere se e quali alterazioni genetiche sono presenti all\u2019interno della neoplasia di ciascun paziente perch\u00e9 \u00e8 proprio in base al cosiddetto <a href=\"https:\/\/www.corriere.it\/salute\/sportello_cancro\/22_agosto_17\/tumore-polmone-esame-mutazioni-genetiche-7e74098c-08d5-11ed-8646-597bdbb9e8cf.shtml\" rel=\"nofollow noopener\" target=\"_blank\">\u201cprofilo molecolare\u201d del tumore <\/a>che possiamo scegliere le cure pi\u00f9 efficaci caso per caso &#8211; ricorda l&#8217;esperto -. Gi\u00e0 oggi circa un terzo dei tumori del polmone si pu\u00f2 affrontare con un approccio nel contesto della medicina di precisione: ricercando cio\u00e8 target molecolari per i quali sono stati sviluppati farmaci mirati. Rappresentano<b> il trattamento migliore quando il tumore presenta l\u2019alterazione \u201cbersaglio\u201d <\/b>per quei farmaci e la lista dei bersagli e dei rispettivi farmaci si \u00e8 molto allungata negli ultimi anni\u00bb.<br \/>Per poter parlare di guarigione servono molti dati, numeri, evidenze, che oggi non ci sono ancora.<b> Marina, intanto va avanti, un passo dopo l&#8217;altro<\/b>: \u00abHo sospeso l\u2019immunoterapia a gennaio 2024\u00a0 e ora <b>non prendo nessun tipo di farmaco. <\/b>Faccio i miei controlli (ora ogni sei mesi), ovviamente l\u2019addensamento al polmone continua ad esserci, ma io non ho nessun effetto, sto bene<b>, la mia vita \u00e8 ritornata praticamente come era prima. <\/b>Non sono cambiata. So che la malattia pu\u00f2 far cambiare, io non sono cambiata cos\u00ec tanto, ma apprezzo le piccole cose che magari prima potevano sfuggirmi\u00bb.<\/p>\n<p class=\"is-last-update\" datetime=\"2025-10-16T08:30:02+02:00\">16 ottobre 2025 ( modifica il 16 ottobre 2025 | 08:30)<\/p>\n<p class=\"is-copyright\">\n            \u00a9 RIPRODUZIONE RISERVATA\n        <\/p>\n<p class=\"overtitle\">Hai un dubbio o un quesito medico?<\/p>\n<p class=\"caption\">I nostri medici e specialisti rispondo ai tuoi quesiti su temi sanitari<\/p>\n","protected":false},"excerpt":{"rendered":"di Vera Martinella Cinque anni dopo la diagnosi, non sa se \u00e8 guarita, vive nel \u00ablimbo\u00bb dei controlli:&hellip;\n","protected":false},"author":3,"featured_media":167249,"comment_status":"","ping_status":"","sticky":false,"template":"","format":"standard","meta":{"footnotes":""},"categories":[175],"tags":[5649,75452,32,2201,24181,1901,9223,1045,2139,59051,631,2042,8076,2575,102725,122,4124,3081,2664,2339,3635,6927,16481,3880,2297,102726,7216,5208,102727,3593,4205,2611,53940,44860,239,102722,102728,48,102729,51315,102730,1537,90,89,93360,1258,102723,370,102731,6408,1285,102732,8147,102724,102733,2051,59098,81232,20136,273,4483,10543,100850,80107,102734,812,5238,102735,102736,6224,10225,2466,85653,45211,20130,896,7901,240,5244,20126,3726,26733,25147,1900,20134,338],"class_list":{"0":"post-167248","1":"post","2":"type-post","3":"status-publish","4":"format-standard","5":"has-post-thumbnail","7":"category-salute","8":"tag-affrontare","9":"tag-aiom","10":"tag-andare","11":"tag-appena","12":"tag-bersaglio","13":"tag-cambiata","14":"tag-cancro","15":"tag-casi","16":"tag-cerebrali","17":"tag-chemioterapia","18":"tag-cinque","19":"tag-cioe","20":"tag-controlli","21":"tag-controllo","22":"tag-controllo-malattia","23":"tag-cose","24":"tag-covid","25":"tag-crescere","26":"tag-cura","27":"tag-cure","28":"tag-diagnosi","29":"tag-difficile","30":"tag-dovevo","31":"tag-effetto","32":"tag-farmaci","33":"tag-farmaci-mirati","34":"tag-fatta","35":"tag-felicita","36":"tag-felicita-immane","37":"tag-fiducia","38":"tag-fondamentale","39":"tag-fortuna","40":"tag-guarigione","41":"tag-guarita","42":"tag-health","43":"tag-immane","44":"tag-immunoterapia","45":"tag-importante","46":"tag-importante-fiducia","47":"tag-inevitabilmente","48":"tag-inoperabile","49":"tag-it","50":"tag-italia","51":"tag-italy","52":"tag-limbo","53":"tag-lunga","54":"tag-maio","55":"tag-malattia","56":"tag-malattia-stadio","57":"tag-marina","58":"tag-massimo","59":"tag-massimo-maio","60":"tag-medica","61":"tag-metastasi","62":"tag-metastasi-cerebrali","63":"tag-migliore","64":"tag-mirati","65":"tag-molecolare","66":"tag-neoplasia","67":"tag-nuova","68":"tag-nuovi","69":"tag-oncologia","70":"tag-oncologia-medica","71":"tag-oncologo","72":"tag-operabile","73":"tag-ospedale","74":"tag-paura","75":"tag-paura-felicita","76":"tag-paura-felicita-immane","77":"tag-paziente","78":"tag-pazienti","79":"tag-pochi","80":"tag-polmonare","81":"tag-polmone","82":"tag-polmoni","83":"tag-possiamo","84":"tag-possibilita","85":"tag-salute","86":"tag-sola","87":"tag-sopravvivenza","88":"tag-strada","89":"tag-tanta","90":"tag-trattamenti","91":"tag-tumore","92":"tag-tumore-polmoni","93":"tag-ultimi"},"share_on_mastodon":{"url":"","error":""},"_links":{"self":[{"href":"https:\/\/www.europesays.com\/it\/wp-json\/wp\/v2\/posts\/167248","targetHints":{"allow":["GET"]}}],"collection":[{"href":"https:\/\/www.europesays.com\/it\/wp-json\/wp\/v2\/posts"}],"about":[{"href":"https:\/\/www.europesays.com\/it\/wp-json\/wp\/v2\/types\/post"}],"author":[{"embeddable":true,"href":"https:\/\/www.europesays.com\/it\/wp-json\/wp\/v2\/users\/3"}],"replies":[{"embeddable":true,"href":"https:\/\/www.europesays.com\/it\/wp-json\/wp\/v2\/comments?post=167248"}],"version-history":[{"count":0,"href":"https:\/\/www.europesays.com\/it\/wp-json\/wp\/v2\/posts\/167248\/revisions"}],"wp:featuredmedia":[{"embeddable":true,"href":"https:\/\/www.europesays.com\/it\/wp-json\/wp\/v2\/media\/167249"}],"wp:attachment":[{"href":"https:\/\/www.europesays.com\/it\/wp-json\/wp\/v2\/media?parent=167248"}],"wp:term":[{"taxonomy":"category","embeddable":true,"href":"https:\/\/www.europesays.com\/it\/wp-json\/wp\/v2\/categories?post=167248"},{"taxonomy":"post_tag","embeddable":true,"href":"https:\/\/www.europesays.com\/it\/wp-json\/wp\/v2\/tags?post=167248"}],"curies":[{"name":"wp","href":"https:\/\/api.w.org\/{rel}","templated":true}]}}