{"id":167292,"date":"2025-10-16T07:14:11","date_gmt":"2025-10-16T07:14:11","guid":{"rendered":"https:\/\/www.europesays.com\/it\/167292\/"},"modified":"2025-10-16T07:14:11","modified_gmt":"2025-10-16T07:14:11","slug":"motogp-oggi-la-parata-alla-vigilia-del-gp-australia-stoner-guida-il-gruppo-foto","status":"publish","type":"post","link":"https:\/\/www.europesays.com\/it\/167292\/","title":{"rendered":"MotoGP, oggi la parata alla vigilia del GP Australia: Stoner guida il gruppo. FOTO"},"content":{"rendered":"<p>Ormai \u00e8 diventata una tradizione alla vigilia del GP Australia: a Phillip Island si \u00e8 svolta la parata con partenza dalla citt\u00e0 di San Remo e arrivo al circuito. A guidare il gruppo di appassionati locali, misto a piloti MotoGP, il due volte campione del mondo Casey Stoner, sei volte vincitore (dal 2007 al 2012) sul tracciato di casa. Al suo fianco anche i ducatisti Bagnaia e Aldeguer, Bezzecchi per Aprilia, Bastianini per Ktm, Mir per Honda e l&#8217;australiano Jack Miller (Yamaha). Ecco tutte le foto<\/p>\n<p><a data-intcmp-qp=\"skysport_photogallery_interlink_text\" href=\"https:\/\/video.sky.it\/sport\/motogp\/video\/motogp-parata-gp-australia-phillip-island-video-1043480\" target=\"_blank\" rel=\"nofollow noopener\">GUARDA IL VIDEO<\/a><\/p>\n","protected":false},"excerpt":{"rendered":"Ormai \u00e8 diventata una tradizione alla vigilia del GP Australia: a Phillip Island si \u00e8 svolta la parata&hellip;\n","protected":false},"author":3,"featured_media":167293,"comment_status":"","ping_status":"","sticky":false,"template":"","format":"standard","meta":{"footnotes":"","_share_on_mastodon":"0"},"categories":[1455],"tags":[8388,1834,18918,1725,2360,34858,1537,90,89,14766,3005,1783,1785,1784,94820,245,244],"class_list":["post-167292","post","type-post","status-publish","format-standard","has-post-thumbnail","category-moto","tag-casey-stoner","tag-enea-bastianini","tag-fermin-aldeguer","tag-fotogallery","tag-francesco-bagnaia","tag-gp-australia","tag-it","tag-italia","tag-italy","tag-joan-mir","tag-marco-bezzecchi","tag-moto","tag-motogp","tag-motorcycle","tag-phillip-island","tag-sport","tag-sports"],"share_on_mastodon":{"url":"","error":""},"_links":{"self":[{"href":"https:\/\/www.europesays.com\/it\/wp-json\/wp\/v2\/posts\/167292","targetHints":{"allow":["GET"]}}],"collection":[{"href":"https:\/\/www.europesays.com\/it\/wp-json\/wp\/v2\/posts"}],"about":[{"href":"https:\/\/www.europesays.com\/it\/wp-json\/wp\/v2\/types\/post"}],"author":[{"embeddable":true,"href":"https:\/\/www.europesays.com\/it\/wp-json\/wp\/v2\/users\/3"}],"replies":[{"embeddable":true,"href":"https:\/\/www.europesays.com\/it\/wp-json\/wp\/v2\/comments?post=167292"}],"version-history":[{"count":0,"href":"https:\/\/www.europesays.com\/it\/wp-json\/wp\/v2\/posts\/167292\/revisions"}],"wp:featuredmedia":[{"embeddable":true,"href":"https:\/\/www.europesays.com\/it\/wp-json\/wp\/v2\/media\/167293"}],"wp:attachment":[{"href":"https:\/\/www.europesays.com\/it\/wp-json\/wp\/v2\/media?parent=167292"}],"wp:term":[{"taxonomy":"category","embeddable":true,"href":"https:\/\/www.europesays.com\/it\/wp-json\/wp\/v2\/categories?post=167292"},{"taxonomy":"post_tag","embeddable":true,"href":"https:\/\/www.europesays.com\/it\/wp-json\/wp\/v2\/tags?post=167292"}],"curies":[{"name":"wp","href":"https:\/\/api.w.org\/{rel}","templated":true}]}}