{"id":167506,"date":"2025-10-16T10:00:10","date_gmt":"2025-10-16T10:00:10","guid":{"rendered":"https:\/\/www.europesays.com\/it\/167506\/"},"modified":"2025-10-16T10:00:10","modified_gmt":"2025-10-16T10:00:10","slug":"basta-uomini-da-mantenere-andrea-delogu-e-meglio-di-un-marito-io-e-mio-fratello-potevamo-diventare-due-serial-killer-2","status":"publish","type":"post","link":"https:\/\/www.europesays.com\/it\/167506\/","title":{"rendered":"\u00abBasta uomini da mantenere, Andrea Delogu \u00e8 meglio di un marito. Io e mio fratello potevamo diventare due serial killer\u00bb"},"content":{"rendered":"<p>                \u00abPotevamo diventare serial killer\u00bb <\/p>\n<p>Oggi non pensa pi\u00f9 alla morte come una salvezza. Quella le \u00e8 successo quando era bambina, quando viveva ancora con sua madre. Poi \u00e8 morta. \u00abAll\u2019inizio non ho provato nulla. Il funerale \u00e8 stato complicato, anche dal punto di vista economico. Dopo qualche giorno ho ascoltato un album di George Michael che le piaceva ed \u00e8 stato l\u00ec che mi sono liberata davvero, perch\u00e9 ho capito che non la odiavo pi\u00f9\u00bb. Oggi il suo punto debole \u00e8 suo fratello. \u00abPer farmi piangere basta nominarmelo. Siamo due persone buone. Con quello che abbiamo vissuto, potevamo diventare serial killer\u00bb.<\/p>\n","protected":false},"excerpt":{"rendered":"\u00abPotevamo diventare serial killer\u00bb Oggi non pensa pi\u00f9 alla morte come una salvezza. Quella le \u00e8 successo quando&hellip;\n","protected":false},"author":3,"featured_media":166144,"comment_status":"","ping_status":"","sticky":false,"template":"","format":"standard","meta":{"footnotes":""},"categories":[1451],"tags":[4713,1621,1620,22105,203,204,1537,90,89],"class_list":{"0":"post-167506","1":"post","2":"type-post","3":"status-publish","4":"format-standard","5":"has-post-thumbnail","7":"category-celebrita","8":"tag-andrea-delogu","9":"tag-celebrita","10":"tag-celebrities","11":"tag-ema-stokholma","12":"tag-entertainment","13":"tag-intrattenimento","14":"tag-it","15":"tag-italia","16":"tag-italy"},"share_on_mastodon":{"url":"","error":""},"_links":{"self":[{"href":"https:\/\/www.europesays.com\/it\/wp-json\/wp\/v2\/posts\/167506","targetHints":{"allow":["GET"]}}],"collection":[{"href":"https:\/\/www.europesays.com\/it\/wp-json\/wp\/v2\/posts"}],"about":[{"href":"https:\/\/www.europesays.com\/it\/wp-json\/wp\/v2\/types\/post"}],"author":[{"embeddable":true,"href":"https:\/\/www.europesays.com\/it\/wp-json\/wp\/v2\/users\/3"}],"replies":[{"embeddable":true,"href":"https:\/\/www.europesays.com\/it\/wp-json\/wp\/v2\/comments?post=167506"}],"version-history":[{"count":0,"href":"https:\/\/www.europesays.com\/it\/wp-json\/wp\/v2\/posts\/167506\/revisions"}],"wp:featuredmedia":[{"embeddable":true,"href":"https:\/\/www.europesays.com\/it\/wp-json\/wp\/v2\/media\/166144"}],"wp:attachment":[{"href":"https:\/\/www.europesays.com\/it\/wp-json\/wp\/v2\/media?parent=167506"}],"wp:term":[{"taxonomy":"category","embeddable":true,"href":"https:\/\/www.europesays.com\/it\/wp-json\/wp\/v2\/categories?post=167506"},{"taxonomy":"post_tag","embeddable":true,"href":"https:\/\/www.europesays.com\/it\/wp-json\/wp\/v2\/tags?post=167506"}],"curies":[{"name":"wp","href":"https:\/\/api.w.org\/{rel}","templated":true}]}}