{"id":167711,"date":"2025-10-16T12:23:17","date_gmt":"2025-10-16T12:23:17","guid":{"rendered":"https:\/\/www.europesays.com\/it\/167711\/"},"modified":"2025-10-16T12:23:17","modified_gmt":"2025-10-16T12:23:17","slug":"paola-cortellesi-apre-la-festa-del-cinema-di-roma-2025-con-labito-finto-smoking-color-blu-notte-di-giorgio-armani","status":"publish","type":"post","link":"https:\/\/www.europesays.com\/it\/167711\/","title":{"rendered":"Paola Cortellesi apre la Festa del Cinema di Roma 2025 con l&#8217;abito finto smoking color blu notte di Giorgio Armani"},"content":{"rendered":"<p>Paola Cortellesi alla Festa del Cinema di Roma 2025: tutti i look dell&#8217;attrice e regista che torna all&#8217;Auditorium come Presidente di Giuria<\/p>\n<p>\u201cSar\u00f2 sempre grata alla Festa del Cinema di Roma, il mio primo film da regista <a href=\"https:\/\/www.vogue.it\/article\/c-e-ancora-domani-film-paola-cortellesi\" rel=\"nofollow noopener\" target=\"_blank\">C&#8217;\u00e8 ancora domani<\/a> part\u00ec proprio da qui, due anni fa esatti. Per me tornare qui in veste di presidente di giuria \u00e8 una gioia e un onore, sono emozionata e entusiasta\u201d. Cos\u00ec Paola Cortellesi ha salutato la <a href=\"https:\/\/www.vogue.it\/article\/festa-del-cinema-di-roma-2025-programma-film\" rel=\"nofollow noopener\" target=\"_blank\">Festa del Cinema di Roma 2025<\/a> direttamente dal palcoscenico dell&#8217;Auditorium Parco della Musica Ennio Morricone nella cerimonia d&#8217;apertura condotta da Ema Stokholma nella serata di mercoled\u00ec 15 ottobre.<\/p>\n<p>Per questo nuovo battesimo &#8211; la sua opera prima venne presentata proprio come film d&#8217;apertura dell&#8217;edizione 2023 &#8211; Paola Cortellesi ha calcato il red carpet indossando un abito lungo blu notte firmato Giorgio Armani. Come due anni fa, l&#8217;attrice ha confermato l&#8217;eleganza armaniana.<\/p>\n<p>Leggi anche: <a href=\"https:\/\/www.vogue.it\/gallery\/festa-del-cinema-di-roma-2025-look-red-carpet-vota-il-tuo-preferito\" rel=\"nofollow noopener\" target=\"_blank\">Festa del Cinema di Roma 2025, il red carpet con i look pi\u00f9 belli e le star pi\u00f9 attese: votate il vostro preferito!<\/a><\/p>\n<p><img decoding=\"async\" alt=\"Paola Cortellesi Festa del Cinema di Roma 2025\" loading=\"lazy\" class=\"ResponsiveImageContainer-eNxvmU cfBbTk responsive-image__image\"   src=\"https:\/\/www.europesays.com\/it\/wp-content\/uploads\/2025\/10\/Paola%20Cortellesi%20Festa%20Cinema%20Roma%202025%20look%20giorgio%20armaniGettyImages-2241228832.jp.jpeg\"\/><\/p>\n<p>Il look Giorgio Armani di Paola Cortellesi<\/p>\n<p>Vittorio Zunino Celotto\/Getty ImagesPaola Cortellesi alla Festa del Cinema di Roma 2025: i dettagli del look Giorgio Armani per la cerimonia d&#8217;apertura<\/p>\n<p>Alla Festa del Cinema di Roma 2025, Paola Cortellesi ha incantato il red carpet con un look di straordinaria eleganza firmato <a href=\"https:\/\/www.vogue.it\/article\/giorgio-armani-biografia-completa\" target=\"_blank\" rel=\"nofollow noopener\">Giorgio Armani<\/a>. L\u2019attrice ha scelto un long dress blu notte che, pur nella sua apparente semplicit\u00e0, ha saputo reinterpretare in chiave contemporanea il pi\u00f9 classico dei codici Black-tie. Il colore, cos\u00ec profondo da sembrare quasi nero, ha aggiunto una nota di raffinatezza sottile, distinguendosi con discrezione.<\/p>\n","protected":false},"excerpt":{"rendered":"Paola Cortellesi alla Festa del Cinema di Roma 2025: tutti i look dell&#8217;attrice e regista che torna all&#8217;Auditorium&hellip;\n","protected":false},"author":3,"featured_media":167712,"comment_status":"","ping_status":"","sticky":false,"template":"","format":"standard","meta":{"footnotes":""},"categories":[174],"tags":[203,80942,204,1537,90,89,94526],"class_list":{"0":"post-167711","1":"post","2":"type-post","3":"status-publish","4":"format-standard","5":"has-post-thumbnail","7":"category-intrattenimento","8":"tag-entertainment","9":"tag-festa-del-cinema-di-roma","10":"tag-intrattenimento","11":"tag-it","12":"tag-italia","13":"tag-italy","14":"tag-paola-cortellesi"},"share_on_mastodon":{"url":"","error":""},"_links":{"self":[{"href":"https:\/\/www.europesays.com\/it\/wp-json\/wp\/v2\/posts\/167711","targetHints":{"allow":["GET"]}}],"collection":[{"href":"https:\/\/www.europesays.com\/it\/wp-json\/wp\/v2\/posts"}],"about":[{"href":"https:\/\/www.europesays.com\/it\/wp-json\/wp\/v2\/types\/post"}],"author":[{"embeddable":true,"href":"https:\/\/www.europesays.com\/it\/wp-json\/wp\/v2\/users\/3"}],"replies":[{"embeddable":true,"href":"https:\/\/www.europesays.com\/it\/wp-json\/wp\/v2\/comments?post=167711"}],"version-history":[{"count":0,"href":"https:\/\/www.europesays.com\/it\/wp-json\/wp\/v2\/posts\/167711\/revisions"}],"wp:featuredmedia":[{"embeddable":true,"href":"https:\/\/www.europesays.com\/it\/wp-json\/wp\/v2\/media\/167712"}],"wp:attachment":[{"href":"https:\/\/www.europesays.com\/it\/wp-json\/wp\/v2\/media?parent=167711"}],"wp:term":[{"taxonomy":"category","embeddable":true,"href":"https:\/\/www.europesays.com\/it\/wp-json\/wp\/v2\/categories?post=167711"},{"taxonomy":"post_tag","embeddable":true,"href":"https:\/\/www.europesays.com\/it\/wp-json\/wp\/v2\/tags?post=167711"}],"curies":[{"name":"wp","href":"https:\/\/api.w.org\/{rel}","templated":true}]}}