{"id":168004,"date":"2025-10-16T15:45:09","date_gmt":"2025-10-16T15:45:09","guid":{"rendered":"https:\/\/www.europesays.com\/it\/168004\/"},"modified":"2025-10-16T15:45:09","modified_gmt":"2025-10-16T15:45:09","slug":"sinner-djokovic-la-diretta-del-six-kings-slam-jannik-cerca-il-pass-per-la-finale","status":"publish","type":"post","link":"https:\/\/www.europesays.com\/it\/168004\/","title":{"rendered":"Sinner-Djokovic, la diretta del Six Kings Slam: Jannik cerca il pass per la finale"},"content":{"rendered":"<p>\t\t\tSinner:\u00a0\u00abLa Coppa Davis? Non ho ancora deciso, non lo so\u00bb<\/p>\n<p>Intanto, il numero 2 del mondo ha spiegato che ancora non sa se prender\u00e0 parte alla fase finale della Coppa Davis, in programma a Bologna tra poco pi\u00f9 di un mese (18-23 novembre), dove l\u2019Italia difender\u00e0 il trofeo vinto nel 2023 (edizione in cui Sinner ha ribaltato il suo rapporto di vittorie e sconfitte proprio contro Djokovic in semifinale) e nel 2024.\u00a0 \u00abNon ho ancora deciso, non lo so\u00bb, ha\u00a0 spiegato secondo quanto riportato da Sky Sport.<br \/>Sul tappeto c&#8217;\u00e8 anche l&#8217;amaro ritiro al terzo turno del Masters 1000 di Shanghai per i noti crampi che lo han colpito:\u00a0\u00abCerchiamo di capire perch\u00e9 ho avuto questi crampi, a volte non c\u2019\u00e8 sempre un motivo. Sono cose che possono capitare, ma ora sto bene, \u00e8 la cosa pi\u00f9 importante\u00bb.<\/p>\n","protected":false},"excerpt":{"rendered":"Sinner:\u00a0\u00abLa Coppa Davis? Non ho ancora deciso, non lo so\u00bb Intanto, il numero 2 del mondo ha spiegato&hellip;\n","protected":false},"author":3,"featured_media":168005,"comment_status":"","ping_status":"","sticky":false,"template":"","format":"standard","meta":{"footnotes":""},"categories":[1457],"tags":[928,4297,24184,87842,9849,3059,103332,26568,1426,1537,90,89,1269,1717,30976,30977,103333,27588,1312,27056,897,1924,366,10285,30978,30979,3423,245,244,1273,9255],"class_list":{"0":"post-168004","1":"post","2":"type-post","3":"status-publish","4":"format-standard","5":"has-post-thumbnail","7":"category-tennis","8":"tag-chiaro","9":"tag-coppa","10":"tag-coppa-davis","11":"tag-crampi","12":"tag-davis","13":"tag-deciso","14":"tag-deciso-so","15":"tag-djokovic","16":"tag-finale","17":"tag-it","18":"tag-italia","19":"tag-italy","20":"tag-jannik","21":"tag-jannik-sinner","22":"tag-kings","23":"tag-kings-slam","24":"tag-kings-slam-jannik","25":"tag-novak","26":"tag-numero","27":"tag-palio","28":"tag-programma","29":"tag-semifinale","30":"tag-sinner","31":"tag-six","32":"tag-six-kings","33":"tag-six-kings-slam","34":"tag-slam","35":"tag-sport","36":"tag-sports","37":"tag-tennis","38":"tag-tsitsipas"},"share_on_mastodon":{"url":"","error":""},"_links":{"self":[{"href":"https:\/\/www.europesays.com\/it\/wp-json\/wp\/v2\/posts\/168004","targetHints":{"allow":["GET"]}}],"collection":[{"href":"https:\/\/www.europesays.com\/it\/wp-json\/wp\/v2\/posts"}],"about":[{"href":"https:\/\/www.europesays.com\/it\/wp-json\/wp\/v2\/types\/post"}],"author":[{"embeddable":true,"href":"https:\/\/www.europesays.com\/it\/wp-json\/wp\/v2\/users\/3"}],"replies":[{"embeddable":true,"href":"https:\/\/www.europesays.com\/it\/wp-json\/wp\/v2\/comments?post=168004"}],"version-history":[{"count":0,"href":"https:\/\/www.europesays.com\/it\/wp-json\/wp\/v2\/posts\/168004\/revisions"}],"wp:featuredmedia":[{"embeddable":true,"href":"https:\/\/www.europesays.com\/it\/wp-json\/wp\/v2\/media\/168005"}],"wp:attachment":[{"href":"https:\/\/www.europesays.com\/it\/wp-json\/wp\/v2\/media?parent=168004"}],"wp:term":[{"taxonomy":"category","embeddable":true,"href":"https:\/\/www.europesays.com\/it\/wp-json\/wp\/v2\/categories?post=168004"},{"taxonomy":"post_tag","embeddable":true,"href":"https:\/\/www.europesays.com\/it\/wp-json\/wp\/v2\/tags?post=168004"}],"curies":[{"name":"wp","href":"https:\/\/api.w.org\/{rel}","templated":true}]}}