{"id":168163,"date":"2025-10-16T17:34:16","date_gmt":"2025-10-16T17:34:16","guid":{"rendered":"https:\/\/www.europesays.com\/it\/168163\/"},"modified":"2025-10-16T17:34:16","modified_gmt":"2025-10-16T17:34:16","slug":"ciclomercato-2026-burgaudeau-fernandez-prades-thijssen-velasco","status":"publish","type":"post","link":"https:\/\/www.europesays.com\/it\/168163\/","title":{"rendered":"CicloMercato 2026: Burgaudeau, Fern\u00e1ndez, Prades, Thijssen, Velasco"},"content":{"rendered":"<p>\t\t\t\t\t<a href=\"https:\/\/cyclingpro.net\/spaziociclismo\/altro\/scopri-lapp-ufficiale-di-spaziociclismo\/\" title=\"\" rel=\"nofollow noopener\" target=\"_blank\"><br \/>\n\t\t\t\t\t\t<img loading=\"lazy\" decoding=\"async\" src=\"https:\/\/www.europesays.com\/it\/wp-content\/uploads\/2025\/09\/1758060682_662_Banner-App-SpazioCiclismo.png\" alt=\"\" width=\"728\" height=\"91\"\/><br \/>\n\t\t\t\t\t<\/a><\/p>\n<p>Diversi nodi di <strong>CicloMercato<\/strong> si stanno sciogliendo proprio in questi giorni e il panorama generale subisce, di conseguenza, diversi assestamenti. C\u2019\u00e8 per\u00f2 una situazione, quella relativa alla fusione fra Lotto e Intermarch\u00e9-Wanty, ancora in attesa di definizione e per questo ci sono diverse voci relative ai corridori di quelle due squadre, e in particolare di quella che dovrebbe \u201cconfluire\u201d nell\u2019altra, ovvero la Intermarch\u00e9-Wanty. I corridori a essa in forza sarebbero infatti automaticamente liberi e se non facessero parte dei piani del prodotto della fusione dovrebbero cercarsi una nuova squadra.<\/p>\n<p>\u00c8 quello che starebbe facendo <strong>Gerben Thijssen<\/strong>, velocista belga abbastanza produttivo (9 vittorie in carriera, nessuna nel 2025), che sarebbe vicino a trovare posto nella <strong>Alpecin-Deceuninck<\/strong> versione 2026, secondo quel che riporta <a href=\"https:\/\/www.hln.be\/wielrennen\/getekend-en-aangekondigd-bij-soudal-quick-step-maar-edward-planckaert-blijft-dan-toch-bij-alpecin-deceuninck~a5302a7f\/\" target=\"_blank\" rel=\"noopener nofollow\">Het Laatste Nieuws<\/a>. La squadra belga, che finora si \u00e8 mossa poco sul CicloMercato, aggiungerebbe cos\u00ec un ulteriore finalizzatore a una squadra che conta gi\u00e0 su Mathieu Van der Poel, Jasper Philipsen e Kaden Groves.<\/p>\n<p>Nell\u2019ambito delle voci c\u2019\u00e8 anche quella riguardante <strong>Simone Velasco<\/strong>. Il campione italiano in linea 2023 \u00e8 in scadenza con la <strong>XDS Astana,<\/strong> che dovrebbe per\u00f2 tenerlo in organico prolungandogli il contratto. Stando a quanto riporta Ciro Scognamiglio, giornalista della Gazzetta dello Sport, Velasco avrebbe gi\u00e0 firmato un nuovo legame con scadenza a fine 2027.<\/p>\n<p>Scendendo nella galassia Professional, la <strong>TotalEnergies<\/strong> prosegue la sua campagna di conferme e annuncia il prolungamento di contratto di <strong>Mathieu Burgaudeau.<\/strong> Il 26enne francese rimane quindi legato alla squadra che lo ha visto muovere le prime pedalate da professionista, nel 2019, e che da allora lo ha sempre tenuto in organico, festeggiando con lui cinque vittorie complessive.<\/p>\n<p>Stessi colori, rispetto alla stagione 2025, pure per lo spagnolo <strong>Eduard Prades<\/strong>, che nel 2026 vivr\u00e0 la sua ottava stagione (la quinta consecutiva) con la maglia della <strong>Caja Rural-Seguros RGA.\u00a0<\/strong>Velocista resistente di 38 anni, Prades \u00e8 corridore che sa dare il suo contributo negli ordini d\u2019arrivo, raccogliendo un buon numero di punti UCI nell\u2019arco della stagione che si sta per concludere.<\/p>\n<p>Si muove anche la <strong>Euskaltel-Euskadi,<\/strong> che annuncia il passaggio a professionista, nel 2026, di <strong>Samuel\u00a0Fern\u00e1ndez.<\/strong> Asturiano, classe 2003, ha fatto parte della squadra giovanile della formazione basca nell\u2019annata 2025, guadagnandosi, con una serie di buoni risultati nel panorama nazionale, la \u201cpromozione\u201d nell\u2019organico Professional.<\/p>\n","protected":false},"excerpt":{"rendered":"Diversi nodi di CicloMercato si stanno sciogliendo proprio in questi giorni e il panorama generale subisce, di conseguenza,&hellip;\n","protected":false},"author":3,"featured_media":13600,"comment_status":"","ping_status":"","sticky":false,"template":"","format":"standard","meta":{"footnotes":""},"categories":[1456],"tags":[1824,1849,1825,1537,90,89,245,244],"class_list":{"0":"post-168163","1":"post","2":"type-post","3":"status-publish","4":"format-standard","5":"has-post-thumbnail","7":"category-ciclismo","8":"tag-ciclismo","9":"tag-ciclomercato-2026","10":"tag-cycling","11":"tag-it","12":"tag-italia","13":"tag-italy","14":"tag-sport","15":"tag-sports"},"share_on_mastodon":{"url":"","error":""},"_links":{"self":[{"href":"https:\/\/www.europesays.com\/it\/wp-json\/wp\/v2\/posts\/168163","targetHints":{"allow":["GET"]}}],"collection":[{"href":"https:\/\/www.europesays.com\/it\/wp-json\/wp\/v2\/posts"}],"about":[{"href":"https:\/\/www.europesays.com\/it\/wp-json\/wp\/v2\/types\/post"}],"author":[{"embeddable":true,"href":"https:\/\/www.europesays.com\/it\/wp-json\/wp\/v2\/users\/3"}],"replies":[{"embeddable":true,"href":"https:\/\/www.europesays.com\/it\/wp-json\/wp\/v2\/comments?post=168163"}],"version-history":[{"count":0,"href":"https:\/\/www.europesays.com\/it\/wp-json\/wp\/v2\/posts\/168163\/revisions"}],"wp:featuredmedia":[{"embeddable":true,"href":"https:\/\/www.europesays.com\/it\/wp-json\/wp\/v2\/media\/13600"}],"wp:attachment":[{"href":"https:\/\/www.europesays.com\/it\/wp-json\/wp\/v2\/media?parent=168163"}],"wp:term":[{"taxonomy":"category","embeddable":true,"href":"https:\/\/www.europesays.com\/it\/wp-json\/wp\/v2\/categories?post=168163"},{"taxonomy":"post_tag","embeddable":true,"href":"https:\/\/www.europesays.com\/it\/wp-json\/wp\/v2\/tags?post=168163"}],"curies":[{"name":"wp","href":"https:\/\/api.w.org\/{rel}","templated":true}]}}