{"id":168297,"date":"2025-10-16T19:08:10","date_gmt":"2025-10-16T19:08:10","guid":{"rendered":"https:\/\/www.europesays.com\/it\/168297\/"},"modified":"2025-10-16T19:08:10","modified_gmt":"2025-10-16T19:08:10","slug":"pilar-fogliati-in-questo-film-cerco-di-capire-cosa-prova-un-traditore-in-amore","status":"publish","type":"post","link":"https:\/\/www.europesays.com\/it\/168297\/","title":{"rendered":"Pilar Fogliati: \u00abIn questo film cerco di capire cosa prova un traditore in amore\u00bb"},"content":{"rendered":"<p>    di<br \/>\n    Valerio Cappelli<\/p>\n<p class=\"summary-art is-line-h-12\">I destini di due coppie si intrecciano in Breve storia d&#8217;amore esordio come regista di Ludovica Rampoldi. Nel cast anche Valeria Golino: \u00abUna volta ho spiato il cellulare di un mio fidanzato\u00bb<\/p>\n<p class=\"chapter-paragraph\">roma  Pilar Fogliati interpreta  spesso ruoli di donna inadeguata e fuori posto, per\u00f2 in Breve storia d\u2019amore, esordio alla regia di Ludovica Rampoldi in anteprima alla Festa del cinema (e nelle sale dal 23 novembre),  \u00e8  lei a muovere  la giostra di tradimenti incrociati. Ci sono  due coppie di trentenni e cinquantenni, da una parte Pilar e Andrea Carpenzano (ha un guizzo nel dire che \u00abil mio personaggio quello che pensa si capisce solo alla fine, d\u2019altra parte nel film faccio l\u2019attore, non posso essere un genio\u00bb); dall\u2019altra  Adriano Giannini e Valeria Golino, che prima di sposarlo era la sua psicoanalista.<\/p>\n<p class=\"chapter-paragraph\"><b>Pilar, sar\u00e0 pure inadeguata nei suoi personaggi, ma qui \u00e8 intraprendente&#8230;<\/b>    &#13;<br \/>\n&#13;<br \/>\n&#13;<br \/>\n&#13;<br \/>\n&#13;<br \/>\n&#13;<br \/>\n&#13;<br \/>\n&#13;<br \/>\n&#13;<br \/>\n&#13;<br \/>\n&#13;<br \/>\n&#13;<br \/>\n&#13;<br \/>\n&#13;<br \/>\n&#13;<br \/>\n&#13;<br \/>\n&#13;<br \/>\n&#13;<br \/>\n&#13;<br \/>\n&#13;<br \/>\n&#13;<br \/>\n&#13;<br \/>\n&#13;<br \/>\n&#13;<br \/>\n&#13;<br \/>\n&#13;<br \/>\n&#13;<br \/>\n&#13;<br \/>\n&#13;<br \/>\n&#13;<br \/>\n&#13;<br \/>\n&#13;<br \/>\n&#13;<br \/>\n&#13;<br \/>\n&#13;<br \/>\n&#13;<br \/>\n&#13;<br \/>\n&#13;<br \/>\n&#13;<br \/>\n&#13;<br \/>\n&#13;<br \/>\n&#13;<br \/>\n&#13;<br \/>\n&#13;<br \/>\n&#13;<br \/>\n&#13;<br \/>\n&#13;<br \/>\n&#13;<br \/>\n&#13;<br \/>\n&#13;<br \/>\n&#13;<br \/>\n&#13;<br \/>\n&#13;\n<\/p>\n<p class=\"chapter-paragraph\">\u00abMi era gi\u00e0 successo in FolleMente. Ma l\u2019inadeguatezza  \u00e8 anche il risultato di come ci siamo sentiti da adolescenti, il voler somigliare agli altri\u00bb.<\/p>\n<p class=\"chapter-paragraph\"><b>Valeria Golino ci ha detto di aver spiato il cellulare di un suo compagno: anche lei lo ha fatto?<\/b><\/p>\n<p class=\"chapter-paragraph\">\u00abNo. E non so come ho fatto a non cedere, forse per salvaguardare me stessa, l\u2019immaginazione \u00e8 cattiva\u00bb.<\/p>\n<p class=\"chapter-paragraph\"><b>Nel film lei, dark lady non aggressiva, sa che Valeria \u00e8 l\u2019amante del suo fidanzato, Andrea. E si mette a sedurre il marito, Adriano.<\/b><\/p>\n<p class=\"chapter-paragraph\">\u00abQuando scopro tutto, potrei cedere al casino. Invece ossessivamente cerco di capire cosa vuol dire tradire, cosa si prova. Seduco quell\u2019uomo, io che non sono seducente, e nasce una breve storia, fino alla resa dei conti\u00bb.<br \/><b>In questa storia la sua rivale \u00e8 anche la sua mentore.<\/b><br \/>\u00abE&#8217; l&#8217;antagonista. Per un attimo diventiamo quasi amiche. Ma lei, pi\u00f9 grande di me, \u00e8 pi\u00f9 spregiudicata e libera, non ha sensi di colpa, non ha la sacralit\u00e0 dell&#8217;amore assoluto\u00bb.<\/p>\n<p class=\"chapter-paragraph\"><b>Ludovica Rampoldi scrisse questa storia a 20 anni.<\/b><\/p>\n<p class=\"chapter-paragraph\">\u00abDice che gli uomini sono pi\u00f9 turbati dal mio personaggio, perch\u00e9  vi proiettano i loro desideri. Quando si sa poco della vita si hanno idee radicali e nette,  rimettendoci le mani dopo tanto tempo la prospettiva cambia\u00bb.<\/p>\n<p class=\"chapter-paragraph\">\u00abE dunque le risposte sono meno perentorie, ha tolto una certa insincerit\u00e0 e moralismo, e questo lo dice lei che l\u2019ha scritta. Nella vita si tradisce e lo si fa anche da innamorati\u00bb.<\/p>\n<p class=\"chapter-paragraph\"><b>Le bugie a volte servono.<\/b><\/p>\n<p class=\"chapter-paragraph\">\u00abLe bugie sono un conforto per sopravvivere, aiutano a capire chi siamo, tutti siamo costretti a mentire.  Io sono specialista delle bugie bianche,  da adolescente per fare quella cool fingevo di simpatizzare per la squadra di calcio dei miei fidanzati, passavo da una bandiera all\u2019altra\u00bb.<br \/><b>Lei ha 32 anni.<\/b><br \/>\u00abAppartengo alla generazione che si sposa tardi e fa figli tardi, con i miei amici parliamo di mutui. Abbiamo l&#8217;ossessione del capirsi, \u00e8 difficile sacrificare qualcosa al proprio bisogno personale. Rispecchiamo l&#8217;incertezza del mondo in cui si muove il mondo, \u00e8 difficile immaginare il futuro\u00bb.\u00a0<\/p>\n<p class=\"chapter-paragraph\"><b>Ma lei in che fase si sente?<\/b><\/p>\n<p class=\"chapter-paragraph\">\u00abSono ancora in una fase sperimentale e di ricerca. Sono fortunata, far ridere \u00e8 la cosa che mi piace di pi\u00f9. Ma ho capito che vita e cinema si somigliano, passiamo dalla tragedia all\u2019essere goffi, e i generi dei film non sono cos\u00ec lontani. Infatti qui abbiamo thriller, commedia e ironia\u00bb.<\/p>\n<p class=\"chapter-paragraph\"><b>Alla Festa pu\u00f2 vedere il suo mito, la presidente della giuria.<\/b><\/p>\n<p class=\"chapter-paragraph\">\u00abPaola Cortellesi! L\u2019ho incontrata in pi\u00f9 occasioni e ogni volta mi imbarazzo da morire, mi blocco, non mi viene mai da dire una cosa intelligente, mi prende l\u2019ansia da performance\u00bb.<\/p>\n<p class=\"chapter-paragraph\"><b>C\u2019\u00e8 qualcosa che ha scoperto di lei con questo film?<\/b><\/p>\n<p class=\"chapter-paragraph\">\u00abS\u00ec, che sono romantica, in controtendenza con la mia capoccia che non smette mai di riflettere sulle cose. Un po\u2019 di zucchero serve nella vita\u00bb.<\/p>\n<p class=\"chapter-paragraph\">\u00ab\u00c8 un omaggio a mia nonna paterna, nata in Argentina. In realt\u00e0 all\u2019anagrafe sono registrata Maria Del Pilar ma poi si sono dimenticati un pezzo: mi chiamo Del Pilar. Quando dico che mi chiamo Pilar mi ribattono, ma perch\u00e9 ti presenti col cognome, come ti chiami di nome?\u00bb.<\/p>\n<p class=\"chapter-paragraph\"><b>Sfoggia una bella coda di cavallo.<\/b><\/p>\n<p class=\"chapter-paragraph\">Sorride: \u00abLe vede, sfoggio con fierezza le mie orecchie a sventola, che attutiscono i rumori. In adolescenza \u00e8 stato un bel  problema\u00bb.<\/p>\n<p class=\"is-last-update\" datetime=\"2025-10-16T19:02:51+02:00\">16 ottobre 2025<\/p>\n<p class=\"is-copyright\">\n            \u00a9 RIPRODUZIONE RISERVATA\n        <\/p>\n","protected":false},"excerpt":{"rendered":"di Valerio Cappelli I destini di due coppie si intrecciano in Breve storia d&#8217;amore esordio come regista di&hellip;\n","protected":false},"author":3,"featured_media":168298,"comment_status":"","ping_status":"","sticky":false,"template":"","format":"standard","meta":{"footnotes":""},"categories":[174],"tags":[11563,2537,87,103444,2700,2553,24565,103445,12276,6880,17295,12206,4018,103446,3219,103447,640,6758,6927,203,11125,313,2217,5226,454,103448,24668,103449,103450,103451,204,1537,90,89,24527,103442,1693,2379,103441,103452,4696,103443,6193,103453,103454,1567,12955,103455,33308,56033],"class_list":{"0":"post-168297","1":"post","2":"type-post","3":"status-publish","4":"format-standard","5":"has-post-thumbnail","7":"category-intrattenimento","8":"tag-adriano","9":"tag-altra","10":"tag-amore","11":"tag-amore-esordio","12":"tag-andrea","13":"tag-breve","14":"tag-breve-storia","15":"tag-breve-storia-amore","16":"tag-bugie","17":"tag-capire","18":"tag-cedere","19":"tag-cellulare","20":"tag-cerco","21":"tag-cerco-capire","22":"tag-chiamo","23":"tag-chiamo-pilar","24":"tag-cinema","25":"tag-coppie","26":"tag-difficile","27":"tag-entertainment","28":"tag-esordio","29":"tag-fase","30":"tag-festa","31":"tag-fidanzato","32":"tag-film","33":"tag-fogliati","34":"tag-golino","35":"tag-golino-spiato","36":"tag-golino-spiato-cellulare","37":"tag-inadeguata","38":"tag-intrattenimento","39":"tag-it","40":"tag-italia","41":"tag-italy","42":"tag-ludovica","43":"tag-ludovica-rampoldi","44":"tag-nome","45":"tag-personaggio","46":"tag-pilar","47":"tag-pilar-fogliati","48":"tag-prova","49":"tag-rampoldi","50":"tag-sa","51":"tag-spiato","52":"tag-spiato-cellulare","53":"tag-storia","54":"tag-storia-amore","55":"tag-storia-amore-esordio","56":"tag-valeria","57":"tag-valeria-golino"},"share_on_mastodon":{"url":"","error":""},"_links":{"self":[{"href":"https:\/\/www.europesays.com\/it\/wp-json\/wp\/v2\/posts\/168297","targetHints":{"allow":["GET"]}}],"collection":[{"href":"https:\/\/www.europesays.com\/it\/wp-json\/wp\/v2\/posts"}],"about":[{"href":"https:\/\/www.europesays.com\/it\/wp-json\/wp\/v2\/types\/post"}],"author":[{"embeddable":true,"href":"https:\/\/www.europesays.com\/it\/wp-json\/wp\/v2\/users\/3"}],"replies":[{"embeddable":true,"href":"https:\/\/www.europesays.com\/it\/wp-json\/wp\/v2\/comments?post=168297"}],"version-history":[{"count":0,"href":"https:\/\/www.europesays.com\/it\/wp-json\/wp\/v2\/posts\/168297\/revisions"}],"wp:featuredmedia":[{"embeddable":true,"href":"https:\/\/www.europesays.com\/it\/wp-json\/wp\/v2\/media\/168298"}],"wp:attachment":[{"href":"https:\/\/www.europesays.com\/it\/wp-json\/wp\/v2\/media?parent=168297"}],"wp:term":[{"taxonomy":"category","embeddable":true,"href":"https:\/\/www.europesays.com\/it\/wp-json\/wp\/v2\/categories?post=168297"},{"taxonomy":"post_tag","embeddable":true,"href":"https:\/\/www.europesays.com\/it\/wp-json\/wp\/v2\/tags?post=168297"}],"curies":[{"name":"wp","href":"https:\/\/api.w.org\/{rel}","templated":true}]}}