{"id":168365,"date":"2025-10-16T20:01:13","date_gmt":"2025-10-16T20:01:13","guid":{"rendered":"https:\/\/www.europesays.com\/it\/168365\/"},"modified":"2025-10-16T20:01:13","modified_gmt":"2025-10-16T20:01:13","slug":"infortunio-rabiot-lesione-al-polpaccio-tempi-di-recupero-e-quando-rientra-controlli-fra-10-giorni","status":"publish","type":"post","link":"https:\/\/www.europesays.com\/it\/168365\/","title":{"rendered":"Infortunio Rabiot, lesione al polpaccio. Tempi di recupero e quando rientra: \u00abControlli fra 10 giorni\u00bb"},"content":{"rendered":"<p>    di<br \/>\n    Salvatore Riggio<\/p>\n<p class=\"summary-art is-line-h-12\">Il centrocampista si \u00e8 fatto male con la Francia, la risonanza magnetica ha evidenziato un problema pi\u00f9 serio del previsto. Massimiliano Allegri lo perder\u00e0 per almeno un mese<\/p>\n<p class=\"chapter-paragraph\">Il <b>Milan <\/b>e<b> Massimiliano Allegri<\/b> continuano a perdere i pezzi: per la partita di domenica sera contro la <b>Fiorentina <\/b>non ci sar\u00e0 neanche <b>Adrien Rabiot.<\/b>\u00a0Il club rossonero, infatti, ha reso noto che il francese \u00ab\u00e8 stato sottoposto a risonanza magnetica <b>per il problema al polpaccio sinistro<\/b> riportato in nazionale: <b>l&#8217;esame ha evidenziato una lesione del muscolo soleo<\/b>. Il calciatore sar\u00e0 rivalutato tra una decina di giorni\u00bb.\u00a0<\/p>\n<p class=\"chapter-paragraph\">La sosta per le Nazionali si \u00e8 rivelata beffarda per i rossoneri, terzi a due punti dalla coppia di testa Napoli-Roma dopo sei giornate ma ora in emergenza i vista della ripresa contro i viola. Problemi anche per Estupinan, con il terzino che \u00abha proseguito le terapie alla caviglia sinistra necessarie per i postumi della distorsione rimediata in Nazionale con l&#8217;Ecuador e poi ha svolto un lavoro di corsa sul campo\u00bb.\u00a0    &#13;<br \/>\n&#13;<br \/>\n&#13;<br \/>\n&#13;<br \/>\n&#13;<br \/>\n&#13;<br \/>\n&#13;<br \/>\n&#13;<br \/>\n&#13;<br \/>\n&#13;<br \/>\n&#13;<br \/>\n&#13;<br \/>\n&#13;<br \/>\n&#13;<br \/>\n&#13;<br \/>\n&#13;<br \/>\n&#13;<br \/>\n&#13;<br \/>\n&#13;<br \/>\n&#13;<br \/>\n&#13;<br \/>\n&#13;<br \/>\n&#13;<br \/>\n&#13;<br \/>\n&#13;<br \/>\n&#13;<br \/>\n&#13;<br \/>\n&#13;<br \/>\n&#13;<br \/>\n&#13;<br \/>\n&#13;<br \/>\n&#13;<br \/>\n&#13;<br \/>\n&#13;<br \/>\n&#13;<br \/>\n&#13;<br \/>\n&#13;<br \/>\n&#13;<br \/>\n&#13;<br \/>\n&#13;<br \/>\n&#13;<br \/>\n&#13;<br \/>\n&#13;<br \/>\n&#13;<br \/>\n&#13;<br \/>\n&#13;<br \/>\n&#13;<br \/>\n&#13;<br \/>\n&#13;<br \/>\n&#13;<br \/>\n&#13;<br \/>\n&#13;<br \/>\n&#13;\n<\/p>\n<p class=\"chapter-paragraph\">Buone notizie su <b>Saelemaekers <\/b>che \u00absi \u00e8 allenato individualmente sul campo\u00bb e il cui \u00abrecupero procede positivamente\u00bb, mentre per quanto riguarda Pulisic, infortunatosi\u00a0nell&#8217;amichevole contro l&#8217;Australia,\u00a0\u00e8 \u00abprevisto un controllo ai muscoli flessori della coscia destra nella giornata di domani\u00bb. Se dovesse confermarsi la lesione, i tempi di recupero potrebbero allungarsi fino a un mese.\u00a0<\/p>\n<p class=\"is-last-update\" datetime=\"2025-10-16T18:48:40+02:00\">16 ottobre 2025<\/p>\n<p class=\"is-copyright\">\n            \u00a9 RIPRODUZIONE RISERVATA\n        <\/p>\n","protected":false},"excerpt":{"rendered":"di Salvatore Riggio Il centrocampista si \u00e8 fatto male con la Francia, la risonanza magnetica ha evidenziato un&hellip;\n","protected":false},"author":3,"featured_media":168366,"comment_status":"","ping_status":"","sticky":false,"template":"","format":"standard","meta":{"footnotes":""},"categories":[176],"tags":[3076,921,24330,1537,90,89,33409,63898,10367,13531,3783,16225,29031,1885,46511,3279,63899,103461,245,244],"class_list":{"0":"post-168365","1":"post","2":"type-post","3":"status-publish","4":"format-standard","5":"has-post-thumbnail","7":"category-sport","8":"tag-allegri","9":"tag-campo","10":"tag-evidenziato","11":"tag-it","12":"tag-italia","13":"tag-italy","14":"tag-lesione","15":"tag-magnetica","16":"tag-massimiliano","17":"tag-massimiliano-allegri","18":"tag-mese","19":"tag-polpaccio","20":"tag-previsto","21":"tag-problema","22":"tag-rabiot","23":"tag-recupero","24":"tag-risonanza","25":"tag-risonanza-magnetica","26":"tag-sport","27":"tag-sports"},"share_on_mastodon":{"url":"","error":""},"_links":{"self":[{"href":"https:\/\/www.europesays.com\/it\/wp-json\/wp\/v2\/posts\/168365","targetHints":{"allow":["GET"]}}],"collection":[{"href":"https:\/\/www.europesays.com\/it\/wp-json\/wp\/v2\/posts"}],"about":[{"href":"https:\/\/www.europesays.com\/it\/wp-json\/wp\/v2\/types\/post"}],"author":[{"embeddable":true,"href":"https:\/\/www.europesays.com\/it\/wp-json\/wp\/v2\/users\/3"}],"replies":[{"embeddable":true,"href":"https:\/\/www.europesays.com\/it\/wp-json\/wp\/v2\/comments?post=168365"}],"version-history":[{"count":0,"href":"https:\/\/www.europesays.com\/it\/wp-json\/wp\/v2\/posts\/168365\/revisions"}],"wp:featuredmedia":[{"embeddable":true,"href":"https:\/\/www.europesays.com\/it\/wp-json\/wp\/v2\/media\/168366"}],"wp:attachment":[{"href":"https:\/\/www.europesays.com\/it\/wp-json\/wp\/v2\/media?parent=168365"}],"wp:term":[{"taxonomy":"category","embeddable":true,"href":"https:\/\/www.europesays.com\/it\/wp-json\/wp\/v2\/categories?post=168365"},{"taxonomy":"post_tag","embeddable":true,"href":"https:\/\/www.europesays.com\/it\/wp-json\/wp\/v2\/tags?post=168365"}],"curies":[{"name":"wp","href":"https:\/\/api.w.org\/{rel}","templated":true}]}}