{"id":168589,"date":"2025-10-16T22:59:17","date_gmt":"2025-10-16T22:59:17","guid":{"rendered":"https:\/\/www.europesays.com\/it\/168589\/"},"modified":"2025-10-16T22:59:17","modified_gmt":"2025-10-16T22:59:17","slug":"giuliani-dice-basta-con-i-team-ma-non-molla-la-presa","status":"publish","type":"post","link":"https:\/\/www.europesays.com\/it\/168589\/","title":{"rendered":"Giuliani dice basta con i team, ma non molla la presa"},"content":{"rendered":"<p class=\"\">Dopo tanti anni a nuotare controcorrente, <strong><a href=\"https:\/\/bici.pro\/focus\/storie\/progetto-giuliani-sbarca-anche-cina\" target=\"_blank\" rel=\"noreferrer noopener nofollow\">Stefano Giuliani<\/a><\/strong> ha deciso di dire basta. A 68 anni, dopo una lunga carriera da corridore e una ancor pi\u00f9 lunga da dirigente, <strong>l\u2019abruzzese termina con questa stagione l\u2019ultimo suo impegno alla guida della <a href=\"https:\/\/www.facebook.com\/GiottiVictoriaSaviniDueTeam\" rel=\"nofollow noopener\" target=\"_blank\">Monzon Incolor Gub<\/a>.<\/strong> Poi non \u00e8 che star\u00e0 in pantofole, non \u00e8 proprio da lui. Recentemente \u00e8 stato nominato presidente dell\u2019UC Perna che organizza il <a href=\"https:\/\/www.facebook.com\/trofeomatteotti\" target=\"_blank\" rel=\"noreferrer noopener nofollow\">Trofeo Matteotti<\/a>, quindi si dedicher\u00e0 anima e corpo all\u2019organizzazione della classica pescarese.<\/p>\n<p class=\"\">I tanti anni passati in ammiraglia non possono per\u00f2 andare cos\u00ec presto nel dimenticatoio. Perch\u00e9 mettere la parola fine a questa lunghissima esperienza? Non \u00e8 solo un discorso di stanchezza fisica perch\u00e9 parlando con Giuliani, la verve \u00e8 sempre quella: \u00ab<strong>Partiamo dal presupposto che non volevo mollare, perch\u00e9 sono un tipo che non molla mai, ma deve avere un senso<\/strong>. Io mi sono sempre adattato come un camaleonte ai vari passaggi epocali. A quest\u2019ultima avventura ho dedicato 8 anni di sacrifici e ho visto il ciclismo cambiare profondamente, cambiare la sua cultura. <strong>Mi sono convinto ad esempio che una continental ha molto pi\u00f9 senso di una professional<\/strong>, se intesa come occasione per tanti ragazzi di correre, per mettersi in evidenza e trovare una propria strada. Ma anche come la intendevamo noi, una squadra aveva bisogno di fondi sempre maggiori, ormai non ce la facevamo pi\u00f9\u00bb.<\/p>\n<p><img loading=\"lazy\" decoding=\"async\" width=\"1009\" height=\"500\" src=\"data:image\/svg+xml,%3Csvg%20xmlns=\" http:=\"\" alt=\"La Monzon Incolor Gub era nata con altro nome nel 2018, con affiliazione sempre in Romania (foto Facebook)\" class=\"wp-image-439008\" data-lazy- data-lazy- data-lazy-src=\"https:\/\/www.europesays.com\/it\/wp-content\/uploads\/2025\/10\/Giuliani-Monzon-img_dk.jpg\"\/>La Monzon Incolor Gub era nata con altro nome nel 2018, con affiliazione sempre in Romania (foto Facebook)<\/p>\n<p><img loading=\"lazy\" decoding=\"async\" width=\"559\" height=\"745\" src=\"data:image\/svg+xml,%3Csvg%20xmlns=\" http:=\"\" alt=\"La Monzon Incolor Gub era nata con altro nome nel 2018, con affiliazione sempre in Romania (foto Facebook)\" class=\"wp-image-439007\" data-lazy- data-lazy- data-lazy-src=\"https:\/\/www.europesays.com\/it\/wp-content\/uploads\/2025\/10\/Giuliani-Monzon-img_mb.jpg\"\/>La Monzon Incolor Gub era nata con altro nome nel 2018, con affiliazione sempre in Romania (foto Facebook)<\/p>\n<p>A proposito di avventure in ammiraglia, quale ricordi con maggiore affetto?<\/p>\n<p class=\"\">Sicuramente <strong>quella con la Fantini, partendo da zero e arrivando a una squadra professional conosciuta e ammirata in tutto il mondo<\/strong>. Dove si lavorava a un certo livello. Ero determinato a convincere gli investitori a fare una squadra con un mix di vecchio e nuovo. Per certi versi anticipando anche i tempi di oggi. Ero molto soddisfatto, sotto l\u2019aspetto tecnico si vinceva ancora. Poi sono ripartito, testardo come sono, pi\u00f9 o meno con le stesse soluzioni, cercando investitori. Ma non era pi\u00f9 la stessa cosa, anche perch\u00e9 lottare in un mondo dove a vincere sono sempre quelle 3-4 squadre alla fine ti logora e toglie la voglia. Perch\u00e9 \u00e8 sempre una questione di soldi\u2026<\/p>\n<p>Qual era la tua formula?<\/p>\n<p class=\"\">Io ho sempre pensato a squadre internazionali, perch\u00e9 avere sempre pi\u00f9 Nazioni significa pi\u00f9 apertura per le gare, pi\u00f9 attenzione generalizzata, pi\u00f9 possibilit\u00e0 d\u2019investimento, il tutto per dare spazio \u00a0dei giovani che magari non hanno avuto la stessa possibilit\u00e0 di poter emergere. <strong>Il mio sogno, ora posso dirlo, era entrare nella filiera di una WorldTour<\/strong> perch\u00e9 quel concetto, pur con mille contraddizioni, ha un senso, ma non me ne hanno data la possibilit\u00e0. Cos\u00ec sono andato avanti da solo, finch\u00e9 ho potuto.<\/p>\n<p><img loading=\"lazy\" decoding=\"async\" width=\"1009\" height=\"500\" src=\"data:image\/svg+xml,%3Csvg%20xmlns=\" http:=\"\" alt=\"\" class=\"wp-image-439001\" data-lazy- data-lazy- data-lazy-src=\"https:\/\/www.europesays.com\/it\/wp-content\/uploads\/2025\/10\/Giuliani-Fantini-img_dk.jpg\"\/>La Vini Fantini \u00e8 stata una delle pi\u00f9 belle esperienze per Giuliani, perch\u00e9 portata ai vertici<\/p>\n<p><img loading=\"lazy\" decoding=\"async\" width=\"559\" height=\"745\" src=\"data:image\/svg+xml,%3Csvg%20xmlns=\" http:=\"\" alt=\"La Vini Fantini \u00e8 stata una delle pi\u00f9 belle esperienze per Giuliani, perch\u00e9 portata ai vertici\" class=\"wp-image-439002\" data-lazy- data-lazy- data-lazy-src=\"https:\/\/www.europesays.com\/it\/wp-content\/uploads\/2025\/10\/Giuliani-Fantini-img_mb.jpg\"\/>La Vini Fantini \u00e8 stata una delle pi\u00f9 belle esperienze per Giuliani, perch\u00e9 portata ai vertici<\/p>\n<p>Nel ciclismo di oggi c\u2019\u00e8 qualcosa che ti piace?<\/p>\n<p class=\"\">I giovani, che fanno sacrifici almeno quanti ne facevamo noi. <strong>Ma noi li facevamo per fame, loro per moda, per arricchirsi: il che ha anche un senso. <\/strong>Solo che cos\u00ec il ciclismo \u00e8 diventato uno sport per vip, dove gi\u00e0 come famiglia devi investire tanto. Sono tutte ragioni per le quali bisognerebbe riflettere: a che pro continuare quando fai fatica a fare un budget? La cosa che non va \u00e8 che <strong>gli investitori molto probabilmente non credono pi\u00f9 a questo sport paragonandolo con altri.<\/strong> Sono andato in Cina e ho trovato sponsor disponibili a investire con bici performanti, perch\u00e9 oggi ai ragazzi non gli puoi dare una sottomarca.<\/p>\n<p>Dopo tanti anni da dirigente, quali sono quelli che ti sono rimasti pi\u00f9 nel cuore, dove ti divertivi di pi\u00f9?<\/p>\n<p class=\"\">Sicuramente i primi, anche se non ero maturo, ma avevo una verve che trascinava tutto il gruppo. E\u2019 stato un periodo un po\u2019 pi\u00f9 spavaldo, si pu\u00f2 dire garibaldino con la Cantina Tollo, eravamo tre soci. <strong>Beh, da quella squadra ne vennero fuori tre quando io, Santoni e Masciarelli scegliemmo tre strade diverse<\/strong>, ma evidentemente eravamo tutti e tre capaci, perch\u00e9 Fantini, Domina Vacanze e Acqua e Sapone sono state tre pietre miliari. C\u2019era pi\u00f9 movimento, pi\u00f9 posti di lavoro, pi\u00f9 possibilit\u00e0 di emergere. Prendevo quei ragazzi che magari non mi consigliavano, <strong>gli estroversi, gli artisti, un po\u2019 come mi definisco io<\/strong>, quelli che non riescono a esprimersi in un mondo cos\u00ec asettico.<\/p>\n<p><img loading=\"lazy\" decoding=\"async\" width=\"1009\" height=\"500\" src=\"data:image\/svg+xml,%3Csvg%20xmlns=\" http:=\"\" alt=\"Il lettone Kristians Belohvosciks ha preso parte anche a mondiali ed europei (foto Facebook)\" class=\"wp-image-439005\" data-lazy- data-lazy- data-lazy-src=\"https:\/\/www.europesays.com\/it\/wp-content\/uploads\/2025\/10\/Giuliani-Belovoshihs-img_dk.jpg\"\/>Il lettone Kristians Belohvosciks ha preso parte anche a mondiali ed europei (foto Facebook)<\/p>\n<p><img loading=\"lazy\" decoding=\"async\" width=\"559\" height=\"745\" src=\"data:image\/svg+xml,%3Csvg%20xmlns=\" http:=\"\" alt=\"Il lettone Kristians Belohvosciks ha preso parte anche a mondiali ed europei (foto Facebook)\" class=\"wp-image-439006\" data-lazy- data-lazy- data-lazy-src=\"https:\/\/www.europesays.com\/it\/wp-content\/uploads\/2025\/10\/Giuliani-Belovoshihs-img_mb.jpg\"\/>Il lettone Kristians Belohvosciks ha preso parte anche a mondiali ed europei (foto Facebook)<\/p>\n<p>C\u2019\u00e8 un nome che ti \u00e8 rimasto impresso?<\/p>\n<p class=\"\">Penso che la chicca di quell\u2019esperienza, per non farla lunga, \u00e8 stato <strong><a href=\"https:\/\/bici.pro\/focus\/incontri\/velocita-vola-bomber-quaranta-vuole-battere-grandi\" target=\"_blank\" rel=\"noreferrer noopener nofollow\">Ivan Quaranta<\/a><\/strong>. Aveva smesso oramai e quindi io feci questa scommessa con lui e con me stesso perch\u00e9 era un talento e i talenti non si possono perdere. <strong>Cercai di recuperarlo, trovammo un buon feeling e vinse quattro tappe vestendo pure la maglia rosa al Giro, questo mi d\u00e0 un gran soddisfazione personale.<\/strong> Ma ce ne metto anche un\u2019altra. <\/p>\n<p>Quale?<\/p>\n<p class=\"\">Lo sciopero per i diritti televisivi al Giro. Ci fu una riunione con gli sponsor dove eravamo 10 squadre, <strong>quel giorno si decise che chi vinceva non andava sul podio<\/strong>. Io pregavo di non vincere perch\u00e9 ero con una squadra s\u00ec tra le 10, ma non era la pi\u00f9 influente. Quaranta invece vinse, non and\u00f2 sul palco, esplosero le polemiche e <strong>alla lunga ho pagato quel gesto, del quale per\u00f2 non mi sono mai pentito perch\u00e9 avevo dato la mia parola<\/strong>.<\/p>\n<p><img loading=\"lazy\" decoding=\"async\" width=\"1009\" height=\"500\" src=\"data:image\/svg+xml,%3Csvg%20xmlns=\" http:=\"\" alt=\"Quest'anno la squadra di Giuliani ha colto molti piazzamenti, soprattutto in Cina, sede dello sponsor tecnico (foto Facebook)\" class=\"wp-image-439004\" data-lazy- data-lazy- data-lazy-src=\"https:\/\/www.europesays.com\/it\/wp-content\/uploads\/2025\/10\/Giuliani-stagione-img_dk.jpg\"\/>Quest\u2019anno la squadra di Giuliani ha colto molti piazzamenti, soprattutto in Cina, sede dello sponsor tecnico (foto Facebook)<\/p>\n<p><img loading=\"lazy\" decoding=\"async\" width=\"559\" height=\"745\" src=\"data:image\/svg+xml,%3Csvg%20xmlns=\" http:=\"\" alt=\"Quest'anno la squadra di Giuliani ha colto molti piazzamenti, soprattutto in Cina, sede dello sponsor tecnico (foto Facebook)\" class=\"wp-image-439003\" data-lazy- data-lazy- data-lazy-src=\"https:\/\/www.europesays.com\/it\/wp-content\/uploads\/2025\/10\/Giuliani-stagione-img_mb.jpg\"\/>Quest\u2019anno la squadra di Giuliani ha colto molti piazzamenti, soprattutto in Cina, sede dello sponsor tecnico (foto Facebook)<\/p>\n<p>Tu adesso ti concentri sull\u2019organizzazione del Trofeo Matteotti. E\u2019 una strada che ti interessa di pi\u00f9 in questo momento?<\/p>\n<p class=\"\">Sono gi\u00e0 7 anni che ci sono dentro, affiancando il presidente Sebastiani, che \u00e8 presidente anche del Pescara Calcio. Ma non andava come volevo io, era una gara destinata a finire. <strong>L\u2019edizione di quest\u2019anno \u00e8 stata montata in pochissimi giorni, ma sapevo che potevo farcela, anche se c\u2019erano tanti gufi che cantavano gi\u00e0 il de profundis<\/strong>. Ora per\u00f2 bisogna fare le cose per bene. Amo questa corsa, era quella di quand\u2019ero bambino, sono arrivato due volte terzo, una volta quinto. Quando andavo male finivo vicino ai primi 10. Era il mio mondiale. Ora devo restituirgli qualcosa\u2026<\/p>\n","protected":false},"excerpt":{"rendered":"Dopo tanti anni a nuotare controcorrente, Stefano Giuliani ha deciso di dire basta. A 68 anni, dopo una&hellip;\n","protected":false},"author":3,"featured_media":168590,"comment_status":"","ping_status":"","sticky":false,"template":"","format":"standard","meta":{"footnotes":""},"categories":[1456],"tags":[1824,1825,1537,90,89,103506,103505,245,244,41395,45385],"class_list":{"0":"post-168589","1":"post","2":"type-post","3":"status-publish","4":"format-standard","5":"has-post-thumbnail","7":"category-ciclismo","8":"tag-ciclismo","9":"tag-cycling","10":"tag-it","11":"tag-italia","12":"tag-italy","13":"tag-monzon-savini-due","14":"tag-nippo-vini-fantini","15":"tag-sport","16":"tag-sports","17":"tag-stefano-giuliani","18":"tag-trofeo-matteotti"},"share_on_mastodon":{"url":"","error":""},"_links":{"self":[{"href":"https:\/\/www.europesays.com\/it\/wp-json\/wp\/v2\/posts\/168589","targetHints":{"allow":["GET"]}}],"collection":[{"href":"https:\/\/www.europesays.com\/it\/wp-json\/wp\/v2\/posts"}],"about":[{"href":"https:\/\/www.europesays.com\/it\/wp-json\/wp\/v2\/types\/post"}],"author":[{"embeddable":true,"href":"https:\/\/www.europesays.com\/it\/wp-json\/wp\/v2\/users\/3"}],"replies":[{"embeddable":true,"href":"https:\/\/www.europesays.com\/it\/wp-json\/wp\/v2\/comments?post=168589"}],"version-history":[{"count":0,"href":"https:\/\/www.europesays.com\/it\/wp-json\/wp\/v2\/posts\/168589\/revisions"}],"wp:featuredmedia":[{"embeddable":true,"href":"https:\/\/www.europesays.com\/it\/wp-json\/wp\/v2\/media\/168590"}],"wp:attachment":[{"href":"https:\/\/www.europesays.com\/it\/wp-json\/wp\/v2\/media?parent=168589"}],"wp:term":[{"taxonomy":"category","embeddable":true,"href":"https:\/\/www.europesays.com\/it\/wp-json\/wp\/v2\/categories?post=168589"},{"taxonomy":"post_tag","embeddable":true,"href":"https:\/\/www.europesays.com\/it\/wp-json\/wp\/v2\/tags?post=168589"}],"curies":[{"name":"wp","href":"https:\/\/api.w.org\/{rel}","templated":true}]}}