{"id":168842,"date":"2025-10-17T03:09:27","date_gmt":"2025-10-17T03:09:27","guid":{"rendered":"https:\/\/www.europesays.com\/it\/168842\/"},"modified":"2025-10-17T03:09:27","modified_gmt":"2025-10-17T03:09:27","slug":"le-contro-verita-nel-libro-di-giorgia-meloni-sponsorizzato-da-donald-trump","status":"publish","type":"post","link":"https:\/\/www.europesays.com\/it\/168842\/","title":{"rendered":"Le contro verit\u00e0 nel libro di Giorgia Meloni sponsorizzato da Donald Trump"},"content":{"rendered":"<p>Il presidente americano sponsorizza l\u2019acquisto del libro della premier del 2021, ripubblicato negli Usa. Nel 2023 questo giornale condusse un\u2019inchiesta a puntate per approfondire la narrazione della leader di Fratelli d\u2019Italia, scoprendo una serie di incongruenze\u00a0<\/p>\n<p>Il mega spot, detto anche\u00a0Maga spot, di Donald Trump al libro di Giorgia Meloni <a href=\"https:\/\/www.editorialedomani.it\/fatti\/trump-spamma-libro-io-sono-giorgia-prefazione-figlio-meloni-ringrazia-bly3ubkm\" rel=\"nofollow noopener\" target=\"_blank\">ha rilanciato l\u2019autobiografia della presidente del Consiglio sbarcata negli Stati Uniti<\/a>.\u00a0L\u2019edizione italiana era stata pubblicata nel 2021, prima che Meloni vincesse le elezioni. Nell\u2019America trumpiana, invece, \u00e8 arrivata solo ora, ma con tutti gli onori del caso: sul profilo Truth, infatti, il presidente Usa ha scritto: \u00abMeloni, la grande presidente del Consiglio dei ministri dell\u2019Italia, ha scritto un nuovo libro, \u201cIo sono Giorgia: le mie radici, i miei principi\u201d.<\/p>\n<p>Giorgia sta facendo un lavoro incredibile per il meraviglioso popolo italiano e questo libro esplora il suo percorso di fede, famiglia e amore per il paese, che le ha dato la saggezza e il coraggio necessari per servire la sua nazione e rendere orgoglioso il suo popolo. \u00c8 fonte di ispirazione per tutti\u00bb. Per poi aggiunge il Maga spot: \u00abAcquistate oggi stesso la vostra copia!\u00bb, con\u00a0link che rimanda all\u2019acquisto del libro.<\/p>\n<p>Del resto la prefazione \u00e8 scritta da\u00a0Donald Trump Jr, il figlio del presidente. Non si \u00e8 fatta attendere la risposta di ringraziamento di Meloni:\u00a0\u00abMolto gentile, amico mio!\u00bb, ha scritto la premier, \u00abpenso sia importante che la gente sappia chi sei e da dove vieni, per giudicare se sei sincero nel tuo percorso politico\u00bb.<\/p>\n<p>La sincerit\u00e0, appunto. Nel libro \u201cIo sono Giorgia\u201d la premier non \u00e8 stata proprio sincera, come ha raccontato <a href=\"https:\/\/www.editorialedomani.it\/inchieste\/meloni-e-gli-affari-di-famiglia-tra-spagna-e-soci-misteriosi-qhtlvfdo\" rel=\"nofollow noopener\" target=\"_blank\">questo giornale<\/a> nel 2023, con un\u2019inchiesta a puntate e con un lavoro investigativo durato alcuni mesi. \u00a0<\/p>\n<p>A partire dal ruolo del padre, Francesco Meloni: la versione ufficiale di Giorgia Meloni e della madre Anna Paratore lo ha rimosso dall\u2019album di famiglia. Con lui hanno tagliato ogni rapporto dal 1988, hanno sempre sostenuto. Mai pi\u00f9 incontrato da allora, otto anni prima che venisse condannato a nove anni per traffico di hashish da un tribunale spagnolo. Una vicenda dolorosa per la figlia a tal punto da rimuoverla dal racconto pubblico, con la quale, tuttavia, ha dovuto fare i conti dopo che un giornale delle Baleari ha pubblicato subito dopo la vittoria alle elezioni un articolo sulla condanna del padre ripreso dalle testate italiane.<\/p>\n<p>Fino ad allora le notizie su Francesco riguardavano solo il rapporto conflittuale con la futura presidente. Tanto che nella sua autobiografia \u201cIo sono Giorgia\u201d la premier \u2013 la prima ha raccontare dell\u2019abbandono paterno \u2013 scrive parole durissime e amare nei suoi confronti: \u00abQuando \u00e8 morto, qualche anno fa, la cosa mi ha lasciato indifferente\u00bb.<\/p>\n<p>C\u2019\u00e8 per\u00f2 una misteriosa societ\u00e0 spagnola con sede a Madrid, che rischia di riscrivere almeno in parte la relazione tra il padre \u00abcommercialista di Roma nord (cos\u00ec definito nel libro di Meloni, ndr)\u00bb e la famiglia della presidente, in particolare il rapporto con la madre Anna. <a href=\"http:\/\/www.editorialedomani.it\/inchieste\/meloni-e-gli-affari-di-famiglia-tra-spagna-e-soci-misteriosi-qhtlvfdo\" rel=\"nofollow noopener\" target=\"_blank\">Quest\u2019ultima ha fatto affari per anni con Raffaele Matano<\/a>, mentre lo stesso era contemporaneamente azionista dell\u2019impresa amministrata dal padre della presidente. Per uno strano scherzo del destino il misterioso triangolo passa per la Spagna, paese a cui Giorgia Meloni \u00e8 molto affezionata: indimenticabile quel \u00abYo soy Giorgia, soy una mujer, soy una madre, soy cristiana\u00bb urlato dal palco della manifestazione del partito Vox, l\u2019estrema destra spagnola nostalgica del franchismo.<\/p>\n<p>Un altro capitolo centrale del libro di Meloni \u201cIo sono Giorgia\u201d \u00e8 focalizzato sulle umili origini della famiglia, i sacrifici della madre, Anna Paratore, <a href=\"http:\/\/www.editorialedomani.it\/fatti\/meloni-io-sono-giorgia-incendio-casa-roma-underdog-governo-y8v9ogjo\" rel=\"nofollow noopener\" target=\"_blank\">l\u2019incendio della casa a Roma Nord<\/a>, che ha portato poi le due Meloni (Giorgia e Arianna) nel popolare quartiere di Garbatella, dove Giorgia Meloni inizier\u00e0 a fare politica nel Fronte della Giovent\u00f9 negli anni Novanta. Anche in questa parte molti elementi non tornavano. E per questo abbiamo scavato scoprendo alcune incongruenze soprattutto sul ruolo di Paratore, al centro di una rete di affari assieme a un immobiliarista romano.\u00a0<\/p>\n<p>A queste due ne sono seguite altre di puntate della nostra inchiesta su \u201cIo Sono Giorgia\u201d, che potete trovare <a href=\"https:\/\/www.editorialedomani.it\/search?q=paratore\" rel=\"nofollow noopener\" target=\"_blank\">qui<\/a>.<\/p>\n<p>Le reazioni non si sono fatte attendere. La premier aveva risposto alle nostre domande con una <a href=\"https:\/\/www.editorialedomani.it\/fatti\/la-versione-di-meloni-solo-fango-io-onesta-e-vi-faccio-impazzire-ofsmov76\" rel=\"nofollow noopener\" target=\"_blank\">lettera<\/a>\u00a0in cui oltre a confermare e spiegare, ci accusava di spargere fango gratuito. In quella lettera, per\u00f2, rivela per la prima volta l\u2019esistenza di un legame familiare con una persona al centro di questa rete di affari con l\u2019immobiliarista.<\/p>\n<p>Il nostro direttore, Emiliano Fittipaldi, rispose con <a href=\"https:\/\/www.editorialedomani.it\/politica\/italia\/gli-attacchi-di-meloni-e-le-risposte-di-domani-k98emly4\" rel=\"nofollow noopener\" target=\"_blank\">questo editoriale<\/a><\/p>\n<p>La nostra controinchiesta, dunque, ha portato alla luce nuovi elementi che sgonfiano la narrazione di underdog che la presidente del Consiglio aveva fatto di s\u00e9 nell\u2019autobiografia. Per questo la premier non aveva gradito, da sempre allergica alla libera informazione. Preferisce i complimenti di Trump in mondovisione e gli spot Maga sul suo capolavoro editoriale.<\/p>\n<p>\u00a9 Riproduzione riservata<\/p>\n","protected":false},"excerpt":{"rendered":"Il presidente americano sponsorizza l\u2019acquisto del libro della premier del 2021, ripubblicato negli Usa. Nel 2023 questo giornale&hellip;\n","protected":false},"author":3,"featured_media":168843,"comment_status":"","ping_status":"","sticky":false,"template":"","format":"standard","meta":{"footnotes":""},"categories":[1445],"tags":[1608,203,204,1537,90,89,1609],"class_list":{"0":"post-168842","1":"post","2":"type-post","3":"status-publish","4":"format-standard","5":"has-post-thumbnail","7":"category-libri","8":"tag-books","9":"tag-entertainment","10":"tag-intrattenimento","11":"tag-it","12":"tag-italia","13":"tag-italy","14":"tag-libri"},"share_on_mastodon":{"url":"","error":""},"_links":{"self":[{"href":"https:\/\/www.europesays.com\/it\/wp-json\/wp\/v2\/posts\/168842","targetHints":{"allow":["GET"]}}],"collection":[{"href":"https:\/\/www.europesays.com\/it\/wp-json\/wp\/v2\/posts"}],"about":[{"href":"https:\/\/www.europesays.com\/it\/wp-json\/wp\/v2\/types\/post"}],"author":[{"embeddable":true,"href":"https:\/\/www.europesays.com\/it\/wp-json\/wp\/v2\/users\/3"}],"replies":[{"embeddable":true,"href":"https:\/\/www.europesays.com\/it\/wp-json\/wp\/v2\/comments?post=168842"}],"version-history":[{"count":0,"href":"https:\/\/www.europesays.com\/it\/wp-json\/wp\/v2\/posts\/168842\/revisions"}],"wp:featuredmedia":[{"embeddable":true,"href":"https:\/\/www.europesays.com\/it\/wp-json\/wp\/v2\/media\/168843"}],"wp:attachment":[{"href":"https:\/\/www.europesays.com\/it\/wp-json\/wp\/v2\/media?parent=168842"}],"wp:term":[{"taxonomy":"category","embeddable":true,"href":"https:\/\/www.europesays.com\/it\/wp-json\/wp\/v2\/categories?post=168842"},{"taxonomy":"post_tag","embeddable":true,"href":"https:\/\/www.europesays.com\/it\/wp-json\/wp\/v2\/tags?post=168842"}],"curies":[{"name":"wp","href":"https:\/\/api.w.org\/{rel}","templated":true}]}}