{"id":168888,"date":"2025-10-17T03:56:11","date_gmt":"2025-10-17T03:56:11","guid":{"rendered":"https:\/\/www.europesays.com\/it\/168888\/"},"modified":"2025-10-17T03:56:11","modified_gmt":"2025-10-17T03:56:11","slug":"xds-astana-ingaggiato-lo-scalatore-spagnolo-cristian-rodriguez","status":"publish","type":"post","link":"https:\/\/www.europesays.com\/it\/168888\/","title":{"rendered":"XDS ASTANA, INGAGGIATO LO SCALATORE SPAGNOLO CRISTIAN RODRIGUEZ"},"content":{"rendered":"<p>            <a class=\"category\" href=\"https:\/\/www.tuttobiciweb.it\/articles\/category\/MERCATO\" itemprop=\"about\" rel=\"nofollow noopener\" target=\"_blank\">MERCATO<\/a> | 16\/10\/2025 | 08:22<\/p>\n<p>Lo spagnolo<strong> Cristi\u00e1n Rodr\u00edguez vestir\u00e0 la maglia della XDS Astana Team per la stagione 2026:<\/strong> l&#8217;accordo tra il ciclista e la squadra \u00e8 infatti annuale. Il trentenne ciclista andaluso ha trascorso dieci stagioni a livello professionistico, tre delle quali nel WorldTour. <strong>Quest&#8217;anno, Rodr\u00edguez ha vinto la Mercan&#8217;Tour Classic<\/strong>, si \u00e8 classificato secondo all&#8217;Andorra Morabanc Classic e si \u00e8 classificato quarto al Tour du Jura.\n            <\/p>\n<p>\u00abSono davvero felice di unirmi a una squadra cos\u00ec importante come l&#8217;XDS Astana Team. \u00c8 una squadra leggendaria con una lunga storia, che si \u00e8 espressa ai massimi livelli per molti anni. Sono grato al team per aver creduto in me e far\u00f2 tutto il possibile per ripagare questa fiducia. La prossima stagione sono pronto a dare il 100% per gli obiettivi della squadra e a supportare i miei nuovi compagni. Allo stesso tempo, cercher\u00f2 l&#8217;opportunit\u00e0 di dare il massimo nelle gare in cui la squadra conta su di me\u00bb ha detto Rodriguez.\n            <\/p>\n<p>\u00abSeguiamo Cristi\u00e1n Rodr\u00edguez da un bel po&#8217; di tempo. Il suo rendimento \u00e8 in crescita e lo ha portato a cogliere ottimi risultati in gare adatte alle sue caratteristiche, ed \u00e8 sempre pronto ad aiutare i suoi compagni di squadra, anche nei Grandi Giri. Ora abbiamo avuto l&#8217;opportunit\u00e0 di ingaggiarlo per la prossima stagione per rafforzare il nostro gruppo di scalatori e la nostra rosa per le corse di un giorno, che sono numerose in calendario e nelle quali tradizionalmente puntiamo a risultati importanti\u00bb ha dichiarato Alexandr Vinokurov, Direttore Generale del Team XDS Astana.<\/p>\n<p>Copyright &amp;copy TBW<\/p>\n","protected":false},"excerpt":{"rendered":"MERCATO | 16\/10\/2025 | 08:22 Lo spagnolo Cristi\u00e1n Rodr\u00edguez vestir\u00e0 la maglia della XDS Astana Team per la&hellip;\n","protected":false},"author":3,"featured_media":168889,"comment_status":"","ping_status":"","sticky":false,"template":"","format":"standard","meta":{"footnotes":""},"categories":[1456],"tags":[1824,102346,1825,1537,90,89,245,244,23594,13940],"class_list":{"0":"post-168888","1":"post","2":"type-post","3":"status-publish","4":"format-standard","5":"has-post-thumbnail","7":"category-ciclismo","8":"tag-ciclismo","9":"tag-cristian-rodriguez","10":"tag-cycling","11":"tag-it","12":"tag-italia","13":"tag-italy","14":"tag-sport","15":"tag-sports","16":"tag-worldtour","17":"tag-xds-astana-team"},"share_on_mastodon":{"url":"","error":""},"_links":{"self":[{"href":"https:\/\/www.europesays.com\/it\/wp-json\/wp\/v2\/posts\/168888","targetHints":{"allow":["GET"]}}],"collection":[{"href":"https:\/\/www.europesays.com\/it\/wp-json\/wp\/v2\/posts"}],"about":[{"href":"https:\/\/www.europesays.com\/it\/wp-json\/wp\/v2\/types\/post"}],"author":[{"embeddable":true,"href":"https:\/\/www.europesays.com\/it\/wp-json\/wp\/v2\/users\/3"}],"replies":[{"embeddable":true,"href":"https:\/\/www.europesays.com\/it\/wp-json\/wp\/v2\/comments?post=168888"}],"version-history":[{"count":0,"href":"https:\/\/www.europesays.com\/it\/wp-json\/wp\/v2\/posts\/168888\/revisions"}],"wp:featuredmedia":[{"embeddable":true,"href":"https:\/\/www.europesays.com\/it\/wp-json\/wp\/v2\/media\/168889"}],"wp:attachment":[{"href":"https:\/\/www.europesays.com\/it\/wp-json\/wp\/v2\/media?parent=168888"}],"wp:term":[{"taxonomy":"category","embeddable":true,"href":"https:\/\/www.europesays.com\/it\/wp-json\/wp\/v2\/categories?post=168888"},{"taxonomy":"post_tag","embeddable":true,"href":"https:\/\/www.europesays.com\/it\/wp-json\/wp\/v2\/tags?post=168888"}],"curies":[{"name":"wp","href":"https:\/\/api.w.org\/{rel}","templated":true}]}}