{"id":169025,"date":"2025-10-17T06:12:17","date_gmt":"2025-10-17T06:12:17","guid":{"rendered":"https:\/\/www.europesays.com\/it\/169025\/"},"modified":"2025-10-17T06:12:17","modified_gmt":"2025-10-17T06:12:17","slug":"motogp-aldeguer-sogna-il-rosso-lobiettivo-e-arrivare-in-ducati-ufficiale","status":"publish","type":"post","link":"https:\/\/www.europesays.com\/it\/169025\/","title":{"rendered":"MotoGp, Aldeguer sogna il rosso: \u201cL\u2019obiettivo \u00e8 arrivare in Ducati ufficiale\u201d"},"content":{"rendered":"<p>Philip Island, 16 ottobre 2025 \u2013 Fermin <strong>Aldeguer<\/strong> sulla moto ufficiale Ducati? Il sogno \u00e8 quello. Il giovane pilota spagnolo lavora per riuscirci e chiss\u00e0 che Borgo Panigale non stia iniziando a valutare il da farsi. A rischiare potrebbe essere Pecco <strong>Bagnaia<\/strong>, reduce da un 2025 molto difficile, e con il cambio regolamentare tanti scenari sono pronti a mutare. I rumors nel paddock serpeggiano e <strong>Aldeguer<\/strong>, nel corso di una intervista a Sky Sport Moto gp, non li ha di certo spenti. Il 2027 pu\u00f2 diventare il suo anno su una moto rossa, in una scalata simile a quella di Marc <strong>Marquez<\/strong>, pure lui passato da Gresini prima di prendersi il nono titolo mondiale della carriera qualche settimana fa a Motegi. E Fermin \u00e8 un pilota decisamente ambizioso. \u00a0<\/p>\n<p>Aldeguer: \u201cL\u2019obiettivo \u00e8 il team ufficiale\u201d <\/p>\n<p>\u00c8\u00a0stato il secondo pi\u00f9 giovane pilota della storia a vincere una gara in Moto gp dopo Marc <strong>Marquez<\/strong> e ora punta al bersaglio grosso. A Philip Island Fermin <strong>Aldeguer<\/strong> vuole ripetersi ma nel futuro a medio termine nella sua mente c\u2019\u00e8 la moto rossa, quella del team ufficiale Ducati. Lo spagnolo non si \u00e8 tirato indietro a domanda diretta per quanto riguarda il 2027 quando tanti contratti scadranno e ci sar\u00e0 anche il cambio regolamentare: \u201cArrivare in Ducati ufficiale \u00e8 il mio obiettivo e stiamo lavorando per quello. Noi facciamo il massimo con il materiale a disposizione e se lo meriteremo arriver\u00e0 il nostro momento\u201d, la risposta di Fermin. E c\u2019\u00e8 gi\u00e0 un biglietto da visita importante con la vittoria in Indonesia che <strong>Aldeguer<\/strong> ha rivisto pi\u00f9 e pi\u00f9 volte in questi giorni. Una grande gioia: \u201cL\u2019ho rivista quattro o cinque volte e ancora non capisco come mai sono stato inquadrato cos\u00ec poco \u2013 ha scherzato Fermin \u2013. \u00c8 stata una bella settimana, abbiamo festeggiato domenica e poi sono stato a Bali con la mia fidanzata e qualche amico. Volevo riposarmi in vista dell\u2019Australia\u201d. E proprio in Australia <strong>Aldeguer<\/strong> ha gi\u00e0 dimostrato di andare molto forte in Moto 2, quando vinse l\u2019anno scorso con grande velocit\u00e0 e forza. Il giovane pilota Gresini punta a un altro grande risultato: \u201cE\u2019 una delle mie piste preferite e ho sempre fatto ottimi risultati qui. Sono stato in pole tre volte di fila e ho vinto in Moto 2, credo che la pista si adatti bene al mio stile di guida. Penso che possiamo fare una bella gara\u201d. Orari mattutini in Italia per seguire il weekend australiano con la Sprint Race alle 6 di sabato e la gara alle 5 di domenica. Il tutto senza Marc <strong>Marquez<\/strong> infortunato e con Pecco <strong>Bagnaia<\/strong> leader della squadra ufficiale, mentre Marco <strong>Bezzecchi<\/strong>, proprio per la caduta di Mandalika, dovr\u00e0 scontare due long lap penalty.<\/p>\n","protected":false},"excerpt":{"rendered":"Philip Island, 16 ottobre 2025 \u2013 Fermin Aldeguer sulla moto ufficiale Ducati? Il sogno \u00e8 quello. Il giovane&hellip;\n","protected":false},"author":3,"featured_media":169026,"comment_status":"","ping_status":"","sticky":false,"template":"","format":"standard","meta":{"footnotes":""},"categories":[1455],"tags":[15518,36,3438,1537,90,89,1783,1785,1784,809,11835,32343,245,244,409],"class_list":{"0":"post-169025","1":"post","2":"type-post","3":"status-publish","4":"format-standard","5":"has-post-thumbnail","7":"category-moto","8":"tag-aldeguer","9":"tag-arrivare","10":"tag-ducati","11":"tag-it","12":"tag-italia","13":"tag-italy","14":"tag-moto","15":"tag-motogp","16":"tag-motorcycle","17":"tag-obiettivo","18":"tag-rosso","19":"tag-sogna","20":"tag-sport","21":"tag-sports","22":"tag-ufficiale"},"share_on_mastodon":{"url":"","error":""},"_links":{"self":[{"href":"https:\/\/www.europesays.com\/it\/wp-json\/wp\/v2\/posts\/169025","targetHints":{"allow":["GET"]}}],"collection":[{"href":"https:\/\/www.europesays.com\/it\/wp-json\/wp\/v2\/posts"}],"about":[{"href":"https:\/\/www.europesays.com\/it\/wp-json\/wp\/v2\/types\/post"}],"author":[{"embeddable":true,"href":"https:\/\/www.europesays.com\/it\/wp-json\/wp\/v2\/users\/3"}],"replies":[{"embeddable":true,"href":"https:\/\/www.europesays.com\/it\/wp-json\/wp\/v2\/comments?post=169025"}],"version-history":[{"count":0,"href":"https:\/\/www.europesays.com\/it\/wp-json\/wp\/v2\/posts\/169025\/revisions"}],"wp:featuredmedia":[{"embeddable":true,"href":"https:\/\/www.europesays.com\/it\/wp-json\/wp\/v2\/media\/169026"}],"wp:attachment":[{"href":"https:\/\/www.europesays.com\/it\/wp-json\/wp\/v2\/media?parent=169025"}],"wp:term":[{"taxonomy":"category","embeddable":true,"href":"https:\/\/www.europesays.com\/it\/wp-json\/wp\/v2\/categories?post=169025"},{"taxonomy":"post_tag","embeddable":true,"href":"https:\/\/www.europesays.com\/it\/wp-json\/wp\/v2\/tags?post=169025"}],"curies":[{"name":"wp","href":"https:\/\/api.w.org\/{rel}","templated":true}]}}