{"id":169881,"date":"2025-10-17T16:33:10","date_gmt":"2025-10-17T16:33:10","guid":{"rendered":"https:\/\/www.europesays.com\/it\/169881\/"},"modified":"2025-10-17T16:33:10","modified_gmt":"2025-10-17T16:33:10","slug":"valentino-rossi-festa-grande-in-motogp-ce-lannuncio","status":"publish","type":"post","link":"https:\/\/www.europesays.com\/it\/169881\/","title":{"rendered":"Valentino Rossi, festa grande in MotoGP: c&#8217;\u00e8 l&#8217;annuncio"},"content":{"rendered":"<p><strong>L\u2019ultimo annuncio ha fatto felici tutti i tifosi di Valentino Rossi: ora in MotoGP si pu\u00f2 parlare davvero di svolta. <\/strong><\/p>\n<p>Anche il weekend in Indonesia \u00e8 stato parecchio difficile per la VR46. <strong>Sia nella Sprint Race che nel Gran Premio il team di Valentino Rossi ha ottenuto risultati poco soddisfacenti.<\/strong> Franco Morbidelli ha concluso al settimo posto la Sprint e si \u00e8 poi piazzato ottavo nel GP, mentre Fabio Di Giannantonio ha terminato le sue gare rispettivamente all\u2019ottavo e al nono posto.<\/p>\n<p>In tanti si aspettavano una stagione diversa per la VR46: finora nemmeno un successo e giusto qualche podio centrato dai due piloti italiani tra GP e Gare Sprint. <strong>Eppure Valentino Rossi ha ancora dei motivi per fare festa.<\/strong> Il Dottore pu\u00f2 esultare non tanto per il rendimento del suo team, ma per quanto sta invece riuscendo a fare il suo fratellino Luca Marini nelle ultime gare.<\/p>\n<p>Proprio sul circuito indonesiano la Honda ha confermato di essere in crescita. <strong>Marini ha tagliato il traguardo al quinto posto<\/strong>, lo stesso risultato centrato dal compagno di squadra Joan Mir nella Sprint Race. La RC213V sta dando risposte importanti ed \u00e8 per questo che i fan di Honda non vedono l\u2019ora di vederla in pista anche in questo weekend a Phillip Island.<\/p>\n<p>Valentino Rossi, l\u2019annuncio lo fa esultare: pu\u00f2 farlo ancora<\/p>\n<p>La pista australiana, sempre presente nel calendario della classe regina da quasi un trentennio, \u00e8 molto apprezzata dai piloti per la sua spettacolarit\u00e0. <strong>Anche Luca Marini ama molto questo circuito e spera quindi di centrare un altro risultato di prestigio<\/strong> con la sua Honda: le parole del fratello del fenomeno di Tavullia lasciano ben sperare.<\/p>\n<p> <a href=\"https:\/\/www.europesays.com\/it\/wp-content\/uploads\/2025\/10\/Luca-Marini-Sportface.it-20251016-1.jpg\"><img loading=\"lazy\" decoding=\"async\" class=\"wp-image-2801100 size-full\" src=\"https:\/\/www.europesays.com\/it\/wp-content\/uploads\/2025\/10\/Luca-Marini-Sportface.it-20251016-1.jpg\" alt=\"Luca Marini\" width=\"1200\" height=\"800\"  \/><\/a>Valentino Rossi, l\u2019annuncio lo fa esultare: pu\u00f2 farlo ancora \u2013 Sportface.it (Instagram Luca Marini)<\/p>\n<p>\u201cIn Indonesia abbiamo imparato molto su molti aspetti e <strong>ora arriviamo in Australia pronti a metterli in pratica <\/strong>\u2013 ha detto il pilota della Honda \u2013 Phillip Island \u00e8 uno dei circuiti pi\u00f9 singolari del calendario in termini di posizione e layout, quando arrivi l\u00ec ti ritrovi in un posto diverso rispetto alle altre gare\u201d.\u00a0<\/p>\n<p>Ma qual \u00e8 l\u2019obiettivo della casa giapponese per questo fine settimana in Australia? Luca Marini fa capire che il team vuole provare a confermarsi in top 5: \u201c<strong>Io\u00a0e il team sappiamo di cosa siamo capaci con il pacchetto che abbiamo ed \u00e8 ora di dare il massimo<\/strong>\u201c. Proprio sul pacchetto si \u00e8 soffermato anche Joan Mir, definendolo \u201cmolto pi\u00f9 forte rispetto agli anni precedenti\u201d: lo spagnolo vuole lottare \u201cper ottenere qualcosa di simile a quanto fatto in Giappone e in Indonesia\u201d\u00a0<\/p>\n","protected":false},"excerpt":{"rendered":"L\u2019ultimo annuncio ha fatto felici tutti i tifosi di Valentino Rossi: ora in MotoGP si pu\u00f2 parlare davvero&hellip;\n","protected":false},"author":3,"featured_media":169882,"comment_status":"","ping_status":"","sticky":false,"template":"","format":"standard","meta":{"footnotes":""},"categories":[1455],"tags":[1537,90,89,1783,1784,245,244],"class_list":{"0":"post-169881","1":"post","2":"type-post","3":"status-publish","4":"format-standard","5":"has-post-thumbnail","7":"category-moto","8":"tag-it","9":"tag-italia","10":"tag-italy","11":"tag-moto","12":"tag-motorcycle","13":"tag-sport","14":"tag-sports"},"share_on_mastodon":{"url":"","error":""},"_links":{"self":[{"href":"https:\/\/www.europesays.com\/it\/wp-json\/wp\/v2\/posts\/169881","targetHints":{"allow":["GET"]}}],"collection":[{"href":"https:\/\/www.europesays.com\/it\/wp-json\/wp\/v2\/posts"}],"about":[{"href":"https:\/\/www.europesays.com\/it\/wp-json\/wp\/v2\/types\/post"}],"author":[{"embeddable":true,"href":"https:\/\/www.europesays.com\/it\/wp-json\/wp\/v2\/users\/3"}],"replies":[{"embeddable":true,"href":"https:\/\/www.europesays.com\/it\/wp-json\/wp\/v2\/comments?post=169881"}],"version-history":[{"count":0,"href":"https:\/\/www.europesays.com\/it\/wp-json\/wp\/v2\/posts\/169881\/revisions"}],"wp:featuredmedia":[{"embeddable":true,"href":"https:\/\/www.europesays.com\/it\/wp-json\/wp\/v2\/media\/169882"}],"wp:attachment":[{"href":"https:\/\/www.europesays.com\/it\/wp-json\/wp\/v2\/media?parent=169881"}],"wp:term":[{"taxonomy":"category","embeddable":true,"href":"https:\/\/www.europesays.com\/it\/wp-json\/wp\/v2\/categories?post=169881"},{"taxonomy":"post_tag","embeddable":true,"href":"https:\/\/www.europesays.com\/it\/wp-json\/wp\/v2\/tags?post=169881"}],"curies":[{"name":"wp","href":"https:\/\/api.w.org\/{rel}","templated":true}]}}