{"id":170542,"date":"2025-10-18T00:48:17","date_gmt":"2025-10-18T00:48:17","guid":{"rendered":"https:\/\/www.europesays.com\/it\/170542\/"},"modified":"2025-10-18T00:48:17","modified_gmt":"2025-10-18T00:48:17","slug":"la-villa-dei-libri-lucca","status":"publish","type":"post","link":"https:\/\/www.europesays.com\/it\/170542\/","title":{"rendered":"La Villa dei Libri | Lucca"},"content":{"rendered":"<p>Grandi scrittori, anteprime nazionali, stand di artisti e di editori, laboratori per bambini, mostre e reading poetici. Il tutto nella suggestiva e magica atmosfera di Villa La Principessa a Lucca che, grazie alla sua direttrice <strong>Silvia Ferrari<\/strong>, per l\u2019occasione sar\u00e0 possibile visitare. Torna per la terza edizione la rassegna letteraria \u201cLa villa dei libri\u201d, anteprima e salotto culturale del festival Lucca Citt\u00e0 di Carta 2026. L\u2019evento, patrocinato dal Comune di Lucca e dalla Regione Toscana, si terr\u00e0 domani, sabato 18 e domenica 19 ottobre, dalle 10 alle 19, a ingresso gratuito (Hotel Villa la Principessa, Via Nuova per Pisa 1616\/G, Lucca \u2013 ampio parcheggio).<\/p>\n<p>Un vero e proprio salotto culturale dove vivere cultura e bellezza, magari seduti nei bellissimi salotti della Villa davanti a un t\u00e8 con i pasticcini o a un aperitivo. Non solo: i visitatori, per l\u2019occasione, potranno anche pranzare e cenare alla Villa a prezzi speciali, unicamente per l\u2019evento.<\/p>\n<p>Tra gli espositori saranno presenti NPS Edizioni, Casa Inverse, Tralerighe Libri, Isenzatregua Edizioni, Pensieri di Canapa, associazione \u201cIl Gabbiano\u201d, Laura Tedeschi, Paint your life 22 \u2013 Creazioni di carta e le scrittrici Monica Peccolo, Alice Cervia, Irene Visentin ed Elena Bedini. Una stanza sar\u00e0 inoltre riservata ai giochi da tavolo, grazie alla collaborazione con le associazioni Ludus in Tabula (sabato 18) e Ludicamente (domenica 19), che saranno presenti per divertire i visitatori con sessioni dimostrative di giochi.<\/p>\n<p><strong>Infoline <\/strong>347\/1917818. Programma completo disponibile sul sito <a href=\"http:\/\/www.luccacittadicarta.it\" rel=\"nofollow noopener\" target=\"_blank\">www.luccacittadicarta.it<\/a> e sulla pagina Facebook \u201cLucca Citt\u00e0 di Carta\u201d.<\/p>\n<p><strong>GLI OSPITI<\/strong><\/p>\n<p>Tra gli ospiti della rassegna, alcuni nomi in anteprima, grazie alla collaborazione con la libreria \u201cFuori Porta\u201d di Lucca, partner storico del festival: lo scrittore lucchese <strong>Stefano Tofani<\/strong> (domenica 19, ore 16) converser\u00e0 con la professoressa Cecilia Nelli sul suo primo giallo \u201cLa bestia che cercate\u201d (Guanda); <strong>Giampaolo Simi<\/strong> presenter\u00e0 il suo ultimo romanzo \u201cTra lei e me\u201d, edito da Sellerio (sabato 18, ore 16); il filosofo <strong>Paolo Ercolan<\/strong>i terr\u00e0 un incontro speciale per i giovani dal titolo &#8220;Intelligenza artificiale: superumanit\u00e0 o fine dell&#8217;umano?&#8221; (sabato 18, ore 10.30) e poi presenter\u00e0 in anteprima nazionale il suo nuovo libro \u2018\u2019Nietzsche l&#8217;iperboreo. Dal superuomo a Elon Musk\u2019\u2019 (domenica 19, ore 17); lo scrittore <strong>Gigi Paoli<\/strong> presenter\u00e0 il suo nuovo thriller \u201cL\u2019ordine del drago\u201d, edito da Giunti (sabato 18, ore 18).<\/p>\n<p>Spazio, come sempre, alla valorizzazione del territorio, con la prima presentazione, in anteprima nazionale, del nuovo libro del professor <strong>Paolo Fantozzi<\/strong>, ricercatore e studioso di folclore locale: \u201cI custodi del mare. Storie e leggende dell\u2019arcipelago toscano\u201d (NPS Edizioni), illustrato da<strong> Silvia Talassi<\/strong>, i cui disegni abbelliranno i corridoi di Villa la Principessa (domenica 19, ore 15). Omaggio a Lucca anche nella nuova raccolta di romanzi gialli \u2018Lucca Crimen\u2019 che sar\u00e0 presentato sabato 18 alle ore 18.00 in un evento moderato da <strong>Luciano Luciani.<\/strong><\/p>\n<p>Tra le novit\u00e0 di questa terza edizione, gli eventi dedicati alle graphic novel, con gli incontri con il fumettista lucchese <strong>Bigo<\/strong>, autore di \u201cGiacomo Puccini: il fumetto della vita\u201d moderato da <strong>Monica Zoe Innocenti<\/strong> (sabato 18 ottobre ore 15); con lo scrittore <strong>Francesco Zamboni<\/strong>, autore della sceneggiatura della graphic novel \u201cGiacomo &amp; Giacomo. Il coraggio della verit\u00e0\u201d, un omaggio a<strong> Giacomo Matteotti <\/strong>a cento anni dalla morte (domenica 19 ottobre); e con il giovane autore <strong>Thomas Iuliano<\/strong> e il suo fumetto per ragazzi \u201cIris e la magia delle Janare\u201d, ispirato al folclore campano.<\/p>\n<p>Non mancheranno le presentazioni curate dagli editori, come l\u2019uscita del volume \u201c100% Love\u201d, di <strong>Manuela Potiti <\/strong>(domenica 19, ore 16), di Isenzatregua Edizioni, casa editrice di Riva del Garda che ogni anno sceglie questo festival per lanciare nuovi titoli; e l\u2019incontro \u201cVocali: scrittrici a confronto\u201d (sabato 18, ore 15) promosso da Tralerighe Libri, casa editrice lucchese diretta da <strong>Andrea Giannasi<\/strong>: la poetessa <strong>Doris Bellomusto<\/strong>, la scrittrice <strong>Elena Fornari<\/strong> e la saggista <strong>Simonetta Simonetti<\/strong> si confrontano con <strong>Barbara Beneforti<\/strong>.<\/p>\n<p><strong>APPUNTAMENTI PER BAMBINI<\/strong><\/p>\n<p>Tanti gli appuntamenti per i pi\u00f9 piccoli e per le famiglie che li accompagnano, tutti a ingresso gratuito, a cominciare dal laboratorio creativo curato dall\u2019artista <strong>Silvia Talassi<\/strong>: \u201cL\u2019arte degli origami\u201d (sabato 18 ottobre, ore 10.30), per scoprire la magia dell\u2019origami e imparare l\u2019antica arte giapponese della piegatura della carta.<\/p>\n<p>La libreria \u201cLa storia infinita\u201d di Capannori, partner della rassegna, ospiter\u00e0 inoltre alcune speciali letture animate: lettura animata dell\u2019albo illustrato \u201cAlmo, piccola storia di un foglionco che sceglie di essere felice\u201d di <strong>Alessandra Negri<\/strong> (18 ottobre, ore 11.30); lettura animata del libro \u201cLamberto inventatutto\u201d di <strong>Chandra Vanni<\/strong> (18 ottobre, ore 16); lettura animata del libro \u201cAcciuffamostri! L\u2019invasione dei Poltergeist\u201d, dell\u2019apprezzato autore lucchese <strong>Alessandro Ricci<\/strong> (19 ottobre, ore 11.30), con laboratori creativi con carta e colori; letture dal libro \u201cSkip. In viaggio nel tempo\u201d di <strong>Giulia Bosio<\/strong>, <strong>Alberto Collareta<\/strong> e <strong>Carla Negrini<\/strong>.<\/p>\n<p>L\u2019associazione \u201cNati per scrivere\u201d curer\u00e0 inoltre la lettura animata del libro \u201cPerla di mare\u201d (NPS Edizioni), scritto da <strong>Luciana Volante<\/strong> e illustrato da <strong>Stefania Franchi<\/strong>, una storia di ecologia e amore per il mare (18 ottobre, ore 17).<\/p>\n<p>Da non perdere, inoltre, lo spettacolo di magia che animer\u00e0 la Villa dei Libri la domenica mattina, alle 10.30, con l\u2019esibizione del mitico <strong>Matthew X<\/strong>, un giovane mago che incanter\u00e0 il pubblico con la sua esibizione.<\/p>\n","protected":false},"excerpt":{"rendered":"Grandi scrittori, anteprime nazionali, stand di artisti e di editori, laboratori per bambini, mostre e reading poetici. Il&hellip;\n","protected":false},"author":3,"featured_media":170543,"comment_status":"","ping_status":"","sticky":false,"template":"","format":"standard","meta":{"footnotes":""},"categories":[1445],"tags":[1608,203,204,1537,90,89,1609],"class_list":{"0":"post-170542","1":"post","2":"type-post","3":"status-publish","4":"format-standard","5":"has-post-thumbnail","7":"category-libri","8":"tag-books","9":"tag-entertainment","10":"tag-intrattenimento","11":"tag-it","12":"tag-italia","13":"tag-italy","14":"tag-libri"},"share_on_mastodon":{"url":"","error":""},"_links":{"self":[{"href":"https:\/\/www.europesays.com\/it\/wp-json\/wp\/v2\/posts\/170542","targetHints":{"allow":["GET"]}}],"collection":[{"href":"https:\/\/www.europesays.com\/it\/wp-json\/wp\/v2\/posts"}],"about":[{"href":"https:\/\/www.europesays.com\/it\/wp-json\/wp\/v2\/types\/post"}],"author":[{"embeddable":true,"href":"https:\/\/www.europesays.com\/it\/wp-json\/wp\/v2\/users\/3"}],"replies":[{"embeddable":true,"href":"https:\/\/www.europesays.com\/it\/wp-json\/wp\/v2\/comments?post=170542"}],"version-history":[{"count":0,"href":"https:\/\/www.europesays.com\/it\/wp-json\/wp\/v2\/posts\/170542\/revisions"}],"wp:featuredmedia":[{"embeddable":true,"href":"https:\/\/www.europesays.com\/it\/wp-json\/wp\/v2\/media\/170543"}],"wp:attachment":[{"href":"https:\/\/www.europesays.com\/it\/wp-json\/wp\/v2\/media?parent=170542"}],"wp:term":[{"taxonomy":"category","embeddable":true,"href":"https:\/\/www.europesays.com\/it\/wp-json\/wp\/v2\/categories?post=170542"},{"taxonomy":"post_tag","embeddable":true,"href":"https:\/\/www.europesays.com\/it\/wp-json\/wp\/v2\/tags?post=170542"}],"curies":[{"name":"wp","href":"https:\/\/api.w.org\/{rel}","templated":true}]}}