{"id":170596,"date":"2025-10-18T01:42:16","date_gmt":"2025-10-18T01:42:16","guid":{"rendered":"https:\/\/www.europesays.com\/it\/170596\/"},"modified":"2025-10-18T01:42:16","modified_gmt":"2025-10-18T01:42:16","slug":"barbara-franco-alla-conquista-del-mercato-estero-collana-in-edicola-e-protagonista-al-salone-del-libro-di-francoforte","status":"publish","type":"post","link":"https:\/\/www.europesays.com\/it\/170596\/","title":{"rendered":"Barbara Franco alla conquista del mercato estero: collana in edicola e protagonista al Salone del libro di Francoforte"},"content":{"rendered":"<p>A volte l&#8217;eccezione comincia dalla cosa pi\u00f9 normale del mondo. Come la nascita di un figlio: cos\u00ec <strong>Barbara Franco<\/strong>, 12 anni fa, alla nascita di Pietro, ha iniziato a porsi domande sui <strong>temi genitoriali ed educativi<\/strong>. Tante domande: quelle che si pongono tutti.<\/p>\n<p>E se \u00e8 vero &#8211; come si dice &#8211; che &#8220;bimbi si nasce, ma genitori si diventa&#8221;, l&#8217;idea di una collana di libri che facesse \u00abcrescere assieme\u00bb entrambi, genitori e figli, \u00e8 un tentativo di risposta. Da qui prese il via, sette anni fa,<strong> la collana di libri &#8220;QUID+&#8221;, scritti da Barbara per &#8220;Gribaudo&#8221;<\/strong>. \u00abSette anni fa&#8230; &#8220;QUID+&#8221; \u00e8 cresciuto, fa la seconda elementare!\u00bb scherza l&#8217;autrice, mentre ci racconta due enormi novit\u00e0. Che porteranno i suoi libri in tutta Italia e in mezzo mondo.<\/p>\n<p>Che sta succedendo in casa &#8220;QUID+&#8221;? \u00abTante cose &#8211; ci dice la Franco -&#8230; cose &#8220;grosse&#8221;, in verit\u00e0. La prima grande novit\u00e0 \u00e8 che sta per uscire una collana QUID che si chiamer\u00e0 proprio &#8220;Genitori e figli &#8211; crescere insieme&#8221; ma <strong>che non andr\u00e0 in libreria, bens\u00ec nelle edicole:<\/strong> da ottobre a marzo, ogni sabato, <strong>in allegato &#8220;Corriere della Sera&#8221;\u00bb<\/strong>.<\/p>\n<p>&#8220;Libri illustrati per genitori, insegnanti e nonni che desiderano passare tempo di qualit\u00e0 con i propri bambini con attivit\u00e0, giochi e racconti che aiutano i pi\u00f9 piccoli a esprimere le proprie capacit\u00e0 e potenzialit\u00e0&#8221;, \u00e8 la dicitura. Si comincia il 18 ottobre &#8211; <a href=\"https:\/\/www.primaedicola.it\/genitori-e-figli-crescere-insieme-collana.html\" rel=\"nofollow noopener\" target=\"_blank\">qui \u00e8 stato diffuso il piano completo dell&#8217;opera<\/a>\u00a0<\/p>\n<p><img loading=\"lazy\" decoding=\"async\" src=\"https:\/\/www.europesays.com\/it\/wp-content\/uploads\/2025\/10\/quid1-1760699914470.jpg\" alt=\"\" width=\"1200\" height=\"853\"\/><\/p>\n<p>Di che si tratta esattamente? \u00abSono <strong>25 libri<\/strong> &#8211; spiega l&#8217;autrice &#8211; che affrontano tanti temi diversi su cui QUID+ si focalizza da anni, basati sulle &#8220;sette aree di competenza&#8221; affrontate dalla collana. Per QUID \u00e8 una grandissima novit\u00e0: l&#8217;edicola \u00e8 <strong>un canale di diffusione tutto nuovo,<\/strong> che consente di raggiungere un pubblico pi\u00f9 ampio. Il progetto \u00e8 nato circa 3 anni fa: sono entusiasta che di aver raggiunto questa collaborazione col &#8220;Corriere&#8221;, testata di enorme importanza e che ospita progetti editoriali di valore.\u00a0Ogni volume avr\u00e0 una parte dedicata ai genitori, un capitolo narrativo con un racconto, una parte di giochi e attivit\u00e0 e <strong>infine un capitolo dedicato a un tema a me molto caro e di cui credo sia fondamentale che si parli sempre di pi\u00f9: il rapporto con le nuove tecnologie, il tempo passato davanti allo schermo, lo &#8220;screentime&#8221;\u00bb.<\/strong> Un argomento di importanza enorme.<\/p>\n<p>Talmente tanto centrale che Barbara \u00e8 stata invitata a tenere uno <strong>speech all&#8217;evento pi\u00f9 importante al mondo<\/strong> nel campo dell&#8217;editoria: il <strong>Salone del Libro di Francoforte (&#8220;Frankfurter Buchmesse&#8221;)<\/strong>, in corso proprio in questi giorni nella citt\u00e0 tedesca.<\/p>\n<p><img loading=\"lazy\" decoding=\"async\" src=\"https:\/\/www.europesays.com\/it\/wp-content\/uploads\/2025\/10\/kindser1-1760700599452.jpg\" alt=\"\" width=\"1200\" height=\"675\"\/><\/p>\n<p>Un festival che, a differenza di eventi come &#8211; per esempio &#8211; il &#8220;Salone del libro&#8221; di Torino, ha una parte &#8220;convention&#8221; dedicata espressamente agli addetti ai lavori, agli editori e agli autori, che precede l&#8217;apertura al pubblico. \u00abIl mio speech sar\u00e0 proprio <strong>dedicato a quel tema: l&#8217;utilizzo dei device,<\/strong> &#8220;bimbi davanti agli schermi&#8221;. Ci sono statistiche a livello internazionale e casi studio, ormai tanti, che dimostrano quanto questo argomento sia <strong>di enorme importanza<\/strong>. I genitori non si possono far trovare impreparati. Non stiamo pi\u00f9 parlando di qualcosa che &#8220;potrebbe avvenire&#8221;, di rischi potenziali, ma di qualcosa che sta avvenendo\u00bb.<\/p>\n<p>E a proposito di contesto internazionale: \u00abIl marchio &#8220;QUID+&#8221; <strong>\u00e8 gi\u00e0 oggi presente in Germania<\/strong> &#8211; ci spiega la Franco &#8211; edito dal Gruppo KLETT: 8 libri sono gi\u00e0 stati tradotti e pubblicati, altri 12 usciranno nel 2026 e stiamo concordando quali usciranno nel 2027. C&#8217;\u00e8 un progetto in corso per la <strong>traduzione in spagnolo e la pubblicazione in Sudamerica<\/strong>, e un dialogo in corso <strong>con la Cina<\/strong>\u00bb. Quanto \u00e8 complicato esportare libri di questo genere, in cui si trattano temi educativi che &#8211; inevitabilmente &#8211; sono connessi al contesto culturale? \u00ab\u00c8 abbastanza complesso: non ci si pu\u00f2, appunto, limitare a una semplice traduzione letterale. Bisogna, per esempio, adeguare alcuni riferimenti. Oppure, laddove si parla di dati statistici relativi alla nazione, si deve &#8220;localizzare&#8221; il contenuto\u00bb.<\/p>\n","protected":false},"excerpt":{"rendered":"A volte l&#8217;eccezione comincia dalla cosa pi\u00f9 normale del mondo. Come la nascita di un figlio: cos\u00ec Barbara&hellip;\n","protected":false},"author":3,"featured_media":170597,"comment_status":"","ping_status":"","sticky":false,"template":"","format":"standard","meta":{"footnotes":""},"categories":[1445],"tags":[104530,1608,35152,4938,203,3767,104532,204,1537,90,89,1609,104533,104535,104534,104531],"class_list":{"0":"post-170596","1":"post","2":"type-post","3":"status-publish","4":"format-standard","5":"has-post-thumbnail","7":"category-libri","8":"tag-barbara-franco","9":"tag-books","10":"tag-corriere-della-sera","11":"tag-educazione","12":"tag-entertainment","13":"tag-francoforte","14":"tag-frankfurter-buchmesse","15":"tag-intrattenimento","16":"tag-it","17":"tag-italia","18":"tag-italy","19":"tag-libri","20":"tag-libri-educativi","21":"tag-metodo-montessori","22":"tag-pedagogia","23":"tag-quid"},"share_on_mastodon":{"url":"","error":""},"_links":{"self":[{"href":"https:\/\/www.europesays.com\/it\/wp-json\/wp\/v2\/posts\/170596","targetHints":{"allow":["GET"]}}],"collection":[{"href":"https:\/\/www.europesays.com\/it\/wp-json\/wp\/v2\/posts"}],"about":[{"href":"https:\/\/www.europesays.com\/it\/wp-json\/wp\/v2\/types\/post"}],"author":[{"embeddable":true,"href":"https:\/\/www.europesays.com\/it\/wp-json\/wp\/v2\/users\/3"}],"replies":[{"embeddable":true,"href":"https:\/\/www.europesays.com\/it\/wp-json\/wp\/v2\/comments?post=170596"}],"version-history":[{"count":0,"href":"https:\/\/www.europesays.com\/it\/wp-json\/wp\/v2\/posts\/170596\/revisions"}],"wp:featuredmedia":[{"embeddable":true,"href":"https:\/\/www.europesays.com\/it\/wp-json\/wp\/v2\/media\/170597"}],"wp:attachment":[{"href":"https:\/\/www.europesays.com\/it\/wp-json\/wp\/v2\/media?parent=170596"}],"wp:term":[{"taxonomy":"category","embeddable":true,"href":"https:\/\/www.europesays.com\/it\/wp-json\/wp\/v2\/categories?post=170596"},{"taxonomy":"post_tag","embeddable":true,"href":"https:\/\/www.europesays.com\/it\/wp-json\/wp\/v2\/tags?post=170596"}],"curies":[{"name":"wp","href":"https:\/\/api.w.org\/{rel}","templated":true}]}}