{"id":170704,"date":"2025-10-18T03:39:15","date_gmt":"2025-10-18T03:39:15","guid":{"rendered":"https:\/\/www.europesays.com\/it\/170704\/"},"modified":"2025-10-18T03:39:15","modified_gmt":"2025-10-18T03:39:15","slug":"lucraina-alla-prova-dei-capricci-di-trump-e-delleredita-di-merkel","status":"publish","type":"post","link":"https:\/\/www.europesays.com\/it\/170704\/","title":{"rendered":"L\u2019Ucraina alla prova dei capricci di Trump e dell\u2019eredit\u00e0 di Merkel"},"content":{"rendered":"<p>Augurandomi di sbagliare in entrambi i casi, la mia prima impressione \u00e8 che la svolta della politica americana sull\u2019Ucraina rischi di durare ancor meno della pace in Medio Oriente, dopo l\u2019ennesima telefonata-fiume tra Donald Trump e Vladimir Putin, ovviamente andata benissimo, giusto alla vigilia dell\u2019arrivo di Volodymyr Zelensky alla Casa Bianca.<\/p>\n<p>Il primo risultato sembra essere una marcia indietro sulla consegna dei famosi missili Tomahawk all\u2019Ucraina e l\u2019annuncio di un nuovo incontro tra Trump e Putin, questa volta nella Budapest di Viktor Orb\u00e1n, il suo principale cavallo di Troia in Europa (suo di Putin, s\u2019intende, ma forse anche di Trump). Inutile azzardare previsioni, se non che continueremo a fare avanti e indietro, su entrambi i fronti, russo-ucraino e mediorientale, ancora per un bel po\u2019 di tempo, verosimilmente.<\/p>\n<p>D\u2019altra parte, le recenti dichiarazioni di Angela Merkel, non bastasse quanto rivelato dallo Spiegel circa i progetti di collaborazione militare e persino di esercitazioni congiunte tra esercito tedesco e russo elaborati ai suoi tempi, e abbandonati solo dopo l\u2019occupazione della Crimea nel 2014, ci ricordano che in Europa abbiamo poco da fare gli schizzinosi sugli ondeggiamenti di Trump.<\/p>\n<p>Dei molti esempi che si potrebbero citare, in tema di leader europei che hanno mostrato scarsissima lungimiranza nel loro rapporto con Putin prima, e non hanno dato miglior prova dopo l\u2019invasione dell\u2019Ucraina nel \u201922, il caso dell\u2019ex cancelliera tedesca \u00e8 certo il pi\u00f9 eclatante. Die Zeit le dedica <a href=\"https:\/\/www.zeit.de\/2025\/44\/angela-merkel-kanzlerin-viktor-orban-gxe\" target=\"_blank\" rel=\"noopener nofollow\">un articolo<\/a> dal titolo quasi straziante: \u00ab\u00c8 ancora la nostra Merkel?\u00bb.<\/p>\n<p>Se infatti l\u2019incapacit\u00e0 di riconoscere il minimo errore nella sua passata gestione dei rapporti con la Russia non \u00e8 pi\u00f9 una notizia, colpiscono le recenti dichiarazioni in cui di fatto ha attribuito parte della responsabilit\u00e0 della guerra ai paesi baltici e ai polacchi che non avrebbero sostenuto il suo tentativo di rilanciare \u00abun nuovo formato in cui noi, come Unione Europea, potessimo parlare direttamente con Putin\u00bb. Affermazioni tanto pi\u00f9 imbarazzanti perch\u00e9 pronunciate in Ungheria, dove si trovava per presentare il suo libro di memorie, \u00abLibert\u00e0\u00bb (in cui per la verit\u00e0 aveva scritto esattamente le stesse cose, praticamente con le stesse parole), accolta da Orb\u00e1n con tutti gli onori.<\/p>\n<p>Una scelta che ha scandalizzato molti, per ovvie e sacrosante ragioni, cui non basta replicare, come ha fatto lei, che \u00abbisogna parlare anche con chi la pensa diversamente\u00bb. In ogni caso, per il suo prossimo libro almeno le suggerirei di evitare titoli enfatici come \u00abLibert\u00e0\u00bb, per ripiegare su qualcosa di pi\u00f9 prosaico come \u00abNei limiti del possibile\u00bb. Se questi sono i campioni della democrazia liberale europea, \u00e8 difficile essere ottimisti sul suo futuro.<\/p>\n<p>Questo \u00e8 un estratto di \u201cLa Linea\u201d la newsletter de Linkiesta curata da Francesco Cundari per orientarsi nel gran guazzabuglio della politica e della vita, tutte le mattine \u2013 dal luned\u00ec al venerd\u00ec \u2013 alle sette. Pi\u00f9 o meno.\u00a0<a href=\"https:\/\/www.linkiesta.it\/newsletter\/\" target=\"_blank\" rel=\"noopener nofollow\">Qui<\/a>\u00a0per iscriversi.<\/p>\n","protected":false},"excerpt":{"rendered":"Augurandomi di sbagliare in entrambi i casi, la mia prima impressione \u00e8 che la svolta della politica americana&hellip;\n","protected":false},"author":3,"featured_media":170705,"comment_status":"","ping_status":"","sticky":false,"template":"","format":"standard","meta":{"footnotes":""},"categories":[160],"tags":[14,164,165,206,166,7,15,383,11,167,12,168,4528,161,162,163],"class_list":{"0":"post-170704","1":"post","2":"type-post","3":"status-publish","4":"format-standard","5":"has-post-thumbnail","7":"category-mondo","8":"tag-cronaca","9":"tag-dal-mondo","10":"tag-dalmondo","11":"tag-donald-trump","12":"tag-mondo","13":"tag-news","14":"tag-notizie","15":"tag-putin","16":"tag-ultime-notizie","17":"tag-ultime-notizie-di-mondo","18":"tag-ultimenotizie","19":"tag-ultimenotiziedimondo","20":"tag-volodymyr-zelensky","21":"tag-world","22":"tag-world-news","23":"tag-worldnews"},"share_on_mastodon":{"url":"","error":""},"_links":{"self":[{"href":"https:\/\/www.europesays.com\/it\/wp-json\/wp\/v2\/posts\/170704","targetHints":{"allow":["GET"]}}],"collection":[{"href":"https:\/\/www.europesays.com\/it\/wp-json\/wp\/v2\/posts"}],"about":[{"href":"https:\/\/www.europesays.com\/it\/wp-json\/wp\/v2\/types\/post"}],"author":[{"embeddable":true,"href":"https:\/\/www.europesays.com\/it\/wp-json\/wp\/v2\/users\/3"}],"replies":[{"embeddable":true,"href":"https:\/\/www.europesays.com\/it\/wp-json\/wp\/v2\/comments?post=170704"}],"version-history":[{"count":0,"href":"https:\/\/www.europesays.com\/it\/wp-json\/wp\/v2\/posts\/170704\/revisions"}],"wp:featuredmedia":[{"embeddable":true,"href":"https:\/\/www.europesays.com\/it\/wp-json\/wp\/v2\/media\/170705"}],"wp:attachment":[{"href":"https:\/\/www.europesays.com\/it\/wp-json\/wp\/v2\/media?parent=170704"}],"wp:term":[{"taxonomy":"category","embeddable":true,"href":"https:\/\/www.europesays.com\/it\/wp-json\/wp\/v2\/categories?post=170704"},{"taxonomy":"post_tag","embeddable":true,"href":"https:\/\/www.europesays.com\/it\/wp-json\/wp\/v2\/tags?post=170704"}],"curies":[{"name":"wp","href":"https:\/\/api.w.org\/{rel}","templated":true}]}}