{"id":171021,"date":"2025-10-18T08:26:22","date_gmt":"2025-10-18T08:26:22","guid":{"rendered":"https:\/\/www.europesays.com\/it\/171021\/"},"modified":"2025-10-18T08:26:22","modified_gmt":"2025-10-18T08:26:22","slug":"ha-influenzato-la-direzione-della-mia-vita-i-sky-tg24","status":"publish","type":"post","link":"https:\/\/www.europesays.com\/it\/171021\/","title":{"rendered":"&#8216;Ha influenzato la direzione della mia vita&#8217; I Sky TG24"},"content":{"rendered":"<p><a data-intcmp=\"skytg24_foglia articolo_interlink_text\" href=\"https:\/\/tg24.sky.it\/spettacolo\/2025\/10\/13\/diane-keaton-al-pacino\" rel=\"nofollow noopener\" target=\"_blank\">Dopo le parole di un amico dell&#8217;attore<\/a> de Il Padrino\u00a0che aveva rivelato il suo pi\u00f9 grande rimpianto, <a data-intcmp=\"skytg24_foglia articolo_interlink_text\" href=\"https:\/\/tg24.sky.it\/spettacolo\/2025\/10\/15\/moncler-robert-de-niro-al-pacino\" rel=\"nofollow noopener\" target=\"_blank\">Al Pacino<\/a> ha deciso di rompere il silenzio sulla morte dell&#8217;attrice. In un\u2019intervista rilasciata a Deadline, l\u2019attore ha voluto ricordare la sua compagna per una buona parte di vita scomparsa lo scorso 11 ottobre all\u2019et\u00e0 di 79 anni, con cui aveva condiviso non solo il set ma anche un\u2019intensa storia d\u2019amore. Sono parole le sue che emanano affetto, gratitudine e una profonda malinconia per una presenza che ha segnato la sua vita in modo permanente.<\/p>\n<p>\t\t \t\u201cEra la mia compagna, la mia amica\u201d<\/p>\n<p>&#8220;\u00c8 stata la mia compagna, la mia amica, qualcuno che mi ha portato felicit\u00e0 e una persona che in pi\u00f9 di un\u2019occasione ha influenzato positivamente la mia vita&#8221; ha raccontato Al Pacino.<\/p>\n<p>L\u2019attore ha ricordato come, nonostante siano passati trent\u2019anni dalla loro relazione, i ricordi restino vividi: &#8220;Con la sua scomparsa questi ricordi sono tornati nella mia vita con forza dolorosa da un lato, commovente dall\u2019altro&#8221;.<br \/>Un legame, il loro, nato sul set de Il Padrino e rimasto saldo nel tempo, capace di resistere anche alla separazione: un sentimento autentico, di affetto e stima reciproca, che oggi riaffiora con forza.<\/p>\n<p>\t\t\t<a class=\"c-inline-card j-inline-card c-inline-card--with-image\" href=\"https:\/\/tg24.sky.it\/spettacolo\/2025\/10\/16\/diane-keaton-causa-morte\" rel=\"follow nofollow noopener\" data-intcmp=\"skytg24_articolo_approfondimenti_inline\" target=\"_blank\"><\/p>\n<p>\t\t\t         <img decoding=\"async\" crossorigin=\"anonymous\" alt=\"\" src=\"https:\/\/www.europesays.com\/it\/wp-content\/uploads\/2025\/10\/diane-keaton-getty.jpg\"  loading=\"lazy\"  bad-src=\"https:\/\/www.europesays.com\/it\/wp-content\/uploads\/2025\/10\/diane-keaton-getty.jpg\"\/><\/p>\n<p>\n\t\t\t         Approfondimento<br \/>\n\t\t\t         Diane Keaton, la famiglia rivela le cause della morte\n\t\t\t      <\/p>\n<p>\t\t\t<\/a><\/p>\n<p>\t\t\t<strong>\u201cSapeva volare e nel mio cuore voler\u00e0 per sempre\u201d<\/strong><\/p>\n<p>Pacino ha voluto celebrare anche la straordinaria vitalit\u00e0 dell\u2019attrice: &#8220;Viveva senza limiti e tutto ci\u00f2 che toccava portava con s\u00e9 la sua inconfondibile energia. Ha aperto porte per gli altri, ispirato generazioni e incarnato un dono unico, irripetibile&#8221;.<br \/>Sul grande schermo, l\u2019attore la ricorda come &#8220;magnetica, una meraviglia&#8221;. La recitazione era la sua arte, ma solo uno dei tanti modi in cui esprimeva la propria creativit\u00e0.<\/p>\n<p>&#8220;La gente sentir\u00e0 la sua mancanza ma ancora di pi\u00f9 la ricorder\u00e0. Era inarrestabile, resiliente e profondamente umana. La ricorder\u00f2 sempre. Sapeva volare e nel mio cuore voler\u00e0 per sempre&#8221;, ha concluso Pacino commosso.<\/p>\n","protected":false},"excerpt":{"rendered":"Dopo le parole di un amico dell&#8217;attore de Il Padrino\u00a0che aveva rivelato il suo pi\u00f9 grande rimpianto, Al&hellip;\n","protected":false},"author":3,"featured_media":171022,"comment_status":"","ping_status":"","sticky":false,"template":"","format":"standard","meta":{"footnotes":""},"categories":[1451],"tags":[98526,1621,1620,640,203,204,1537,90,89],"class_list":{"0":"post-171021","1":"post","2":"type-post","3":"status-publish","4":"format-standard","5":"has-post-thumbnail","7":"category-celebrita","8":"tag-al-pacino","9":"tag-celebrita","10":"tag-celebrities","11":"tag-cinema","12":"tag-entertainment","13":"tag-intrattenimento","14":"tag-it","15":"tag-italia","16":"tag-italy"},"share_on_mastodon":{"url":"","error":""},"_links":{"self":[{"href":"https:\/\/www.europesays.com\/it\/wp-json\/wp\/v2\/posts\/171021","targetHints":{"allow":["GET"]}}],"collection":[{"href":"https:\/\/www.europesays.com\/it\/wp-json\/wp\/v2\/posts"}],"about":[{"href":"https:\/\/www.europesays.com\/it\/wp-json\/wp\/v2\/types\/post"}],"author":[{"embeddable":true,"href":"https:\/\/www.europesays.com\/it\/wp-json\/wp\/v2\/users\/3"}],"replies":[{"embeddable":true,"href":"https:\/\/www.europesays.com\/it\/wp-json\/wp\/v2\/comments?post=171021"}],"version-history":[{"count":0,"href":"https:\/\/www.europesays.com\/it\/wp-json\/wp\/v2\/posts\/171021\/revisions"}],"wp:featuredmedia":[{"embeddable":true,"href":"https:\/\/www.europesays.com\/it\/wp-json\/wp\/v2\/media\/171022"}],"wp:attachment":[{"href":"https:\/\/www.europesays.com\/it\/wp-json\/wp\/v2\/media?parent=171021"}],"wp:term":[{"taxonomy":"category","embeddable":true,"href":"https:\/\/www.europesays.com\/it\/wp-json\/wp\/v2\/categories?post=171021"},{"taxonomy":"post_tag","embeddable":true,"href":"https:\/\/www.europesays.com\/it\/wp-json\/wp\/v2\/tags?post=171021"}],"curies":[{"name":"wp","href":"https:\/\/api.w.org\/{rel}","templated":true}]}}