{"id":171039,"date":"2025-10-18T08:36:13","date_gmt":"2025-10-18T08:36:13","guid":{"rendered":"https:\/\/www.europesays.com\/it\/171039\/"},"modified":"2025-10-18T08:36:13","modified_gmt":"2025-10-18T08:36:13","slug":"si-vola-dal-1-novembre","status":"publish","type":"post","link":"https:\/\/www.europesays.com\/it\/171039\/","title":{"rendered":"si vola dal 1\u00b0 novembre"},"content":{"rendered":"<p>Sono aperte le vendite dei voli Aeroitalia da e per Foggia. <a href=\"https:\/\/www.foggiatoday.it\/economia\/foggia-voli-aeroitalia-gino-lisa.html\" rel=\"nofollow noopener\" target=\"_blank\">Come gi\u00e0 preannunciato<\/a> alcuni giorni fa dall&#8217;amministratore delegato Gaetano Francesco Intrieri, nonch\u00e9 dal vice presidente della Regione Puglia, <a href=\"https:\/\/www.foggiatoday.it\/economia\/ripresa-voli-gino-lisa-foggia-aeroitalia.html\" rel=\"nofollow noopener\" target=\"_blank\">Piemontese<\/a>, si parte il 1\u00b0 novembre. I voli sono gi\u00e0 in vendita sul sito della compagnia e sull&#8217;app di Aeroitalia, scaricabile sia su Ios che su Android.\u00a0<\/p>\n<p>I voli per Milano Malpensa saranno disponibili tutti i giorni, mentre si voler\u00e0 per Torino-Caselle il luned\u00ec e il venerd\u00ec. Per i prezzi, si parte da 39,99 euro.\u00a0<\/p>\n<p>Dunque, si riparte da questi primi due voli. In attesa che giungano ufficialit\u00e0 sulla possibile attivazione di un <a href=\"https:\/\/www.foggiatoday.it\/economia\/proposta-voli-foggia-milano-gino-lisa-aeroitalia-uiltrasporti-molise.html\" rel=\"nofollow noopener\" target=\"_blank\">collegamento aereo con l&#8217;aeroporto Fiumicino <\/a>di Roma, come proposto dalla Uiltrasporti Molise.\u00a0<\/p>\n<p><img decoding=\"async\" src=\"https:\/\/www.europesays.com\/it\/wp-content\/uploads\/2025\/10\/voli-aeroitalia.jpg\" alt=\"Voli Aeroitalia\" title=\"Voli Aeroitalia\"\/><\/p>\n<p>\u201cL&#8217;arrivo di Aeroitalia all&#8217;aeroporto Gino Lisa rappresenta la possibilit\u00e0 per laeroporto di Foggia di proseguire quest&#8217;enorme opportunit\u00e0 di sviluppo economico e turistico per tutta la Capitanata, iniziata tre anni fa, quando sono stati riaperti i voli. Il nostro slogan &#8220;scegli di volare da o per Foggia&#8221;, un mantra che dal 2022 ripetiamo costantemente, diventa quindi sempre pi\u00f9 importante, ancor di pi\u00f9 in questo passaggio. Il futuro dello scalo foggiano \u00e8 solo in mano a chi davvero prende un aereo da e per lo scalo di Capitanata, a chi concretamente contribuisce al suo sviluppo. Un concetto chiaro da tenere sempre in mente: pi\u00f9 aumenta la domanda, pi\u00f9 sar\u00e0 stimolato l&#8217;ampliamento dell&#8217;offerta di volo&#8221;, il commento di Mondo Gino Lisa.<\/p>\n<p>Aeroitalia rappresenta \u201cuna occasione imperdibile\u201d per Foggia perch\u00e9 continuer\u00e0 a garantire connessioni nazionali cruciali con i nuovi voli per Milano e Torino e perch\u00e9 \u201cgrazie ai recenti e prestigiosi accordi di partnership (Interline Agreement) di Aeroitalia con giganti internazionali come Delta Air Lines e Qatar Airways, i passeggeri in partenza da Foggia avranno la possibilit\u00e0 di prenotare viaggi unici con coincidenze immediate verso centinaia di destinazioni in tutto il mondo. Stiamo parlando di un accesso facilitato ai network globali che coprono oltre 600 destinazioni in pi\u00f9 di 100 Paesi. Foggia \u00e8 ancora pi\u00f9 vicina all&#8217;America e all&#8217;Asia\u201d. \u00a0\u00a0<\/p>\n","protected":false},"excerpt":{"rendered":"Sono aperte le vendite dei voli Aeroitalia da e per Foggia. Come gi\u00e0 preannunciato alcuni giorni fa dall&#8217;amministratore&hellip;\n","protected":false},"author":3,"featured_media":171040,"comment_status":"","ping_status":"","sticky":false,"template":"","format":"standard","meta":{"footnotes":""},"categories":[172],"tags":[104821,178,177,10366,104820,1537,90,89,9280,8700],"class_list":{"0":"post-171039","1":"post","2":"type-post","3":"status-publish","4":"format-standard","5":"has-post-thumbnail","7":"category-affari","8":"tag-aeroitalia","9":"tag-affari","10":"tag-business","11":"tag-foggia","12":"tag-gino-lisa","13":"tag-it","14":"tag-italia","15":"tag-italy","16":"tag-vendita","17":"tag-voli"},"share_on_mastodon":{"url":"","error":""},"_links":{"self":[{"href":"https:\/\/www.europesays.com\/it\/wp-json\/wp\/v2\/posts\/171039","targetHints":{"allow":["GET"]}}],"collection":[{"href":"https:\/\/www.europesays.com\/it\/wp-json\/wp\/v2\/posts"}],"about":[{"href":"https:\/\/www.europesays.com\/it\/wp-json\/wp\/v2\/types\/post"}],"author":[{"embeddable":true,"href":"https:\/\/www.europesays.com\/it\/wp-json\/wp\/v2\/users\/3"}],"replies":[{"embeddable":true,"href":"https:\/\/www.europesays.com\/it\/wp-json\/wp\/v2\/comments?post=171039"}],"version-history":[{"count":0,"href":"https:\/\/www.europesays.com\/it\/wp-json\/wp\/v2\/posts\/171039\/revisions"}],"wp:featuredmedia":[{"embeddable":true,"href":"https:\/\/www.europesays.com\/it\/wp-json\/wp\/v2\/media\/171040"}],"wp:attachment":[{"href":"https:\/\/www.europesays.com\/it\/wp-json\/wp\/v2\/media?parent=171039"}],"wp:term":[{"taxonomy":"category","embeddable":true,"href":"https:\/\/www.europesays.com\/it\/wp-json\/wp\/v2\/categories?post=171039"},{"taxonomy":"post_tag","embeddable":true,"href":"https:\/\/www.europesays.com\/it\/wp-json\/wp\/v2\/tags?post=171039"}],"curies":[{"name":"wp","href":"https:\/\/api.w.org\/{rel}","templated":true}]}}