{"id":171139,"date":"2025-10-18T09:49:18","date_gmt":"2025-10-18T09:49:18","guid":{"rendered":"https:\/\/www.europesays.com\/it\/171139\/"},"modified":"2025-10-18T09:49:18","modified_gmt":"2025-10-18T09:49:18","slug":"il-comune-di-brescia-acquista-50-copie-del-libro-scritto-dal-marito-della-sindaca-il-centrodestra","status":"publish","type":"post","link":"https:\/\/www.europesays.com\/it\/171139\/","title":{"rendered":"Il Comune di Brescia acquista 50 copie del libro scritto dal marito della sindaca, il centrodestra:"},"content":{"rendered":"\n<p>il caso<\/p>\n<p>\u201cIl canone della longevit\u00e0. Aver cura dell&#8217;et\u00e0 avanzata&#8221;, scritto dal dottore Renzo Rozzini, direttore della Geriatria alla Poliambulanza e marito di Laura Castelletti. Prezzo: 21,00 euro a copia. Totale: 1.050,00 euro: &#8220;Non \u00e8 la cifra a scandalizzare, ma il metodo&#8221;<\/p>\n<p><strong>Scoppia una nuova polemica in Loggia<\/strong>. Questa volta al centro del contendere \u00e8 <strong>l&#8217;acquisto da parte del Comune di Brescia di 50 copie del libro<\/strong> \u201cIl canone della longevit\u00e0. Aver cura dell&#8217;et\u00e0 avanzata&#8221;, scritto <strong>dal dottore Renzo Rozzini, direttore della Geriatria alla Poliambulanza.<\/strong> &#8220;Fin qui nulla di strano &#8211; scrivono gli <strong>esponenti di centrodestra in Loggia<\/strong> -, se non fosse che <strong>Rozzini \u00e8 il marito del sindaco Laura Castelletti.<\/strong> Nominativo omesso nella determina dirigenziale.<strong> E che l\u2019acquisto \u00e8 stato fatto senza gara, con affidamento diretto e con soldi pubblici&#8221;<\/strong>.<\/p>\n<p>Il libro, pubblicato da Morcelliana, la cui <strong>presidente \u00e8 Francesca Bazoli, &#8220;nonch\u00e9 presidente della Fondazione Brescia Musei <\/strong>&#8211; specificano -, \u00e8 stato acquistato dal Settore servizi sociali per promuovere &#8216;l\u2019invecchiamento attivo&#8217;.<strong> Prezzo: 21,00 euro a copia. Totale: 1.050,00 euro. <\/strong>Non \u00e8 la cifra a scandalizzare, ma il metodo. E il messaggio. Perch\u00e9 quando il Comune compra un libro scritto dal marito del sindaco, senza alcuna procedura competitiva, il problema non \u00e8 solo formale. \u00c8 politico. \u00c8 una questione di opportunit\u00e0 istituzionale. Come centrodestra, non possiamo restare in silenzio. <strong>Depositeremo un\u2019interrogazione per chiedere conto di questa scelta, e stiamo preparando un esposto alla Corte dei conti.<\/strong> Perch\u00e9 non basta dire &#8216;\u00e8 tutto legittimo&#8217;: bisogna anche dimostrare che \u00e8 giusto. E qui, di giusto, non c\u2019\u00e8 proprio nulla.<strong> \u00c8 inaccettabile che si usino fondi pubblici per operazioni che sembrano pi\u00f9 favori personali che scelte amministrative.<\/strong> E\u2019 insopportabile che si confondano i ruoli istituzionali con quelli familiari. La trasparenza non \u00e8 un optional. L\u2019imparzialit\u00e0 non \u00e8 negoziabile. E Brescia merita molto di pi\u00f9 di queste scorciatoie&#8221;.<\/p>\n","protected":false},"excerpt":{"rendered":"il caso \u201cIl canone della longevit\u00e0. Aver cura dell&#8217;et\u00e0 avanzata&#8221;, scritto dal dottore Renzo Rozzini, direttore della Geriatria&hellip;\n","protected":false},"author":3,"featured_media":171140,"comment_status":"","ping_status":"","sticky":false,"template":"","format":"standard","meta":{"footnotes":""},"categories":[1445],"tags":[1608,203,204,1537,90,89,1609],"class_list":{"0":"post-171139","1":"post","2":"type-post","3":"status-publish","4":"format-standard","5":"has-post-thumbnail","7":"category-libri","8":"tag-books","9":"tag-entertainment","10":"tag-intrattenimento","11":"tag-it","12":"tag-italia","13":"tag-italy","14":"tag-libri"},"share_on_mastodon":{"url":"","error":""},"_links":{"self":[{"href":"https:\/\/www.europesays.com\/it\/wp-json\/wp\/v2\/posts\/171139","targetHints":{"allow":["GET"]}}],"collection":[{"href":"https:\/\/www.europesays.com\/it\/wp-json\/wp\/v2\/posts"}],"about":[{"href":"https:\/\/www.europesays.com\/it\/wp-json\/wp\/v2\/types\/post"}],"author":[{"embeddable":true,"href":"https:\/\/www.europesays.com\/it\/wp-json\/wp\/v2\/users\/3"}],"replies":[{"embeddable":true,"href":"https:\/\/www.europesays.com\/it\/wp-json\/wp\/v2\/comments?post=171139"}],"version-history":[{"count":0,"href":"https:\/\/www.europesays.com\/it\/wp-json\/wp\/v2\/posts\/171139\/revisions"}],"wp:featuredmedia":[{"embeddable":true,"href":"https:\/\/www.europesays.com\/it\/wp-json\/wp\/v2\/media\/171140"}],"wp:attachment":[{"href":"https:\/\/www.europesays.com\/it\/wp-json\/wp\/v2\/media?parent=171139"}],"wp:term":[{"taxonomy":"category","embeddable":true,"href":"https:\/\/www.europesays.com\/it\/wp-json\/wp\/v2\/categories?post=171139"},{"taxonomy":"post_tag","embeddable":true,"href":"https:\/\/www.europesays.com\/it\/wp-json\/wp\/v2\/tags?post=171139"}],"curies":[{"name":"wp","href":"https:\/\/api.w.org\/{rel}","templated":true}]}}