{"id":171454,"date":"2025-10-18T13:46:10","date_gmt":"2025-10-18T13:46:10","guid":{"rendered":"https:\/\/www.europesays.com\/it\/171454\/"},"modified":"2025-10-18T13:46:10","modified_gmt":"2025-10-18T13:46:10","slug":"ho-aperto-la-bara-di-simoncelli-a-casa-sua-lho-fatto-per-la-sorella-con-valentino-rossi-me-la-presi","status":"publish","type":"post","link":"https:\/\/www.europesays.com\/it\/171454\/","title":{"rendered":"\u00abHo aperto la bara di Simoncelli a casa sua, l&#8217;ho fatto per la sorella. Con Valentino Rossi me la presi\u00bb"},"content":{"rendered":"<p>&#13;<br \/>\n                               &#13;<br \/>\n                                                &#13;<br \/>\n                &#13;<\/p>\n<p><strong>Claudio Costa<\/strong>, 84 anni, \u00e8 conosciuto dai pi\u00f9 come &#8220;D<strong>ottor Costa<\/strong>&#8220;. Del resto, \u00e8 il medico volto della <a href=\"https:\/\/www.leggo.it\/t\/motogp\" rel=\"nofollow noopener\" target=\"_blank\">Motogp<\/a>, ha passato gran parte della sua carriera salvando piloti motociclisti, l&#8217;ha reso il suo obiettivo, fino a fondare la <strong>Clinica Mobile<\/strong>. Una vita dedicata a riabilitare e a curare i motoclicisti, anche se non priva di momenti strazianti. Ospite del podcast BMST, il Dottor Costa racconta alcuni aneddoti, anche quelli pi\u00f9 dolorosi.<\/p>\n<p>&#13;<br \/>\n&#13;<br \/>\n&#13;<br \/>\n&#13;<br \/>\nIl Sic&#13;<br \/>\n&#13;<\/p>\n<p>Tra quelli pi\u00f9 amari, i ricordi della tragica morte di <strong><a href=\"https:\/\/www.leggo.it\/t\/marco-simoncelli\" rel=\"nofollow noopener\" target=\"_blank\">Marco Simoncelli<\/a><\/strong>, il campione che perse la vita nel 2011, a soli 24 anni, in seguito a un incidente sul circuito di <strong>Sepang<\/strong>. Nella gara precedente, a Phillip Island, racconta Costa, Sic era arrivato secondo dietro Stoner,\u00a0\u00abmolto difficile da battere\u00bb. Quindi, dice, il 24enne arriv\u00f2 a Sepang con un una consapevolezza: poter raggiungere la vittoria. Ha un rimpianto: quel giorno, non era con il motociclista.<\/p>\n<p>&#13;<br \/>\n&#13;<\/p>\n<p>\u00abSulla griglia di partenza\u00bb, racconta,\u00a0\u00abMarco aveva in testa un asciugamano al contrario.\u00a0Il padre lo bruci\u00f2, considerandolo un segnale sfavorevole\u00bb. E aggiunge:\u00a0\u00abSe fossi stato presente e avessi visto quell&#8217;asciugamano, gli avrei detto che gli dei quel giorno non lo avrebbero aiutato a vincere ma che, allo stesso tempo, avrebbe trionfato il weekend seguente a Valencia\u00bb.\u00a0In futuro, secondo lui, anche il mondiale. Perch\u00e9 la superstizione, specifica, non \u00e8 una debolezza, semmai un pregio. \u00abTi d\u00e0 l&#8217;illusione di poter controllare una realt\u00e0 che non \u00e8 sempre favorevole all&#8217;uomo\u00bb.<\/p>\n<p>&#13;<br \/>\n&#13;<br \/>\n\u00ab&#8221;No alcohol, no drugs&#8221;\u00bb&#13;<br \/>\n&#13;<\/p>\n<p>E quando la salma\u00a0Simoncelli torn\u00f2 a casa sua, a Coriano,\u00a0\u00abfeci qualcosa di non regolare\u00bb, racconta,\u00a0\u00abaprii la bara per permettere alla sorella di poterlo vedere\u00bb. <\/p>\n<p>Voleva darle la possibilit\u00e0. Ma anche nel momento pi\u00f9 nero, qualcosa \u00e8 riuscito a risollevare il medico, che ha conosciuto il ragazzo, oltre che l&#8217;atleta.\u00abVidi un documento, era la relazione dell&#8217;autopsia\u00bb.&#13;<br \/>\n&#13;<\/p>\n<p>Bast\u00f2 una scritta:\u00a0&#8220;No alcohol, no drugs&#8221;. Mi riemp\u00ec di gioia, significava che Marco era rimasto un ragazzo pulito fino alla fine\u00bb. Una perdita incolmabile, ma che ha trasmesso a chi \u00e8 sopravvissuto il bene e la luce del Simoncelli.\u00a0\u00abMarco \u00e8 diventato uno di noi. \u00c8 qualcosa di pi\u00f9 grande di un pilota. \u00c8 un simbolo di coraggio e purezza. \u00c8 parte di tutti noi che viviamo di moto e di passione\u00bb.<\/p>\n<p>&#13;<br \/>\n&#13;<br \/>\n\u00abValentino Rossi mi mise in discussione\u00bb&#13;<br \/>\n&#13;<\/p>\n<p>Tra medico e pilota, il legame non pu\u00f2 che essere forte, profondo. Uno di quelli che ricorda con affetto \u00e8 proprio <strong><a href=\"https:\/\/www.leggo.it\/t\/valentino-rossi\" rel=\"nofollow noopener\" target=\"_blank\">Valentino Rossi<\/a><\/strong>. \u00abMi colp\u00ec moltissimo la sua capacit\u00e0 di giocare, oltre ai titoli di campione del mondo e al coraggio di passare dalla Honda alla Yamaha, dimostrando una maturit\u00e0 che non \u00e8 sempre un pregio dei piloti\u00bb.<\/p>\n<p>&#13;<br \/>\n&#13;<\/p>\n<p>Ma nel 2010, qualcosa si incrina. Rossi ebbe una lesione alla spalla, che avevano curato, ed era arrivato secondo a Le Mans. \u00abMentre ci stavamo preparando alla gara successiva al\u00a0Mugello, qualcuno gli fece presente che esistevano dei metodi diversi dai miei\u00bb. Lui\u00a0reag\u00ec male:\u00a0\u00abFeci l&#8217;errore di prendermela, sono umano.\u00a0Ero il <strong>Dottor Costa<\/strong>, vivevo in una dimensione che mi avevano insegnato gli stessi piloti, essere messo in discussione mi rese molto triste\u00bb.<\/p>\n<p>&#13;<br \/>\n&#13;<\/p>\n<p>Poi Rossi si ruppe una gamba, torn\u00f2 a correre poche settimane dopo, in Germania, dopo un intervento \u00abgiustissimo\u00bb. Ma il rapporto si era ormai guastato. \u00abNon c&#8217;era pi\u00f9 quell&#8217;unione mistica pilota-paziente che c&#8217;era sempre stata.\u00a0Successivamente ci siamo visti e abbracciati, ma non ero pi\u00f9 io il medico ufficiale di Valentino. Non mi sentivo libero di poterlo essere\u00bb.<\/p>\n<p>                                &#13;<br \/>\n                &#13;<br \/>\n&#13;<br \/>\n                Ultimo aggiornamento: sabato 18 ottobre 2025, 13:51&#13;<br \/>\n                <br \/>&#13;<\/p>\n<p>&#13;<br \/>\n                  &#13;<br \/>\n                    &#13;<br \/>\n                        \u00a9 RIPRODUZIONE RISERVATA&#13;<\/p>\n<p>&#13;<\/p>\n<p>                    &#13;<\/p>\n","protected":false},"excerpt":{"rendered":"&#13; &#13; &#13; &#13; Claudio Costa, 84 anni, \u00e8 conosciuto dai pi\u00f9 come &#8220;Dottor Costa&#8220;. Del resto, \u00e8&hellip;\n","protected":false},"author":3,"featured_media":171455,"comment_status":"","ping_status":"","sticky":false,"template":"","format":"standard","meta":{"footnotes":""},"categories":[1455],"tags":[105032,1537,90,89,71087,1783,1785,1784,245,244,5510],"class_list":{"0":"post-171454","1":"post","2":"type-post","3":"status-publish","4":"format-standard","5":"has-post-thumbnail","7":"category-moto","8":"tag-dottorcosta","9":"tag-it","10":"tag-italia","11":"tag-italy","12":"tag-marco-simoncelli","13":"tag-moto","14":"tag-motogp","15":"tag-motorcycle","16":"tag-sport","17":"tag-sports","18":"tag-valentino-rossi"},"share_on_mastodon":{"url":"","error":""},"_links":{"self":[{"href":"https:\/\/www.europesays.com\/it\/wp-json\/wp\/v2\/posts\/171454","targetHints":{"allow":["GET"]}}],"collection":[{"href":"https:\/\/www.europesays.com\/it\/wp-json\/wp\/v2\/posts"}],"about":[{"href":"https:\/\/www.europesays.com\/it\/wp-json\/wp\/v2\/types\/post"}],"author":[{"embeddable":true,"href":"https:\/\/www.europesays.com\/it\/wp-json\/wp\/v2\/users\/3"}],"replies":[{"embeddable":true,"href":"https:\/\/www.europesays.com\/it\/wp-json\/wp\/v2\/comments?post=171454"}],"version-history":[{"count":0,"href":"https:\/\/www.europesays.com\/it\/wp-json\/wp\/v2\/posts\/171454\/revisions"}],"wp:featuredmedia":[{"embeddable":true,"href":"https:\/\/www.europesays.com\/it\/wp-json\/wp\/v2\/media\/171455"}],"wp:attachment":[{"href":"https:\/\/www.europesays.com\/it\/wp-json\/wp\/v2\/media?parent=171454"}],"wp:term":[{"taxonomy":"category","embeddable":true,"href":"https:\/\/www.europesays.com\/it\/wp-json\/wp\/v2\/categories?post=171454"},{"taxonomy":"post_tag","embeddable":true,"href":"https:\/\/www.europesays.com\/it\/wp-json\/wp\/v2\/tags?post=171454"}],"curies":[{"name":"wp","href":"https:\/\/api.w.org\/{rel}","templated":true}]}}