{"id":171705,"date":"2025-10-18T16:55:11","date_gmt":"2025-10-18T16:55:11","guid":{"rendered":"https:\/\/www.europesays.com\/it\/171705\/"},"modified":"2025-10-18T16:55:11","modified_gmt":"2025-10-18T16:55:11","slug":"nicolo-bulega-in-gara1-a-jerez-e-riuscito-a-farsi-dimenticare-rimandata-la-festa-di-toprak-che-ha-un-dubbio-su-ducati-mow","status":"publish","type":"post","link":"https:\/\/www.europesays.com\/it\/171705\/","title":{"rendered":"Nicol\u00f2 Bulega in Gara1 a Jerez \u00e8 riuscito a farsi dimenticare! Rimandata la festa di Toprak (che ha un dubbio su Ducati) &#8211; MOW"},"content":{"rendered":"<p>\n        Dodicesima vittoria stagionale per Nicol\u00f2 Bulega che questa volta, dopo una partenza non perfetta dalla pole, ha smaltito la pratica in mezzo giro, con un sorpasso di cattiveria su Toprak Razgatlioglu prima di scomparire letteralmente da ogni inquadratura e ricomparire a braccia alzate, venti giri dopo, sotto la bandiera a scacchi. Per il turco di BMW ci sar\u00e0 da aspettare fino a domani (salvo colpi di scena)  per festeggiare il titolo\n    <\/p>\n<p>Assen 2025: Toprak Razgatlioglu fuori dai giochi e Nicol\u00f2 Bulega, che da decimo s\u2019era portato primo, che si dispera mentre la sua Ducati lo abbandona, lasciando a Andrea Locatelli l\u2019unica vittoria di una intera stagione che non \u00e8 andata al turco di BMW o all\u2019italiano di Ducati. Hanno comandato sempre loro, non ce ne \u00e8 mai stato per nessuno, ma quell\u2019unica vittoria di Yamaha \u00e8, probabilmente, l\u2019incubo di entrambi. Soprattutto di Bulega, che non ha avuto colpe e che, senza quel guasto tecnico, oggi si sarebbe trovato letteralmente addosso al turco, se non davanti. Invece, nonostante la pole conquistata con un giro che sarebbe valso il quattordicesimo posto in griglia in MotoGP e dopo aver fatto bottino pieno in Gara1, bisogna parlare ancora di festa solo rimandata per Razgatlioglu. Rimandata a domani, visto che i 34 punti di vantaggio che il turco ha ancora rappresentano, pi\u00f9 che un margine comodo, una vera e propria garanzia se si considera, appunto, che quei due non hanno rivali e che tra loro non \u00e8 riuscito quasi mai a infilarsi nessuno.<\/p>\n<p>Sul fatto che sar\u00e0 battaglia fino alla fine, per\u00f2, non ci sono dubbi. E s\u2019\u00e8 visto anche oggi, con un Nicol\u00f2 Bulega che s\u2019\u00e8 portato sull\u2019asfalto dell\u2019Angel Nieto Circuit una ferocia impressionante. Partenza difficile e sportellate subito, ma giusto il tempo di un paio di curve, con il duello che finisce quando Toprak prova a forzare una staccata andando lungo e Nicol\u00f2 si infila lasciando il turco a vedersela con Andrea Iannone. Libero dal traffico e con un passo superiore, il pilota Ducati ha preso margine e costruito una fuga che si definitiva, riuscendo letteralmente nell\u2019impresa di farsi dimenticare dalle telecamere della regia internazionale, che tornano a inquadrarlo solo quando passa, venti giri dopo, sotto la bandiera a scacchi.<\/p>\n<p>\u201cNon sono totalmente contento \u2013 ha detto Bulega senza girarci troppo intorno una volta messo piede in sala stampa &#8211; sono felice per la gara, ma se riguardo la stagione non posso essere veramente contento. Penso a Assen e a Misano, ma pi\u00f9 a quello che \u00e8 successo a Assen. Domani vedremo a quanti punti arriver\u00f2 da Toprak, aggiungendo i punti di Assen e qualcosa in pi\u00f9 sarebbe stata un\u2019altra storia. In ogni caso abbiamo fatto e stiamo facendo un gran lavoro e voglio ringraziare tantissimo Ducati, la squadra e tutte le persone che mi sono state vicine. Oggi? Oggi \u00e8 sembrato facile, ma non \u00e8 stato facile. La cosa pi\u00f9 importante era mettere un gran distacco e poi gestire fino alla fine: ho cercato di non prendere rischi perch\u00e9 avevo un gran margine\u201d.<\/p>\n<p>Dietro di lui, nel frattempo, anche Toprak ha fatto il vuoto oggi, lasciando la lotta per il terzo posto a Xavi Vierge, Andrea Iannone, Alex Lowes e, qualche giro dopo, \u00c1lvaro Bautista, protagonista di una rimonta progressiva. Lo spagnolo del Team Aruba Ducati, infatti, risale con decisione, supera Lowes e poi Vierge e Iannone, a cui non resta altro che giocarsi il quarto posto fino al traguardo, con l\u2019italiano che la spunta d\u2019esperienza e raggiunge i tre del podio al parco chiuso come primo dei piloti non ufficiali. E ricordando anche a tutti che uno cos\u00ec non pu\u00f2 non avere una moto per l\u2019anno prossimo, anche se ormai il suo addio al World SBK sembra quasi inevitabile. Prima di pensare al prossimo anno, per\u00f2, c\u2019\u00e8 ancora domani. Per Andrea iannone, come per quel Toprak che questa notte vuole provare a non fare troppi calcoli.<\/p>\n<p>\u201cSenza l\u2019errore all\u2019inizio forse sarei potuto stare con Nicol\u00f2 e lottare con lui \u2013 ha detto Toprak nella sala stampa di Jerez \u2013 ma nella realt\u00e0 dopo essermi liberato dal traffico siamo rimasti sempre un po\u2019 alla stessa distanza. So che qui lui \u00e8 un po\u2019 pi\u00f9 forte ma so anche che se guido nella sua scia posso migliorare, dato che posso prenderlo come riferimento. Per domani spero di migliorare: negli ultimi tre round ho lottato con l\u2019anteriore, vedendo al contempo Bulega guidare tranquillo come su una 600. Se guidassi come Nicol\u00f2 la BMW non funzionerebbe nel modo corretto. Iannone? All\u2019inizio lui guidava molto piano, poi sono riuscito a superarlo. So che se domani finir\u00f2 nella stessa posizione di oggi sar\u00f2 campione, ma \u00e8 meglio non pensarci, voglio concentrarmi sulle gare. Bautista mi ha detto che in Superpole Race mi baster\u00e0 arrivare nei primi sette per vincere il titolo: mi farebbe piacere stabilire un nuovo primato, anche se probabilmente Bulega lo batter\u00e0 l\u2019anno prossimo. Nicol\u00f2 oggi ha fatto un crono incredibile, lo rispetto tanto, mi aspettavo che fosse veloce, ma il suo tempo \u00e8 stato incredibile. Mi sono congratulato con i ragazzi Ducati per il risultato e gli ho chiesto se hanno usato la MotoGP o la SBK, dato che il tempo di Nicol\u00f2 \u00e8 da MotoGP\u201d.<\/p>\n","protected":false},"excerpt":{"rendered":"Dodicesima vittoria stagionale per Nicol\u00f2 Bulega che questa volta, dopo una partenza non perfetta dalla pole, ha smaltito&hellip;\n","protected":false},"author":3,"featured_media":171706,"comment_status":"","ping_status":"","sticky":false,"template":"","format":"standard","meta":{"footnotes":""},"categories":[1455],"tags":[1537,90,89,1783,1784,245,244],"class_list":{"0":"post-171705","1":"post","2":"type-post","3":"status-publish","4":"format-standard","5":"has-post-thumbnail","7":"category-moto","8":"tag-it","9":"tag-italia","10":"tag-italy","11":"tag-moto","12":"tag-motorcycle","13":"tag-sport","14":"tag-sports"},"share_on_mastodon":{"url":"","error":""},"_links":{"self":[{"href":"https:\/\/www.europesays.com\/it\/wp-json\/wp\/v2\/posts\/171705","targetHints":{"allow":["GET"]}}],"collection":[{"href":"https:\/\/www.europesays.com\/it\/wp-json\/wp\/v2\/posts"}],"about":[{"href":"https:\/\/www.europesays.com\/it\/wp-json\/wp\/v2\/types\/post"}],"author":[{"embeddable":true,"href":"https:\/\/www.europesays.com\/it\/wp-json\/wp\/v2\/users\/3"}],"replies":[{"embeddable":true,"href":"https:\/\/www.europesays.com\/it\/wp-json\/wp\/v2\/comments?post=171705"}],"version-history":[{"count":0,"href":"https:\/\/www.europesays.com\/it\/wp-json\/wp\/v2\/posts\/171705\/revisions"}],"wp:featuredmedia":[{"embeddable":true,"href":"https:\/\/www.europesays.com\/it\/wp-json\/wp\/v2\/media\/171706"}],"wp:attachment":[{"href":"https:\/\/www.europesays.com\/it\/wp-json\/wp\/v2\/media?parent=171705"}],"wp:term":[{"taxonomy":"category","embeddable":true,"href":"https:\/\/www.europesays.com\/it\/wp-json\/wp\/v2\/categories?post=171705"},{"taxonomy":"post_tag","embeddable":true,"href":"https:\/\/www.europesays.com\/it\/wp-json\/wp\/v2\/tags?post=171705"}],"curies":[{"name":"wp","href":"https:\/\/api.w.org\/{rel}","templated":true}]}}