{"id":171707,"date":"2025-10-18T16:56:14","date_gmt":"2025-10-18T16:56:14","guid":{"rendered":"https:\/\/www.europesays.com\/it\/171707\/"},"modified":"2025-10-18T16:56:14","modified_gmt":"2025-10-18T16:56:14","slug":"latifi-dal-ritiro-alla-laurea-in-economia-esperienza-entusiasmante","status":"publish","type":"post","link":"https:\/\/www.europesays.com\/it\/171707\/","title":{"rendered":"Latifi, dal ritiro alla laurea in economia: &#8220;Esperienza entusiasmante&#8221;"},"content":{"rendered":"<p>L&#8217;ex pilota di Formula 1 <a href=\"https:\/\/it.motorsport.com\/driver\/nicholas-latifi\/162237\/\" target=\"_blank\" rel=\"nofollow noopener\">Nicholas Latifi<\/a> ha confermato il conseguimento della laurea in economia tramite la sua prima dichiarazione pubblica dopo il ritiro dall&#8217;automobilismo, all&#8217;et\u00e0 di 30 anni.<\/p>\n<p>Il canadese ha annunciato il cambio di carriera a met\u00e0 del 2023, dopo aver lasciato la F1 alla fine del 2022, al termine di tre stagioni nel campionato.<\/p>\n<p>Latifi ha trascorso tutti e tre gli anni alla <a href=\"https:\/\/it.motorsport.com\/team\/williams\/2020\/\" target=\"_blank\" rel=\"nofollow noopener\">Williams<\/a>, dove ha totalizzato nove punti, con il miglior piazzamento in campionato al 17\u00b0 posto nel 2021. I suoi compagni di squadra sono stati <a href=\"https:\/\/it.motorsport.com\/driver\/george-russell\/163937\/\" target=\"_blank\" rel=\"nofollow noopener\">George Russell<\/a> e poi Alex Albon.<\/p>\n<p>\u00c8 stato anche nel 2021 che ha causato l&#8217;ingresso della safety car nella finale di Abu Dhabi, schiantandosi sul finale, e la successiva ripartenza ha portato <a href=\"https:\/\/it.motorsport.com\/driver\/max-verstappen\/160350\/\" target=\"_blank\" rel=\"nofollow noopener\">Max Verstappen<\/a> a battere <a href=\"https:\/\/it.motorsport.com\/driver\/lewis-hamilton\/144275\/\" target=\"_blank\" rel=\"nofollow noopener\">Lewis Hamilton<\/a> per il titolo mondiale in modo controverso.<\/p>\n<p>Indipendentemente da ci\u00f2, subito dopo aver lasciato la F1, sapeva di voler abbandonare le corse, quindi alla fine ha ottenuto un posto alla London Business School per studiare un Master in Business Administration (MBA).<\/p>\n<p>   <img loading=\"lazy\" decoding=\"async\" draggable=\"false\" src=\"https:\/\/www.europesays.com\/it\/wp-content\/uploads\/2025\/10\/nicholas-latifi-williams-fw44-1.jpg\" alt=\"Nicholas Latifi, Williams FW44\" width=\"1200\" height=\"800\"\/> <\/p>\n<p class=\"title\">Nicholas Latifi, Williams FW44<\/p>\n<p class=\"photographer\">Photo by: Williams F1<\/p>\n<p>Marted\u00ec, Latifi ha pubblicato sui social media: &#8220;\u00c8 da un po&#8217; che non scrivo. Volevo prendermi un po&#8217; di tempo per concentrarmi completamente sul mio MBA alla London Business School e godermi davvero l&#8217;esperienza senza distrazioni. Sono felice di annunciare che mi sono laureato pochi mesi fa!&#8221;<\/p>\n<p>\u201cNon avendo mai conseguito una laurea triennale, non sapevo cosa aspettarmi e ammetto che all&#8217;inizio ero un po&#8217; nervoso. Ma ho scoperto subito quanto fosse calorosa e accogliente la comunit\u00e0 della LBS e ho stretto amicizie che so dureranno per tutta la vita&#8221;.<\/p>\n<p>&#8220;Questi ultimi due anni sono stati tra i pi\u00f9 gratificanti della mia vita, ricchi di apprendimento, crescita, nuove esperienze e ricordi che porter\u00f2 con me per sempre. Sono entusiasta di ci\u00f2 che mi aspetta. Presto ne saprete di pi\u00f9\u201d.<\/p>\n<p>Latifi aveva seguito il percorso tradizionale per arrivare alla F1, iniziando con il karting prima di debuttare nelle monoposto nel Campionato Italiano di Formula 3 2012, dove si \u00e8 classificato settimo.<\/p>\n<p>Da l\u00ec \u00e8 arrivato fino alla F2, dove il suo miglior risultato in questo percorso \u00e8 arrivato nella sua ultima stagione di F2 nel 2019, quando \u00e8 arrivato secondo dietro a <a href=\"https:\/\/it.motorsport.com\/driver\/nick-de-vries\/162411\/\" target=\"_blank\" rel=\"nofollow noopener\">Nyck De Vries<\/a>, conquistando quattro vittorie.<\/p>\n<p>\u00c8 stato anche l&#8217;anno in cui \u00e8 entrato a far parte della Williams, gettando le basi per il suo ingresso in F1, anche se la sua promozione \u00e8 stata aiutata dal grande sostegno che ha portato alla scuderia britannica.<\/p>\n<p>La sua famiglia ha molto successo nel mondo degli affari, dato che suo padre Michael ha raggiunto lo status di miliardario dopo aver fondato la Sofina Foods Inc, un&#8217;azienda alimentare che possiede diverse filiali.<\/p>\n<p>            Vogliamo la vostra opinione!<\/p>\n<p class=\"mt-auto\">Cosa vorresti vedere su Motorsport.com?<\/p>\n<p>            <a href=\"#\" class=\"ms-link text-link font-bold\">Partecipate al nostro sondaggio di 5 minuti.<\/a><\/p>\n<p class=\"mt-1 font-info text-body\">&#8211; Il team di Motorsport.com<\/p>\n","protected":false},"excerpt":{"rendered":"L&#8217;ex pilota di Formula 1 Nicholas Latifi ha confermato il conseguimento della laurea in economia tramite la sua&hellip;\n","protected":false},"author":3,"featured_media":171708,"comment_status":"","ping_status":"","sticky":false,"template":"","format":"standard","meta":{"footnotes":""},"categories":[1454],"tags":[105107,1770,105106,683,1771,1537,90,89,105108,245,244,4318],"class_list":{"0":"post-171707","1":"post","2":"type-post","3":"status-publish","4":"format-standard","5":"has-post-thumbnail","7":"category-f1","8":"tag-dal-ritiro-alla-laurea-in-economia-esperienza-entusiasmante","9":"tag-f1","10":"tag-f1-latifi","11":"tag-formula-1","12":"tag-formula1","13":"tag-it","14":"tag-italia","15":"tag-italy","16":"tag-nicholas-latifi","17":"tag-sport","18":"tag-sports","19":"tag-williams"},"share_on_mastodon":{"url":"","error":""},"_links":{"self":[{"href":"https:\/\/www.europesays.com\/it\/wp-json\/wp\/v2\/posts\/171707","targetHints":{"allow":["GET"]}}],"collection":[{"href":"https:\/\/www.europesays.com\/it\/wp-json\/wp\/v2\/posts"}],"about":[{"href":"https:\/\/www.europesays.com\/it\/wp-json\/wp\/v2\/types\/post"}],"author":[{"embeddable":true,"href":"https:\/\/www.europesays.com\/it\/wp-json\/wp\/v2\/users\/3"}],"replies":[{"embeddable":true,"href":"https:\/\/www.europesays.com\/it\/wp-json\/wp\/v2\/comments?post=171707"}],"version-history":[{"count":0,"href":"https:\/\/www.europesays.com\/it\/wp-json\/wp\/v2\/posts\/171707\/revisions"}],"wp:featuredmedia":[{"embeddable":true,"href":"https:\/\/www.europesays.com\/it\/wp-json\/wp\/v2\/media\/171708"}],"wp:attachment":[{"href":"https:\/\/www.europesays.com\/it\/wp-json\/wp\/v2\/media?parent=171707"}],"wp:term":[{"taxonomy":"category","embeddable":true,"href":"https:\/\/www.europesays.com\/it\/wp-json\/wp\/v2\/categories?post=171707"},{"taxonomy":"post_tag","embeddable":true,"href":"https:\/\/www.europesays.com\/it\/wp-json\/wp\/v2\/tags?post=171707"}],"curies":[{"name":"wp","href":"https:\/\/api.w.org\/{rel}","templated":true}]}}