{"id":171717,"date":"2025-10-18T17:03:18","date_gmt":"2025-10-18T17:03:18","guid":{"rendered":"https:\/\/www.europesays.com\/it\/171717\/"},"modified":"2025-10-18T17:03:18","modified_gmt":"2025-10-18T17:03:18","slug":"a-valerio-scanu-il-premio-mia-martini-2025-la-finale-a-scalea","status":"publish","type":"post","link":"https:\/\/www.europesays.com\/it\/171717\/","title":{"rendered":"A Valerio Scanu il premio Mia Martini 2025, la finale a Scalea"},"content":{"rendered":"<p><img loading=\"lazy\" decoding=\"async\" src=\"https:\/\/www.europesays.com\/it\/wp-content\/uploads\/2025\/10\/valerio-scanu28f19930_9b19b.jpg\" alt=\"valerio-scanu28f19930_9b19b.jpg\" width=\"600\" height=\"400\" style=\"border-width: 1px; border-style: solid; border-color: #000000;\"\/><\/p>\n<p>&#13;<\/p>\n<p style=\"text-align: justify;\" _ngcontent-jdy-c116=\"\">Scalea (Cosenza) &#8211; \u00c8 andato a Valerio Scanu il premio Mia Martini 2025. La finale della XXXI edizione si \u00e8 tenuta, in quattro serate, a Scalea (Cosenza), organizzata dall&#8217;Associazione Cultura e Spettacolo di Bagnara Calabra in collaborazione con la Regione Calabria, condotta da Claudia Cesaroni e Marco Guacci. Questa la motivazione del riconoscimento a Scanu: &#8220;Dotato di una voce potente, vincente, capace di abbracciare con naturalezza registri e generi diversi, fin dagli esordi, ha saputo conquistare il pubblico dei talent con carattere e sensibilit\u00e0 interpretativa. La vittoria al Festival di Sanremo del 2010 lo ha consacrato al grande pubblico. Col tempo, al di l\u00e0 di certi meccanismi &#8216;usa e getta&#8217; che spesso ha il mondo dello spettacolo, ha saputo reinventarsi con coerenza difendendo, a sue spese, la propria identit\u00e0 artistica, spesso controcorrente. Libert\u00e0, autenticit\u00e0 e resilienza, sono sicuramente i punti che lo affiancano al carattere e a certi periodi della intricata storia artistica e personale di Mim\u00ec&#8221;.<\/p>\n<p>&#13;<\/p>\n<p style=\"text-align: justify;\" _ngcontent-jdy-c116=\"\">A Cioffi \u00e8 stato attribuito il Premio Mia Martini Giovani 2025, cos\u00ec motivato: &#8220;Una delle pi\u00f9 grandi soddisfazioni per un ragazzo \u00e8 quando i sogni riescono a far raggiungere certi obiettivi. In linea con le sonorit\u00e0 di oggi, ha saputo coniugare il suo mondo artistico con un brano che, nella seconda met\u00e0 degli anni &#8217;70, spopol\u00f2 in italia e all&#8217;estero: Ti Amo di Giancarlo Bigazzi e Umberto Tozzi. Nasce cos\u00ec il suo singolo Sola, interpretato con Mar Lucas, uno dei brani pi\u00f9 trasmessi e ascoltati su tutte le piattaforme digitali&#8221;. La giuria, composta da Mario Rosini (presidente), Franco Fasano (direttore artistico), Karima, Francesco Malapena, Monica Magnani e Rosmy, ha decretato i vincitori di ogni categoria con giovani artisti provenienti da ogni regione d&#8217;Italia e da Spagna, Svizzera e Germania.<\/p>\n<p style=\"float: right; margin-bottom: 20px;\"> \u00a9 RIPRODUZIONE RISERVATA <\/p>\n","protected":false},"excerpt":{"rendered":"&#13; Scalea (Cosenza) &#8211; \u00c8 andato a Valerio Scanu il premio Mia Martini 2025. La finale della XXXI&hellip;\n","protected":false},"author":3,"featured_media":171718,"comment_status":"","ping_status":"","sticky":false,"template":"","format":"standard","meta":{"footnotes":""},"categories":[1443],"tags":[203,204,1537,90,89,1538,1539],"class_list":{"0":"post-171717","1":"post","2":"type-post","3":"status-publish","4":"format-standard","5":"has-post-thumbnail","7":"category-musica","8":"tag-entertainment","9":"tag-intrattenimento","10":"tag-it","11":"tag-italia","12":"tag-italy","13":"tag-music","14":"tag-musica"},"share_on_mastodon":{"url":"","error":""},"_links":{"self":[{"href":"https:\/\/www.europesays.com\/it\/wp-json\/wp\/v2\/posts\/171717","targetHints":{"allow":["GET"]}}],"collection":[{"href":"https:\/\/www.europesays.com\/it\/wp-json\/wp\/v2\/posts"}],"about":[{"href":"https:\/\/www.europesays.com\/it\/wp-json\/wp\/v2\/types\/post"}],"author":[{"embeddable":true,"href":"https:\/\/www.europesays.com\/it\/wp-json\/wp\/v2\/users\/3"}],"replies":[{"embeddable":true,"href":"https:\/\/www.europesays.com\/it\/wp-json\/wp\/v2\/comments?post=171717"}],"version-history":[{"count":0,"href":"https:\/\/www.europesays.com\/it\/wp-json\/wp\/v2\/posts\/171717\/revisions"}],"wp:featuredmedia":[{"embeddable":true,"href":"https:\/\/www.europesays.com\/it\/wp-json\/wp\/v2\/media\/171718"}],"wp:attachment":[{"href":"https:\/\/www.europesays.com\/it\/wp-json\/wp\/v2\/media?parent=171717"}],"wp:term":[{"taxonomy":"category","embeddable":true,"href":"https:\/\/www.europesays.com\/it\/wp-json\/wp\/v2\/categories?post=171717"},{"taxonomy":"post_tag","embeddable":true,"href":"https:\/\/www.europesays.com\/it\/wp-json\/wp\/v2\/tags?post=171717"}],"curies":[{"name":"wp","href":"https:\/\/api.w.org\/{rel}","templated":true}]}}