{"id":171739,"date":"2025-10-18T17:22:10","date_gmt":"2025-10-18T17:22:10","guid":{"rendered":"https:\/\/www.europesays.com\/it\/171739\/"},"modified":"2025-10-18T17:22:10","modified_gmt":"2025-10-18T17:22:10","slug":"gp-australia-2025-sprint-di-giannantonio-peccato-non-aver-centrato-il-podio","status":"publish","type":"post","link":"https:\/\/www.europesays.com\/it\/171739\/","title":{"rendered":"GP Australia 2025, Sprint, Di Giannantonio: \u201cPeccato non aver centrato il podio\u201d"},"content":{"rendered":"<p>Seguono le dichiarazioni di Fabio Di Giannantonio (Ducati VR46) al termine della Sprint del GP Australia 2025<a href=\"https:\/\/www.p300.it\/motogp-gp-australia-2025-gara-sprint-marco-bezzecchi-vince-nel-sabato-di-phillip-island\/\" target=\"_blank\" rel=\"noopener nofollow\">Leggi il resoconto della Sprint<\/a><\/p>\n<p>\u201cPartire dalla quarta fila ci ha penalizzati, ma ho fatto una bella gara e alla Curva 4 ho superato ben tre piloti, sono molto orgoglioso di quella manovra. Avevo un bel passo e un buon feeling nonostante l\u2019azzardo della gomma media anteriore. Sono contento della performance, ma in termini di risultato c\u2019\u00e8 un po\u2019 di amaro in bocca. Peccato non aver centrato il podio, speriamo di rifarci domani: penso di avere un buon passo anche per la gara di domenica, sar\u00e0 importante fare una bella partenza ed essere subito in lotta davanti\u201d.<\/p>\n<p>Immagine di copertina: <a href=\"https:\/\/www.flickr.com\/people\/vr46racingteam\/\" target=\"_blank\" rel=\"noopener nofollow\">VR46 Photo Gallery<\/a><\/p>\n<p>AVVISO: Se vuoi ricevere le notifiche dei nuovi articoli pubblicati, scegliendo tu per quali categorie abilitare gli avvisi, collegati al nostro <a href=\"https:\/\/t.me\/p300it_official\" rel=\"nofollow\">NUOVO GRUPPO TELEGRAM<\/a><\/p>\n<p class=\"disclaimer\">Stai visualizzando da visitatore. <a title=\"Accedi\" href=\"javascript:void();\" onclick=\"p300openmenu();\">Accedi<\/a> o <a title=\"Registrazione\" href=\"https:\/\/www.p300.it\/wp-login.php?action=register\" rel=\"nofollow noopener\" target=\"_blank\">registrati<\/a> per navigare su P300.it con alcuni <a title=\"I vantaggi della registrazione\" href=\"https:\/\/www.p300.it\/p300-it-i-vantaggi-della-registrazione\/\" rel=\"nofollow noopener\" target=\"_blank\">vantaggi<\/a><\/p>\n<p class=\"disclaimer\">\u00c8 vietata la riproduzione, anche se parziale, dei contenuti pubblicati su P300.it senza autorizzazione scritta da richiedere a info@p300.it.<\/p>\n<p> Supporta P300.it<\/p>\n<p style=\"text-align:center\">Se ti \u00e8 piaciuto questo articolo e vuoi sostenere il nostro lavoro, puoi aiutarci con un piccolo contributo.P300.it \u00e8 una realt\u00e0 totalmente indipendente, il tuo supporto \u00e8 per noi importante.<\/p>\n<p>SCEGLI IL TUO IMPORTO*<a title=\"Contribuisci con 1\u20ac\" class=\"donate\" href=\"https:\/\/www.paypal.me\/p300it\/1\" target=\"_blank\" rel=\"nofollow noopener\">1\u20ac<\/a><a title=\"Contribuisci con 3\u20ac\" class=\"donate\" href=\"https:\/\/www.paypal.me\/p300it\/3\" target=\"_blank\" rel=\"nofollow noopener\">3\u20ac<\/a><a title=\"Contribuisci con 5\u20ac\" class=\"donate\" href=\"https:\/\/www.paypal.me\/p300it\/5\" target=\"_blank\" rel=\"nofollow noopener\">5\u20ac<\/a><a title=\"Contribuisci con 10\u20ac\" class=\"donate\" href=\"https:\/\/www.paypal.me\/p300it\/10\" target=\"_blank\" rel=\"nofollow noopener\">10\u20ac<\/a><a title=\"Contribuisci con un importo a scelta\" class=\"donate\" href=\"https:\/\/www.paypal.me\/p300it\/\" target=\"_blank\" rel=\"nofollow noopener\">IMPORTO LIBERO<\/a>* L&#8217;operazione verr\u00e0 completata tramite PayPal, garantendo sicurezza alla transazione<\/p>\n","protected":false},"excerpt":{"rendered":"Seguono le dichiarazioni di Fabio Di Giannantonio (Ducati VR46) al termine della Sprint del GP Australia 2025Leggi il&hellip;\n","protected":false},"author":3,"featured_media":53846,"comment_status":"","ping_status":"","sticky":false,"template":"","format":"standard","meta":{"footnotes":""},"categories":[1455],"tags":[3631,44684,1102,3924,44690,15502,1537,90,89,1783,1785,3934,1784,1809,245,244,6228],"class_list":{"0":"post-171739","1":"post","2":"type-post","3":"status-publish","4":"format-standard","5":"has-post-thumbnail","7":"category-moto","8":"tag-australia","9":"tag-di-giannantonio","10":"tag-dichiarazioni","11":"tag-dichiarazioni-motogp","12":"tag-ducati-vr46","13":"tag-giannantonio","14":"tag-it","15":"tag-italia","16":"tag-italy","17":"tag-moto","18":"tag-motogp","19":"tag-motogp-dichiarazioni","20":"tag-motorcycle","21":"tag-p300","22":"tag-sport","23":"tag-sports","24":"tag-sprint"},"share_on_mastodon":{"url":"","error":""},"_links":{"self":[{"href":"https:\/\/www.europesays.com\/it\/wp-json\/wp\/v2\/posts\/171739","targetHints":{"allow":["GET"]}}],"collection":[{"href":"https:\/\/www.europesays.com\/it\/wp-json\/wp\/v2\/posts"}],"about":[{"href":"https:\/\/www.europesays.com\/it\/wp-json\/wp\/v2\/types\/post"}],"author":[{"embeddable":true,"href":"https:\/\/www.europesays.com\/it\/wp-json\/wp\/v2\/users\/3"}],"replies":[{"embeddable":true,"href":"https:\/\/www.europesays.com\/it\/wp-json\/wp\/v2\/comments?post=171739"}],"version-history":[{"count":0,"href":"https:\/\/www.europesays.com\/it\/wp-json\/wp\/v2\/posts\/171739\/revisions"}],"wp:featuredmedia":[{"embeddable":true,"href":"https:\/\/www.europesays.com\/it\/wp-json\/wp\/v2\/media\/53846"}],"wp:attachment":[{"href":"https:\/\/www.europesays.com\/it\/wp-json\/wp\/v2\/media?parent=171739"}],"wp:term":[{"taxonomy":"category","embeddable":true,"href":"https:\/\/www.europesays.com\/it\/wp-json\/wp\/v2\/categories?post=171739"},{"taxonomy":"post_tag","embeddable":true,"href":"https:\/\/www.europesays.com\/it\/wp-json\/wp\/v2\/tags?post=171739"}],"curies":[{"name":"wp","href":"https:\/\/api.w.org\/{rel}","templated":true}]}}