{"id":171743,"date":"2025-10-18T17:25:11","date_gmt":"2025-10-18T17:25:11","guid":{"rendered":"https:\/\/www.europesays.com\/it\/171743\/"},"modified":"2025-10-18T17:25:11","modified_gmt":"2025-10-18T17:25:11","slug":"italiano-servira-personalita-e-carattere-in-porta-giochera-ravaglia-tutto-bologna-web","status":"publish","type":"post","link":"https:\/\/www.europesays.com\/it\/171743\/","title":{"rendered":"Italiano: \u201cServir\u00e0 personalit\u00e0 e carattere. In porta giocher\u00e0 Ravaglia\u201d &#8211; Tutto Bologna Web"},"content":{"rendered":"<ol>\n<li><a href=\"https:\/\/news.google.com\/rss\/articles\/CBMipwFBVV95cUxOb2dhejV5WWpTU2IzSHdfUUtFOHJSSGZFTW9kY3FWVFBMV1ZwSGtienFRS0NaWVZwZ1RZU1gwODFsSkJKUTRWNnpCY2w3RzNtcXJsXzlwLXdQTmhYb0dFMUdEU0lyUF9BanY5U0FnN2cxTmNCYllxR2I3V1VpelhZM2lHUW1sRHBEdFQtd3dUVVVVMDNyd1B3c0tlMzRsOWlqOGRCdjRFRdIBrAFBVV95cUxPcGJuQmRCQldPT0hLWHE2OHIxZUxxYWJha2oyZ0dSNXhnMFFiaUNEd2t2eHZqQzNEa1ZiclNiVU1KMXhCTUR1QTM4cDI3b2JVVVg0YnRpRS14TmktLTJLZFFsT0ZpTVpDbmExYW40QzZMNU1ablVaR05PZ0lWakxqTjJxNVNxeVVaUTdhNTM5VFVvTUZHWFZtNlVDTUp3M1JkVVliVm9hc1RIeTU4?oc=5\" target=\"_blank\" rel=\"nofollow noopener\">Italiano: \u201cServir\u00e0 personalit\u00e0 e carattere. In porta giocher\u00e0 Ravaglia\u201d<\/a>&nbsp;&nbsp;Tutto Bologna Web<\/li>\n<li><a href=\"https:\/\/news.google.com\/rss\/articles\/CBMizAFBVV95cUxOeHFYY0NkWUdZWm12ZjBvejgzQzkxNUxZeGR5UnpBYnYtMnNOUTJZclVnenEzaDFQTG9EQnFucmYzcXNCSllUOHZCLVlmYnBaUnZ5XzB5Y0FhZ3c4dkVaTG1XTlF6OXR5d1FlYnM1cTNCQ0VaYkhaMVZYdUFrX0NXUThpSDd3dTUxaUtVaDBxU0xPZkI5ZXlMLWVGYW9IZ044RENFcGdHek0zbmw5TFBMdFp3MWM1R3QzbHRzZzUwbndmejJCODFNRnd5ZUvSAdIBQVVfeXFMT2VBTzFxanNreFBJVmR1cHJJMVVoQ3czbk5NWHJEUjJuWEl0UHhHWGpOcHJUX18zb3V5RFpFV3A1bDVWVFRGOEZFRkVhUkFMbWZtR2cxb2t3Sl9LUHRoNmxOZUloY2phbmNKa1ctYjljVWpzQ3RHQW5aY0l6X1JvYzVwTElpNTZQM25pcUR3R2M3dnJuLUJzaUpUcFJtSVlJb0Y2WmhEa2FQTm42WFV5X3FxamRvVWVMaE16WXp2V3FqcERKdEZBRmJyaUluckkxZ1BB?oc=5\" target=\"_blank\" rel=\"nofollow noopener\">Bologna, le ultime su Sulemana e Immobile. Ecco chi difender\u00e0 la porta contro il Cagliari<\/a>&nbsp;&nbsp;La Gazzetta dello Sport<\/li>\n<li><a href=\"https:\/\/news.google.com\/rss\/articles\/CBMiqgFBVV95cUxOMXE3X2l3dTVZbWN0VGJ0ZUVUeU4tamxHcUJNU0VhNHZNNjRaUUJkSkhrRElhWFRtWGpZTlc0Z2xJck5ET2Vlem5RNXRQVEdpRmJnUVF6Y1JsYVZtOU44ZGdVeTlybXVOaVlLRklPd19PYkdLZS1DRjc0R1BfY3cxSzAtcUZjRkM1aVMzbGktSXVNTm5DOFAtQnJzR29EYnQ3Q1BRaTRyZ3JCdw?oc=5\" target=\"_blank\" rel=\"nofollow noopener\">Il Bologna a Cagliari cerca la prima vittoria in trasferta. \u201cLontano dal Dall\u2019Ara serve malizia\u201d<\/a>&nbsp;&nbsp;la Repubblica<\/li>\n<li><a href=\"https:\/\/news.google.com\/rss\/articles\/CBMi3gFBVV95cUxPZEdVd00zaWE4ZXpNb3ZjR19pUXN0Uy1HRXJTd2pEUHJCYjl1VzNPZURMUEJPcXM3NjQtWGh0STY0RW5RbG5YNW9wc25tZkNXRmkzYTJyb3YxT09ZN3ZTWE5jQlJCUk01dHlzM050SjV3RlBqM1d2dlBQS1p6UnA5UzBPVHV3c2I3SHlFWEV3UldCUjR4SEZJUGRMSE9TUDdrdEJoN1dRR2twQV90RjRLMmtub09UVC1Bb2N1MUg4QW9yaE9HYmxGTnRCVnlUUnRHTlptZGJ2dGRVTVNhQXfSAeMBQVVfeXFMTm1KZkRyUmJ1NXpOWVBFMEtiSzZBSG1ydEUzbW1DSGt3ZG1NeHItVGNINVZqMmh0SDg4c1Z6NFhENWdTcW5jSWtwaUx5RHRRU0JRc0E5bmZJRnBUVzZRY3lHRDdsdzJ2U1N4bWlnM3RDa0ljSlk2V0dTRnhqeVBNZzV4MGFsZUl4NEJhb3UxYUV4NjdQdGlRUmtNLXQxMmo0NVBCTC1WU24tQjJ0Ul82N3JVMzFycXBOV1kySE5HQ2pHeVYwcDlPVTJuazJjRnY2Wkx0X1dDMzctb0E5Ul9YcF9xdXM?oc=5\" target=\"_blank\" rel=\"nofollow noopener\">Il Bologna recupera pezzi, ai box solo Immobile<\/a>&nbsp;&nbsp;ANSA<\/li>\n<li><a href=\"https:\/\/news.google.com\/rss\/articles\/CBMivAFBVV95cUxOT2Q0S3dpZ1BPLWJPOTZXUVJLNldTUnVwUnZ6bDBlU2Y0OVVZVGdld3VrTVdobVFlbk84TTU5dDk1MWNlcVJGUEgwOW54Wnk0RVdBRmZFbnJHcTJOZVlVYXhESzNFZ2J3QTU0UHBQaE1uREttTUVWenJWbUNGRWZENFhHbVFPVjhpWkQtMnZFblZmdEM2RmR0QjVoTy0wSGgzdU1mMjViYnRhS01XalVrcWc2ZzlfMEdaa3R6ZNIBxAFBVV95cUxPRkw3MnJQczFGUWNzcjdWSEF0Vlp3ZVZKYXRFVVVlX29TdzlKSjZ4Qkl4OEJoYjd3WkVoVmVMdmRaOUdnaHg4anVMZnFyQ21JdTB0Yml2a0RNRTlZbndSR29VMDlhdmdad0JsNm1OQ0xoQ0xHTDlLbHloVzNLSjZSdWtJOU5NMVUyZXczUVhuT0ZVaHZNMktsQU1LTkRZMTNmOElzX2t3WkowcXFnMTFrS3hYVy01Qm1sNnBSdWMxelBhM3dG?oc=5\" target=\"_blank\" rel=\"nofollow noopener\">Bologna, rientrati altri tre nazionali: a Cagliari Immobile unico assente<\/a>&nbsp;&nbsp;L&#8217;Unione Sarda.it<\/li>\n<\/ol>\n","protected":false},"excerpt":{"rendered":"Italiano: \u201cServir\u00e0 personalit\u00e0 e carattere. In porta giocher\u00e0 Ravaglia\u201d&nbsp;&nbsp;Tutto Bologna Web Bologna, le ultime su Sulemana e Immobile.&hellip;\n","protected":false},"author":3,"featured_media":171744,"comment_status":"","ping_status":"","sticky":false,"template":"","format":"standard","meta":{"footnotes":""},"categories":[1452],"tags":[90483,586,6300,721,877,932,33304,105128,2149,1690,2882,1740,2250,1537,90,1599,105129,105130,89,8427,4979,3458,98,6975,1739,17462,245,244],"class_list":{"0":"post-171743","1":"post","2":"type-post","3":"status-publish","4":"format-standard","5":"has-post-thumbnail","7":"category-calcio","8":"tag-ara","9":"tag-bologna","10":"tag-cagliari","11":"tag-calcio","12":"tag-conferenza","13":"tag-conferenza-stampa","14":"tag-debuttera","15":"tag-debuttera-ravaglia","16":"tag-dobbiamo","17":"tag-domani","18":"tag-fatica","19":"tag-football","20":"tag-giochera","21":"tag-it","22":"tag-italia","23":"tag-italiano","24":"tag-italiano-conferenza","25":"tag-italiano-conferenza-stampa","26":"tag-italy","27":"tag-lavorato","28":"tag-parole","29":"tag-personalita","30":"tag-porta","31":"tag-ravaglia","32":"tag-soccer","33":"tag-sosta","34":"tag-sport","35":"tag-sports"},"share_on_mastodon":{"url":"","error":""},"_links":{"self":[{"href":"https:\/\/www.europesays.com\/it\/wp-json\/wp\/v2\/posts\/171743","targetHints":{"allow":["GET"]}}],"collection":[{"href":"https:\/\/www.europesays.com\/it\/wp-json\/wp\/v2\/posts"}],"about":[{"href":"https:\/\/www.europesays.com\/it\/wp-json\/wp\/v2\/types\/post"}],"author":[{"embeddable":true,"href":"https:\/\/www.europesays.com\/it\/wp-json\/wp\/v2\/users\/3"}],"replies":[{"embeddable":true,"href":"https:\/\/www.europesays.com\/it\/wp-json\/wp\/v2\/comments?post=171743"}],"version-history":[{"count":0,"href":"https:\/\/www.europesays.com\/it\/wp-json\/wp\/v2\/posts\/171743\/revisions"}],"wp:featuredmedia":[{"embeddable":true,"href":"https:\/\/www.europesays.com\/it\/wp-json\/wp\/v2\/media\/171744"}],"wp:attachment":[{"href":"https:\/\/www.europesays.com\/it\/wp-json\/wp\/v2\/media?parent=171743"}],"wp:term":[{"taxonomy":"category","embeddable":true,"href":"https:\/\/www.europesays.com\/it\/wp-json\/wp\/v2\/categories?post=171743"},{"taxonomy":"post_tag","embeddable":true,"href":"https:\/\/www.europesays.com\/it\/wp-json\/wp\/v2\/tags?post=171743"}],"curies":[{"name":"wp","href":"https:\/\/api.w.org\/{rel}","templated":true}]}}