{"id":171761,"date":"2025-10-18T17:38:10","date_gmt":"2025-10-18T17:38:10","guid":{"rendered":"https:\/\/www.europesays.com\/it\/171761\/"},"modified":"2025-10-18T17:38:10","modified_gmt":"2025-10-18T17:38:10","slug":"bimba-di-un-anno-ustionata-con-acqua-bollente-a-villamagna","status":"publish","type":"post","link":"https:\/\/www.europesays.com\/it\/171761\/","title":{"rendered":"Bimba di un anno ustionata con acqua bollente a Villamagna"},"content":{"rendered":"<p>Un incidente domestico si \u00e8 verificato nella mattinata di sabato a Villamagna dove l&#8217;eliambulanza \u00e8 intervenuta per soccorrere una bimba di un anno. Stando alle prime informazioni, la bimba \u00e8 rimasta ustionata con l&#8217;acqua bollente e avrebbe riportato ustioni di terzo grado al collo al torace e all&#8217;inguine, come riporta l&#8217;Ansa.<\/p>\n<p>Sul posto sono intervenuti i sanitari del 118 che hanno stabilizzato e sedato la piccola che \u00e8 stata poi trasferita in elisoccorso all&#8217;ospedale di Pescara. Date le condizioni critiche, la bambina \u00e8 stata trasferita al Centro ustioni dell&#8217;ospedale pediatrico Santobono di Napoli.<\/p>\n<p>\u00a0<\/p>\n<p>\u00a0<\/p>\n","protected":false},"excerpt":{"rendered":"Un incidente domestico si \u00e8 verificato nella mattinata di sabato a Villamagna dove l&#8217;eliambulanza \u00e8 intervenuta per soccorrere&hellip;\n","protected":false},"author":3,"featured_media":171762,"comment_status":"","ping_status":"","sticky":false,"template":"","format":"standard","meta":{"footnotes":""},"categories":[79],"tags":[788,14,93,94,7578,1537,90,89,7,15,11,84,91,12,85,92,37780],"class_list":{"0":"post-171761","1":"post","2":"type-post","3":"status-publish","4":"format-standard","5":"has-post-thumbnail","7":"category-italia","8":"tag-bambini","9":"tag-cronaca","10":"tag-cronaca-italiana","11":"tag-cronacaitaliana","12":"tag-incidenti","13":"tag-it","14":"tag-italia","15":"tag-italy","16":"tag-news","17":"tag-notizie","18":"tag-ultime-notizie","19":"tag-ultime-notizie-e-news-di-oggi","20":"tag-ultime-notizie-italia","21":"tag-ultimenotizie","22":"tag-ultimenotizieenewsdioggi","23":"tag-ultimenotizieitalia","24":"tag-ustioni"},"share_on_mastodon":{"url":"","error":""},"_links":{"self":[{"href":"https:\/\/www.europesays.com\/it\/wp-json\/wp\/v2\/posts\/171761","targetHints":{"allow":["GET"]}}],"collection":[{"href":"https:\/\/www.europesays.com\/it\/wp-json\/wp\/v2\/posts"}],"about":[{"href":"https:\/\/www.europesays.com\/it\/wp-json\/wp\/v2\/types\/post"}],"author":[{"embeddable":true,"href":"https:\/\/www.europesays.com\/it\/wp-json\/wp\/v2\/users\/3"}],"replies":[{"embeddable":true,"href":"https:\/\/www.europesays.com\/it\/wp-json\/wp\/v2\/comments?post=171761"}],"version-history":[{"count":0,"href":"https:\/\/www.europesays.com\/it\/wp-json\/wp\/v2\/posts\/171761\/revisions"}],"wp:featuredmedia":[{"embeddable":true,"href":"https:\/\/www.europesays.com\/it\/wp-json\/wp\/v2\/media\/171762"}],"wp:attachment":[{"href":"https:\/\/www.europesays.com\/it\/wp-json\/wp\/v2\/media?parent=171761"}],"wp:term":[{"taxonomy":"category","embeddable":true,"href":"https:\/\/www.europesays.com\/it\/wp-json\/wp\/v2\/categories?post=171761"},{"taxonomy":"post_tag","embeddable":true,"href":"https:\/\/www.europesays.com\/it\/wp-json\/wp\/v2\/tags?post=171761"}],"curies":[{"name":"wp","href":"https:\/\/api.w.org\/{rel}","templated":true}]}}