{"id":171770,"date":"2025-10-18T17:49:10","date_gmt":"2025-10-18T17:49:10","guid":{"rendered":"https:\/\/www.europesays.com\/it\/171770\/"},"modified":"2025-10-18T17:49:10","modified_gmt":"2025-10-18T17:49:10","slug":"per-colpa-di-binder-ha-rischiato-grosso","status":"publish","type":"post","link":"https:\/\/www.europesays.com\/it\/171770\/","title":{"rendered":"per colpa di Binder ha rischiato grosso"},"content":{"rendered":"<p>La fortissima frenata all&#8217;ultimo e la rovinosa caduta in qualifica, ma <a href=\"https:\/\/www.corsedimoto.com\/lorenzo-savadori\" title=\"Lorenzo Savadori\" rel=\"nofollow noopener\" target=\"_blank\">Lorenzo Savadori<\/a> \u00e8 tutto intero e si unisce alla festa Aprilia nella Sprint.Il sospiro di sollievo per Aprilia nel sapere che il suo collaudatore <b>Lorenzo Savadori<\/b> non aveva riportato conseguenze fisiche. La prima notizia lieta del sabato a Phillip Island, visto che il marchio sta ancora aspettando Jorge Martin e ha appena recuperato Ai Ogura, come dimostrano i risultati per\u00f2 ancora in grave difficolt\u00e0. <a href=\"https:\/\/www.corsedimoto.com\/motogp\/motogp-bezzecchi-come-iannone-che-paura-il-gabbiano-ora-sogna-il-miracolo\" target=\"_blank\" rel=\"nofollow noopener\">Marco Bezzecchi<\/a> e <a href=\"https:\/\/www.corsedimoto.com\/motogp\/motogp-raul-fernandez-rinato-il-ruolo-decisivo-di-brivio-e-sterlacchini\" target=\"_blank\" rel=\"nofollow noopener\">Raul Fernandez<\/a> hanno poi portato la festa col dominio nella MotoGP Sprint, mentre Savadori \u00e8 riuscito a portare a termine la corsa, pur dolorante.Un grosso rischio<\/p>\n<p>Nuovamente schierato in sostituzione di Jorge Martin almeno fino al GP della Malesia, ha vissuto davvero un brutto momento in occasione della Q1. Brad Binder, tra i protagonisti del turno, ha infatti frenato di colpo davanti a lui, in traiettoria. In foto di copertina si vede chiaramente l&#8217;impennata della RS-GP a causa della violenta frenata per evitare di centrare ad alta velocit\u00e0 il pilota KTM. In seguito per\u00f2 la moto ha iniziato a ballare paurosamente, sbalzando l&#8217;incolpevole tester nella ghiaia. Dopo un primo momento in cui il tester \u00e8 rimasto a terra, il sospiro di sollievo quando s&#8217;\u00e8 rialzato e se n&#8217;\u00e8 andato sulle sue gambe. Subito al Centro Medico per tutti i controlli del caso, fortunatamente non ha riportato nessuna conseguenza fisica e ha preso parte regolarmente alla Sprint, anche se non al 100%. Binder in qualche modo la sanzione l&#8217;ha ricevuta, pur non per questo episodio: l&#8217;aver ostacolato anche Zarco ha portato ad una retrocessione di tre caselle per il GP di domani.<\/p>\n<p>&#8220;Vedere due Aprilia al primo e secondo posto \u00e8 stato bello&#8221;<\/p>\n<p>L&#8217;importante non era il piazzamento, ma portare a casa dati utili per continuare lo sviluppo. Non ha per\u00f2 chiuso ultimo: ha tagliato il traguardo in 17^ posizione, davanti a Chantra ed al duo Ducati Lenovo, che ha mestamente completato la classifica della Sprint&#8230; Davanti invece era grande festa Aprilia, con Marco Bezzecchi su tutti e Raul Fernandez del team Trackhouse. &#8220;\u00c8 stata una gara un po\u2019 impegnativa&#8221; ha raccontato Savadori. &#8220;In qualifica per una manovra di Brad Binder, che ha frenato all\u2019improvviso davanti a me, sono caduto malamente. Nella sprint ero ancora molto provato fisicamente, quindi \u00e8 stata dura&#8221;. Come detto, ci sono per\u00f2 tutti i motivi per sorridere, visto che i passi avanti della RS-GP sono anche merito suo: &#8220;Vedere due Aprilia al primo e secondo posto \u00e8 davvero bello&#8221;.<\/p>\n<p>-&gt; &#8220;In Testa&#8221;, l&#8217;autobiografia di Jonathan Rea: <a href=\"https:\/\/www.amazon.it\/Testa-Jonathan-Rea\/dp\/8894437906\" target=\"_blank\" rel=\"nofollow noopener\">https:\/\/www.amazon.it\/Testa-Jonathan-Rea\/dp\/8894437906<\/a><\/p>\n","protected":false},"excerpt":{"rendered":"La fortissima frenata all&#8217;ultimo e la rovinosa caduta in qualifica, ma Lorenzo Savadori \u00e8 tutto intero e si&hellip;\n","protected":false},"author":3,"featured_media":171771,"comment_status":"","ping_status":"","sticky":false,"template":"","format":"standard","meta":{"footnotes":""},"categories":[1455],"tags":[1537,90,89,1783,1784,245,244],"class_list":{"0":"post-171770","1":"post","2":"type-post","3":"status-publish","4":"format-standard","5":"has-post-thumbnail","7":"category-moto","8":"tag-it","9":"tag-italia","10":"tag-italy","11":"tag-moto","12":"tag-motorcycle","13":"tag-sport","14":"tag-sports"},"share_on_mastodon":{"url":"","error":""},"_links":{"self":[{"href":"https:\/\/www.europesays.com\/it\/wp-json\/wp\/v2\/posts\/171770","targetHints":{"allow":["GET"]}}],"collection":[{"href":"https:\/\/www.europesays.com\/it\/wp-json\/wp\/v2\/posts"}],"about":[{"href":"https:\/\/www.europesays.com\/it\/wp-json\/wp\/v2\/types\/post"}],"author":[{"embeddable":true,"href":"https:\/\/www.europesays.com\/it\/wp-json\/wp\/v2\/users\/3"}],"replies":[{"embeddable":true,"href":"https:\/\/www.europesays.com\/it\/wp-json\/wp\/v2\/comments?post=171770"}],"version-history":[{"count":0,"href":"https:\/\/www.europesays.com\/it\/wp-json\/wp\/v2\/posts\/171770\/revisions"}],"wp:featuredmedia":[{"embeddable":true,"href":"https:\/\/www.europesays.com\/it\/wp-json\/wp\/v2\/media\/171771"}],"wp:attachment":[{"href":"https:\/\/www.europesays.com\/it\/wp-json\/wp\/v2\/media?parent=171770"}],"wp:term":[{"taxonomy":"category","embeddable":true,"href":"https:\/\/www.europesays.com\/it\/wp-json\/wp\/v2\/categories?post=171770"},{"taxonomy":"post_tag","embeddable":true,"href":"https:\/\/www.europesays.com\/it\/wp-json\/wp\/v2\/tags?post=171770"}],"curies":[{"name":"wp","href":"https:\/\/api.w.org\/{rel}","templated":true}]}}