{"id":171800,"date":"2025-10-18T18:15:12","date_gmt":"2025-10-18T18:15:12","guid":{"rendered":"https:\/\/www.europesays.com\/it\/171800\/"},"modified":"2025-10-18T18:15:12","modified_gmt":"2025-10-18T18:15:12","slug":"tour-of-holland-de-jong-a-sorpresa-nella-quarta-tappa-laporte-anticipa-kubis-ed-e-nuovo-leader","status":"publish","type":"post","link":"https:\/\/www.europesays.com\/it\/171800\/","title":{"rendered":"TOUR OF HOLLAND. DE JONG A SORPRESA NELLA QUARTA TAPPA, LAPORTE ANTICIPA KUBIS ED \u00c8 NUOVO LEADER"},"content":{"rendered":"<p>            <a class=\"category\" href=\"https:\/\/www.tuttobiciweb.it\/articles\/category\/PROFESSIONISTI\" itemprop=\"about\" rel=\"nofollow noopener\" target=\"_blank\">PROFESSIONISTI<\/a> | 18\/10\/2025 | 16:03<br \/>\n            <a class=\"author\" href=\"https:\/\/www.tuttobiciweb.it\/articles\/author\/Nicol%C3%B2%20Vallone\" rel=\"nofollow noopener\" target=\"_blank\">di Nicol\u00f2 Vallone<\/a><\/p>\n<p>Colpaccio di <strong>Timo De Jong<\/strong> (VolkerWessels) nella <strong>quarta tappa del Tour of Holland<\/strong>, da 158.3 chilometri con partenza da <strong>Emmen<\/strong> e arrivo in cima al <strong>Col du Vam<\/strong>, alla dodicesima scalata dello stesso strappo degli Europei due anni fa. All&#8217;epoca si laure\u00f2 campione continentale <strong>Christophe Laporte<\/strong> (Visma Lease a Bike) che oggi prova a fare il bis, prende bene il punto di riferimento a <strong>Lukas Kubis<\/strong> (Tietema Rockets) ma non fa i conti col 26enne olandese, che mette a segno la propria ottava vittoria in carriera, la prima per\u00f2 in una gara professionistica.\n            <\/p>\n<p>Comunque Laporte si consola vestendo la<strong> maglia di leader della corsa<\/strong> con mezzo minuto abbondante di margine su Kubis alla vigilia della domenica conclusiva, strappando il primato in classifica generale a Ethan Hayter (Soudal Quick-Step) che si \u00e8 ritirato perch\u00e9 non stava bene. Premiato il lucido coraggio di De Jong, che ha portato fino in fondo <strong>la fuga di giornata<\/strong>, giunta al traguardo con quasi tutti i suoi protagonisti e alla quale Laporte e Kubis si erano aggiunti sulla terzultima ascesa ai -17 km.\n            <\/p>\n<p>TOP TEN<\/p>\n<p>1 de Jong Timo VolkerWessels Cycling Team 03:32:49<\/p>\n<p>2 Laporte Christophe Team Visma | Lease a Bike + 00<\/p>\n<p>3 Kubis Lukas Unibet Tietema Rockets + 00<\/p>\n<p>4 Ottema Rick Diftar Continental Cycling Team + 06<\/p>\n<p>5 Boulahoite Rayan Team TotalEnergies + 06<\/p>\n<p>6 de Vries Hartthijs Unibet Tietema Rockets + 16<\/p>\n<p>7 Vanhoof Ward Team Flanders-Baloise + 01:01<\/p>\n<p>8 van Poppel Danny Red Bull-BORA-hansgrohe + 01:03<\/p>\n<p>9 Dujardin Sandy Team TotalEnergies + 01:05<\/p>\n<p>10 Bol Cees XDS Astana Team + 01:05<\/p>\n<p>IN CLASSIFICA<\/p>\n<p>1  Laporte Christophe Team Visma | Lease a Bike 6:27:30<\/p>\n<p>2  Kubi\u0161 Luk\u00e1\u0161 Unibet Tietema Rockets 0:37<\/p>\n<p>3  S\u00f6derqvist Jakob Lidl &#8211; Trek 1:05<\/p>\n<p>4  Boulahoite Rayan Team TotalEnergies 1:25<\/p>\n<p>5  Ottema Rick Diftar Continental Cyclingteam 1:26<\/p>\n<p>6  Lampaert Yves Soudal Quick-Step 1:28<\/p>\n<p>7  de Jong Timo VolkerWessels Cycling Team 1:30<\/p>\n<p>8  de Vries Hartthijs Unibet Tietema Rockets 1:32<\/p>\n<p>9  Hoole Daan Lidl &#8211; Trek 1:36<\/p>\n<p>10  Lanhove Milan Team Flanders &#8211; Baloise 1:52<\/p>\n<p>\n    <a href=\"https:\/\/www.tuttobiciweb.it\/article\/2025\/10\/18\/1760795385\/tour-of-holland-stage-4-de-jong-victory-laporte?lang=en\" rel=\"nofollow noopener\" target=\"_blank\"><img decoding=\"async\" src=\"https:\/\/www.europesays.com\/it\/wp-content\/uploads\/2025\/07\/enver.png\"\/><\/a><\/p>\n<p>Copyright &amp;copy TBW<\/p>\n","protected":false},"excerpt":{"rendered":"PROFESSIONISTI | 18\/10\/2025 | 16:03 di Nicol\u00f2 Vallone Colpaccio di Timo De Jong (VolkerWessels) nella quarta tappa del&hellip;\n","protected":false},"author":3,"featured_media":171801,"comment_status":"","ping_status":"","sticky":false,"template":"","format":"standard","meta":{"footnotes":""},"categories":[1456],"tags":[1824,1825,1537,90,89,44064,245,244,19275,101632,105150],"class_list":{"0":"post-171800","1":"post","2":"type-post","3":"status-publish","4":"format-standard","5":"has-post-thumbnail","7":"category-ciclismo","8":"tag-ciclismo","9":"tag-cycling","10":"tag-it","11":"tag-italia","12":"tag-italy","13":"tag-laporte","14":"tag-sport","15":"tag-sports","16":"tag-tappa-4","17":"tag-tour-of-holland","18":"tag-vittoria-de-jong"},"share_on_mastodon":{"url":"","error":""},"_links":{"self":[{"href":"https:\/\/www.europesays.com\/it\/wp-json\/wp\/v2\/posts\/171800","targetHints":{"allow":["GET"]}}],"collection":[{"href":"https:\/\/www.europesays.com\/it\/wp-json\/wp\/v2\/posts"}],"about":[{"href":"https:\/\/www.europesays.com\/it\/wp-json\/wp\/v2\/types\/post"}],"author":[{"embeddable":true,"href":"https:\/\/www.europesays.com\/it\/wp-json\/wp\/v2\/users\/3"}],"replies":[{"embeddable":true,"href":"https:\/\/www.europesays.com\/it\/wp-json\/wp\/v2\/comments?post=171800"}],"version-history":[{"count":0,"href":"https:\/\/www.europesays.com\/it\/wp-json\/wp\/v2\/posts\/171800\/revisions"}],"wp:featuredmedia":[{"embeddable":true,"href":"https:\/\/www.europesays.com\/it\/wp-json\/wp\/v2\/media\/171801"}],"wp:attachment":[{"href":"https:\/\/www.europesays.com\/it\/wp-json\/wp\/v2\/media?parent=171800"}],"wp:term":[{"taxonomy":"category","embeddable":true,"href":"https:\/\/www.europesays.com\/it\/wp-json\/wp\/v2\/categories?post=171800"},{"taxonomy":"post_tag","embeddable":true,"href":"https:\/\/www.europesays.com\/it\/wp-json\/wp\/v2\/tags?post=171800"}],"curies":[{"name":"wp","href":"https:\/\/api.w.org\/{rel}","templated":true}]}}