{"id":172538,"date":"2025-10-19T06:28:11","date_gmt":"2025-10-19T06:28:11","guid":{"rendered":"https:\/\/www.europesays.com\/it\/172538\/"},"modified":"2025-10-19T06:28:11","modified_gmt":"2025-10-19T06:28:11","slug":"gp-malesia-anteprima-e-orari-del-week-end-su-sky-e-tv8","status":"publish","type":"post","link":"https:\/\/www.europesays.com\/it\/172538\/","title":{"rendered":"GP Malesia \u2013 Anteprima e orari del week end su SKY e TV8"},"content":{"rendered":"<p>\t\t\t<strong>Dopo la tappa australiana a Phillip Island, il circus del motomondiale si sposta in Malesia per il terzultimo appuntamento della stagione. Di seguito tutti gli orari delle dirette e delle differite su SKY e TV8.<\/strong><br \/>\n<img loading=\"lazy\" decoding=\"async\" data-attachment-id=\"123365\" data-permalink=\"https:\/\/paddocknews24.com\/moto\/motogp\/motogp-gp-malesia-anteprima-e-orari-del-week-end-su-sky-e-tv8\/attachment\/malesia-motogp-2024\/#main\" data-orig-file=\"https:\/\/www.europesays.com\/it\/wp-content\/uploads\/2025\/10\/Malesia-Motogp-2024.jpg\" data-orig-size=\"612,408\" data-comments-opened=\"1\" data-image-meta=\"{&quot;aperture&quot;:&quot;0&quot;,&quot;credit&quot;:&quot;Getty Images&quot;,&quot;camera&quot;:&quot;&quot;,&quot;caption&quot;:&quot;KUALA LUMPUR, MALAYSIA - NOVEMBER 03: Francesco Bagnaia of Italy and Ducati Lenovo Team leads the field during the MotoGP race during the MotoGP Of Malaysia - Race at Sepang Circuit on November 03, 2024 in Kuala Lumpur, Malaysia. (Photo by Mirco Lazzari gp\\\/Getty Images)&quot;,&quot;created_timestamp&quot;:&quot;0&quot;,&quot;copyright&quot;:&quot;2024 Getty Images&quot;,&quot;focal_length&quot;:&quot;0&quot;,&quot;iso&quot;:&quot;0&quot;,&quot;shutter_speed&quot;:&quot;0&quot;,&quot;title&quot;:&quot;&quot;,&quot;orientation&quot;:&quot;0&quot;}\" data-image-title=\"Malesia Motogp 2024\" data-image-description=\"\" data-image-caption=\"&lt;p&gt;KUALA LUMPUR, MALAYSIA \u2013 NOVEMBER 03: Francesco Bagnaia of Italy and Ducati Lenovo Team leads the field during the MotoGP race during the MotoGP Of Malaysia \u2013 Race at Sepang Circuit on November 03, 2024 in Kuala Lumpur, Malaysia. (Photo by Mirco Lazzari gp\/Getty Images)&lt;\/p&gt;&#10;\" data-medium-file=\"https:\/\/paddocknews24.com\/wp-content\/uploads\/2025\/10\/Malesia-Motogp-2024-300x200.jpg\" data-large-file=\"https:\/\/www.europesays.com\/it\/wp-content\/uploads\/2025\/10\/Malesia-Motogp-2024.jpg\" class=\"wp-image-123365 size-full\" src=\"https:\/\/www.europesays.com\/it\/wp-content\/uploads\/2025\/10\/Malesia-Motogp-2024.jpg\" alt=\"GP Malesia\" width=\"612\" height=\"408\"  \/>Partenza gara MotoGP 2024. Crediti: Photo by Mirco Lazzari gp\/Getty Images<\/p>\n<p>Dopo la tappa a Phillip Island, il circus del motomondiale si sposta in Malesia per il terzultimo appuntamento della stagione. Anche per il prossimo week end n\u00e9 Jorge Martin n\u00e9 Marc Marquez saranno in pista e continueranno ad essere sostituiti rispettivamente da Lorenzo Savadori e Michele Pirro. Se i mondiali Moto3 e MotoGP sono gi\u00e0 stati assegnati, in Moto2 la lotta \u00e8 ancora aperta dato che Moreira si \u00e8 portato a solamente meno 2 punti dal leader della classifica Gonzales.<\/p>\n<p>L\u2019intero week end sar\u00e0 trasmesso in diretta su Sky Sport MotoGP dalle prove libere del venerd\u00ec al post gara della domenica. Su TV8 invece tutte le qualifiche e la gara sprint della MotoGP saranno in diretta mentre le gare della domenica saranno in differita. La gara della Moto3 avr\u00e0 una lunghezza di 15 giri, quella della Moto2 di 17 giri mentre per la MotoGP saranno 20 i giri da percorrere. I piloti della MotoGP invece per la gara sprint del sabato dovranno fare 10 giri.<\/p>\n<p><strong>Programmazione Sky Sport MotoGP GP Malesia<\/strong><\/p>\n<p><strong>Gioved\u00ec 23 Ottobre<\/strong><\/p>\n<ul>\n<li>Ore 10:00 Conferenza stampa piloti<\/li>\n<\/ul>\n<p><strong>Venerd\u00ec 24 Ottobre<\/strong><\/p>\n<p>Prove Libere 1:<\/p>\n<ul>\n<li>Moto3, 3:00-3:35<\/li>\n<li>Moto2, 3:50-4:30<\/li>\n<li>MotoGP, 4:45-5:30<\/li>\n<\/ul>\n<p>Practice (Pre-qualifica):<\/p>\n<ul>\n<li>Moto3, 7:15-7:50<\/li>\n<li>Moto2, 8:05-8:45<\/li>\n<li>MotoGP, 9:00-0:00<\/li>\n<\/ul>\n<p><strong>Sabato 25 Ottobre<\/strong><\/p>\n<p>Prove libere 2:<\/p>\n<ul>\n<li>Moto3, 2:40-3:10<\/li>\n<li>Moto2, 3:25-3:55<\/li>\n<li>MotoGP, 4:10-4:40<\/li>\n<\/ul>\n<p>Qualifiche:<\/p>\n<ul>\n<li>MotoGP Q1, 4:50-5:05<\/li>\n<li>MotoGP Q2, 5:15-5:30<\/li>\n<li>Moto3 Q1, 6:45-7:00<\/li>\n<li>Moto3 Q2, 7:10-7:25<\/li>\n<li>Moto2 Q1, 7:40-7:55<\/li>\n<li>Moto2 Q2, 8:05-8:20<\/li>\n<\/ul>\n<p>Gara sprint MotoGP<\/p>\n<p><strong>Domenica 26 Ottobre<\/strong><\/p>\n<p>Warm up MotoGP<\/p>\n<p>Gare<\/p>\n<ul>\n<li>Moto3, 5:00<\/li>\n<li>Moto2, 6:15<\/li>\n<li>MotoGP, 8:00<\/li>\n<\/ul>\n<p><strong>Programmazione TV8 GP Malesia<\/strong><\/p>\n<p><strong>Sabato 25 Ottobre (Diretta)<\/strong><\/p>\n<p>Qualifiche:<\/p>\n<ul>\n<li>MotoGP Q1, 4:50-5:05<\/li>\n<li>MotoGP Q2, 5:15-5:30<\/li>\n<li>Moto3 Q1, 6:45-7:00<\/li>\n<li>Moto3 Q2, 7:10-7:25<\/li>\n<li>Moto2 Q1, 7:40-7:55<\/li>\n<li>Moto2 Q2, 8:05-8:20<\/li>\n<\/ul>\n<p>Gara sprint MotoGP<\/p>\n<p><strong>Domenica 26 Ottobre (Differita)<\/strong><\/p>\n<p>Gare<\/p>\n<ul>\n<li>Moto3, 11:00<\/li>\n<li>Moto2, 12:15<\/li>\n<li>MotoGP, 14:00<\/li>\n<\/ul>\n<p>Crediti immagine copertina: Photo by Mirco Lazzari gp\/Getty Images<\/p>\n<p><strong>Leggi anche: <a href=\"https:\/\/paddocknews24.com\/moto\/motogp\/motogp-gp-australia-classifica-piloti-team-e-costruttori-dominio-fernandez-bezzecchi-sul-podio\/\" rel=\"bookmark nofollow noopener\" target=\"_blank\">MotoGP | GP Australia \u2013 Classifica piloti, team e costruttori: dominio Fernandez, Bezzecchi sul podio<\/a><\/strong><\/p>\n<p style=\"text-align: center\">Seguici sui social: <a href=\"https:\/\/t.me\/PaddockNews24\" rel=\"nofollow\">Telegram<\/a> \u2013 <a href=\"https:\/\/tiktok.com\/@paddocknews24\" rel=\"nofollow noopener\" target=\"_blank\">TikTok<\/a> \u2013 <a href=\"http:\/\/instagram.com\/PaddockNews_24\" rel=\"nofollow noopener\" target=\"_blank\">Instagram<\/a> \u2013 <a href=\"https:\/\/www.facebook.com\/PaddockNews24\" rel=\"nofollow noopener\" target=\"_blank\">Facebook<\/a> \u2013 <a href=\"https:\/\/twitter.com\/PaddockNews24\" rel=\"nofollow noopener\" target=\"_blank\">Twitter<\/a><\/p>\n<p>\n\tCorrelati\n<\/p>\n<p>\t\t<script async src=\"https:\/\/platform.twitter.com\/widgets.js\" charset=\"utf-8\"><\/script><script async src=\"\/\/www.instagram.com\/embed.js\"><\/script><script async src=\"\/\/www.tiktok.com\/embed.js\"><\/script><\/p>\n","protected":false},"excerpt":{"rendered":"Dopo la tappa australiana a Phillip Island, il circus del motomondiale si sposta in Malesia per il terzultimo&hellip;\n","protected":false},"author":3,"featured_media":172539,"comment_status":"","ping_status":"","sticky":false,"template":"","format":"standard","meta":{"footnotes":""},"categories":[1455],"tags":[3437,3438,105415,46229,105416,6548,1537,90,89,1790,14131,1783,1799,1802,1785,1784,105417,105418,96387,245,244,5514],"class_list":{"0":"post-172538","1":"post","2":"type-post","3":"status-publish","4":"format-standard","5":"has-post-thumbnail","7":"category-moto","8":"tag-aprilia","9":"tag-ducati","10":"tag-gp-di-malesia","11":"tag-gp-malesia","12":"tag-gran-premio-della-malesia","13":"tag-honda","14":"tag-it","15":"tag-italia","16":"tag-italy","17":"tag-ktm","18":"tag-malesia","19":"tag-moto","20":"tag-moto2","21":"tag-moto3","22":"tag-motogp","23":"tag-motorcycle","24":"tag-orari-del-week-end","25":"tag-orari-del-weekend","26":"tag-sepang","27":"tag-sport","28":"tag-sports","29":"tag-yamaha"},"share_on_mastodon":{"url":"","error":""},"_links":{"self":[{"href":"https:\/\/www.europesays.com\/it\/wp-json\/wp\/v2\/posts\/172538","targetHints":{"allow":["GET"]}}],"collection":[{"href":"https:\/\/www.europesays.com\/it\/wp-json\/wp\/v2\/posts"}],"about":[{"href":"https:\/\/www.europesays.com\/it\/wp-json\/wp\/v2\/types\/post"}],"author":[{"embeddable":true,"href":"https:\/\/www.europesays.com\/it\/wp-json\/wp\/v2\/users\/3"}],"replies":[{"embeddable":true,"href":"https:\/\/www.europesays.com\/it\/wp-json\/wp\/v2\/comments?post=172538"}],"version-history":[{"count":0,"href":"https:\/\/www.europesays.com\/it\/wp-json\/wp\/v2\/posts\/172538\/revisions"}],"wp:featuredmedia":[{"embeddable":true,"href":"https:\/\/www.europesays.com\/it\/wp-json\/wp\/v2\/media\/172539"}],"wp:attachment":[{"href":"https:\/\/www.europesays.com\/it\/wp-json\/wp\/v2\/media?parent=172538"}],"wp:term":[{"taxonomy":"category","embeddable":true,"href":"https:\/\/www.europesays.com\/it\/wp-json\/wp\/v2\/categories?post=172538"},{"taxonomy":"post_tag","embeddable":true,"href":"https:\/\/www.europesays.com\/it\/wp-json\/wp\/v2\/tags?post=172538"}],"curies":[{"name":"wp","href":"https:\/\/api.w.org\/{rel}","templated":true}]}}