{"id":172577,"date":"2025-10-19T07:02:29","date_gmt":"2025-10-19T07:02:29","guid":{"rendered":"https:\/\/www.europesays.com\/it\/172577\/"},"modified":"2025-10-19T07:02:29","modified_gmt":"2025-10-19T07:02:29","slug":"pittori-che-hanno-dipinto-la-est-del-monte-rosa","status":"publish","type":"post","link":"https:\/\/www.europesays.com\/it\/172577\/","title":{"rendered":"Pittori che hanno dipinto la Est del Monte Rosa"},"content":{"rendered":"<p>                                        <a href=\"https:\/\/www.montagna.tv\/wp-content\/uploads\/2025\/10\/APERTURA-Mario-Moretti-Foggia.-Pecetto-di-Macugnaga-e-Monte-Rosa-@Finarte-1.jpg\" data-fancybox-index-2=\"1\" data-fancybox=\"gallery-2\" data-caption=\"Mario Moretti Foggia. Pecetto di Macugnaga e Monte Rosa @Finarte\" class=\"fullscreen\" rel=\"nofollow noopener\" target=\"_blank\"><\/a><img loading=\"lazy\" decoding=\"async\" width=\"708\" height=\"506\" src=\"https:\/\/www.europesays.com\/it\/wp-content\/uploads\/2025\/10\/APERTURA-Mario-Moretti-Foggia.-Pecetto-di-Macugnaga-e-Monte-Rosa-@Finarte-1-1024x732.jpg\" class=\"attachment-large size-large\" alt=\"Mario Moretti Foggia. Pecetto di Macugnaga e Monte Rosa @Finarte\"  \/><\/p>\n<p>\n\t\tMario Moretti Foggia. Pecetto di Macugnaga e Monte Rosa @Finarte\n\t\t<\/p>\n<p><a href=\"https:\/\/www.europesays.com\/it\/wp-content\/uploads\/2025\/10\/02-Carlo-Fornara-Macugnaga-con-il-Monte-Rosa.-Collezione-Alessandro-Poscio-1-1.jpg\" data-fancybox-index-2=\"2\" data-fancybox=\"gallery-2\" data-caption=\"Carlo Fornara, Macugnaga con il Monte Rosa. Collezione Alessandro Poscio\" class=\"fullscreen\"><\/a><img decoding=\"async\" class=\"owl-lazy\" src=\"https:\/\/www.europesays.com\/it\/wp-content\/uploads\/2025\/10\/02-Carlo-Fornara-Macugnaga-con-il-Monte-Rosa.-Collezione-Alessandro-Poscio-1-1.jpg\" alt=\"Carlo Fornara, Macugnaga con il Monte Rosa. Collezione Alessandro Poscio\"\/><\/p>\n<p>\n\t\tCarlo Fornara, Macugnaga con il Monte Rosa. Collezione Alessandro Poscio\n\t\t<\/p>\n<p><a href=\"https:\/\/www.europesays.com\/it\/wp-content\/uploads\/2025\/10\/03-Federico-Ashton-Monte-Rosa-Paesaggio-Montano-1.jpg\" data-fancybox-index-2=\"3\" data-fancybox=\"gallery-2\" data-caption=\"Federico Ashton, Monte Rosa Paesaggio Montano\" class=\"fullscreen\"><\/a><img decoding=\"async\" class=\"owl-lazy\" src=\"https:\/\/www.europesays.com\/it\/wp-content\/uploads\/2025\/10\/03-Federico-Ashton-Monte-Rosa-Paesaggio-Montano-1.jpg\" alt=\"Federico Ashton, Monte Rosa Paesaggio Montano\"\/><\/p>\n<p>\n\t\tFederico Ashton, Monte Rosa Paesaggio Montano\n\t\t<\/p>\n<p><a href=\"https:\/\/www.europesays.com\/it\/wp-content\/uploads\/2025\/10\/04-Silvio-Poma.-Paesaggio-di-montagna.Veduta-del-Monte-Rosa-1.jpg\" data-fancybox-index-2=\"4\" data-fancybox=\"gallery-2\" data-caption=\"Silvio Poma. Paesaggio di montagna.Veduta del Monte Rosa\" class=\"fullscreen\"><\/a><img decoding=\"async\" class=\"owl-lazy\" src=\"https:\/\/www.europesays.com\/it\/wp-content\/uploads\/2025\/10\/04-Silvio-Poma.-Paesaggio-di-montagna.Veduta-del-Monte-Rosa-1.jpg\" alt=\"Silvio Poma. Paesaggio di montagna.Veduta del Monte Rosa\"\/><\/p>\n<p>\n\t\tSilvio Poma. Paesaggio di montagna.Veduta del Monte Rosa\n\t\t<\/p>\n<p><a data-fancybox=\"gallery-2\" data-fancybox-index-=\"\" href=\"#adv_0_wrap\"\/><\/p>\n<p>                <a href=\"https:\/\/www.montagna.tv\/wp-content\/uploads\/2025\/10\/05-Carlo-Bossone.-Tiglio-Chiesa-vecchia-a-Macugnaga-e-Monte-Rosa-1-1.jpg\" data-fancybox-index-2=\"5\" data-fancybox=\"gallery-2\" data-caption=\"Carlo Bossone. Tiglio, Chiesa vecchia a Macugnaga e Monte Rosa\" class=\"fullscreen\" rel=\"nofollow noopener\" target=\"_blank\"><\/a><img decoding=\"async\" class=\"owl-lazy\" src=\"https:\/\/www.europesays.com\/it\/wp-content\/uploads\/2025\/10\/05-Carlo-Bossone.-Tiglio-Chiesa-vecchia-a-Macugnaga-e-Monte-Rosa-1-1-1024x773.jpg\" alt=\"Carlo Bossone. Tiglio, Chiesa vecchia a Macugnaga e Monte Rosa\"\/><\/p>\n<p>\n\t\tCarlo Bossone. Tiglio, Chiesa vecchia a Macugnaga e Monte Rosa\n\t\t<\/p>\n<p><a href=\"https:\/\/www.europesays.com\/it\/wp-content\/uploads\/2025\/10\/06-Mario-Moretti-Foggia-Casa-del-pittore-a-Macugnaga.-Collezione-Alessandro-Poscio-1-1.jpg\" data-fancybox-index-2=\"6\" data-fancybox=\"gallery-2\" data-caption=\"Mario Moretti Foggia, Casa del pittore a Macugnaga. Collezione Alessandro Poscio\" class=\"fullscreen\"><\/a><img decoding=\"async\" class=\"owl-lazy\" src=\"https:\/\/www.europesays.com\/it\/wp-content\/uploads\/2025\/10\/06-Mario-Moretti-Foggia-Casa-del-pittore-a-Macugnaga.-Collezione-Alessandro-Poscio-1-1.jpg\" alt=\"Mario Moretti Foggia, Casa del pittore a Macugnaga. Collezione Alessandro Poscio\"\/><\/p>\n<p>\n\t\tMario Moretti Foggia, Casa del pittore a Macugnaga. Collezione Alessandro Poscio\n\t\t<\/p>\n<p><a href=\"https:\/\/www.europesays.com\/it\/wp-content\/uploads\/2025\/10\/07-Rino-Stringara-Il-tiglio-e-Chiesa-vecchia-a-Macugnaga-con-sfondo-del-Rosa-Fillar-e-Jazzi-1.jpg\" data-fancybox-index-2=\"7\" data-fancybox=\"gallery-2\" data-caption=\"Rino Stringara, Il tiglio e Chiesa vecchia a Macugnaga con sfondo del Rosa, Fillar e Jazzi\" class=\"fullscreen\"><\/a><img decoding=\"async\" class=\"owl-lazy\" src=\"https:\/\/www.europesays.com\/it\/wp-content\/uploads\/2025\/10\/07-Rino-Stringara-Il-tiglio-e-Chiesa-vecchia-a-Macugnaga-con-sfondo-del-Rosa-Fillar-e-Jazzi-1.jpg\" alt=\"Rino Stringara, Il tiglio e Chiesa vecchia a Macugnaga con sfondo del Rosa, Fillar e Jazzi\"\/><\/p>\n<p>\n\t\tRino Stringara, Il tiglio e Chiesa vecchia a Macugnaga con sfondo del Rosa, Fillar e Jazzi\n\t\t<\/p>\n<p><a data-fancybox=\"gallery-2\" data-fancybox-index-=\"\" href=\"#adv_1_wrap\"\/><\/p>\n<p>                <a href=\"https:\/\/www.europesays.com\/it\/wp-content\/uploads\/2025\/10\/08-Federico-Ashton-Il-Monte-Rosa-a-Macugnaga.-Collezione-Alessandro-Poscio-1-1.jpg\" data-fancybox-index-2=\"8\" data-fancybox=\"gallery-2\" data-caption=\"Federico Ashton, Il Monte Rosa a Macugnaga. Collezione Alessandro Poscio\" class=\"fullscreen\"><\/a><img decoding=\"async\" class=\"owl-lazy\" src=\"https:\/\/www.europesays.com\/it\/wp-content\/uploads\/2025\/10\/08-Federico-Ashton-Il-Monte-Rosa-a-Macugnaga.-Collezione-Alessandro-Poscio-1-1.jpg\" alt=\"Federico Ashton, Il Monte Rosa a Macugnaga. Collezione Alessandro Poscio\"\/><\/p>\n<p>\n\t\tFederico Ashton, Il Monte Rosa a Macugnaga. Collezione Alessandro Poscio\n\t\t<\/p>\n<p><a href=\"https:\/\/www.europesays.com\/it\/wp-content\/uploads\/2025\/10\/10-Cesare-Gheduzzi-Il-Monte-Rosa-dallAlpe-Pedriola.-Collezione-Alessandro-Poscio-1-1.jpg\" data-fancybox-index-2=\"9\" data-fancybox=\"gallery-2\" data-caption=\"Cesare Gheduzzi, Il Monte Rosa dall&#039;Alpe Pedriola. Collezione Alessandro Poscio\" class=\"fullscreen\"><\/a><img decoding=\"async\" class=\"owl-lazy\" src=\"https:\/\/www.europesays.com\/it\/wp-content\/uploads\/2025\/10\/10-Cesare-Gheduzzi-Il-Monte-Rosa-dallAlpe-Pedriola.-Collezione-Alessandro-Poscio-1-1.jpg\" alt=\"Cesare Gheduzzi, Il Monte Rosa dall\" alpe=\"\" pedriola.=\"\" collezione=\"\" alessandro=\"\" poscio=\"\"\/><\/p>\n<p>\n\t\tCesare Gheduzzi, Il Monte Rosa dall\u2019Alpe Pedriola. Collezione Alessandro Poscio\n\t\t<\/p>\n<p style=\"font-weight: 400;\">Al limite estremo della Valle Anzasca sorge Macugnaga, un borgo composto da varie frazioni, con qualche centinaio di residenti stabili e molti estimatori, che lo frequentano soprattutto per il piacere di vivere una montagna autentica, all\u2019insegna del camminare immersi nella natura e dell\u2019alpinismo. Il paese sorge ai piedi della famosa Parete Est del Rosa, la pi\u00f9 alta delle Alpi e l\u2019unica di tipo himalayano, che vanta quattro cime oltre i 4000: Punta Gnifetti (4559 m), Punta Zumstein (4563 m) Punta Dufour (4638 m) e Punta Nordend (4612 m). Da Macugnaga si colgono tutte e quattro nella loro maestosit\u00e0. Questo spettacolo naturale non poteva non essere di ispirazione per gli artisti che ebbero la fortuna di passare da queste parti, o di nascere in zona. A cavallo tra l\u2019Ottocento e il Novecento, numerosi quadri testimoniano del legame affettivo con il massiccio. Sono opere realizzate per lo pi\u00f9 dal vivo, che racchiudono le emozioni del pittore di fronte alla bellezza di questo paesaggio montano.<\/p>\n<p style=\"font-weight: 400;\">\u00ab<strong>L\u2019approccio al Monte Rosa non \u00e8 quasi mai quello romantico, che implica lo stupore e la paura<\/strong> innanzi a una montagna che \u00e8 minaccia, pericolo, mistero\u00bb, commenta <strong>Giuseppe Frangi,<\/strong> giornalista esperto d\u2019arte e molto legato a Macugnaga. \u00abCi\u00f2 non avviene per due motivi. Il Monte Rosa, soprattutto per i lombardi e i piemontesi, non \u00e8 un massiccio che si svela all\u2019improvviso in tutta la sua imponenza. \u00c8 ben visibile da lontano e la sua sagoma accompagna lo sguardo del viaggiatore. <strong>\u00c8 una montagna familiare, che non incute timore<\/strong>. In secondo luogo, il Monte Rosa non separa: \u00e8 parte del territorio dei Walser, che vivono a nord delle Alpi, a Saas Fee e Zermatt, e a sud\u00bb. Serve entrare in quest\u2019ottica per capire i quadri dedicati al Monte Rosa. Aggiungo che la vicina scuola di pittura vigezzina ha sempre tratto ispirazione da quanto circondava gli artisti: i volti delle persone, i paesaggi alpini, la tranquillit\u00e0 dei luoghi\u00bb, sottolinea Frangi.<\/p>\n<p style=\"font-weight: 400;\"><strong>Federico Ashton<\/strong> (1836-1904), nato da padre inglese e madre fiorentina, parte dalla visione romantica del suo maestro Alexander Calame per poi trovare una sua strada, come dimostra nei quadri <strong>Il Monte Rosa a Macugnaga\u00a0<\/strong>(1899), che risale al periodo della maturit\u00e0. Dopo aver vissuto anche a Roma, dal 1892 l\u2019artista si trasferisce a Domodossola che diventa la sua base per muoversi e realizzare i suoi quadri di montagna. In questo dipinto la figura umana si perde nel paesaggio e sembra avere lo stesso peso della mucca, mentre il Rosa illuminato dai raggi solari si impone allo sguardo. Allo stesso modo, le due donne in <strong>Monte Rosa, Paesaggio Montano<\/strong>, conservato a Verbania al Museo del Paesaggio, sono comparse ai piedi della montagna, la vera protagonista.<\/p>\n<p><img loading=\"lazy\" decoding=\"async\" class=\" wp-image-263519\" src=\"https:\/\/www.europesays.com\/it\/wp-content\/uploads\/2025\/10\/06-Mario-Moretti-Foggia-Casa-del-pittore-a-Macugnaga.-Collezione-Alessandro-Poscio-1-1-300x235.jpg\" alt=\"\" width=\"811\" height=\"635\"  \/>Mario Moretti Foggia, Casa del pittore a Macugnaga. Collezione Alessandro Poscio<\/p>\n<p style=\"font-weight: 400;\">Un altro nome di spicco \u00e8 quello di <strong>Carlo Fornara<\/strong> (1871-1968), pittore vigezzino che si forma alla locale scuola di Belle Arti. <strong>Macugnaga con il Monte Rosa<\/strong> (1954) \u00e8 un\u2019opera della maturit\u00e0, in cui \u00e8 presente una pennellata sottile e filiforme a caratterizzare i prati, le case, il ghiaccio. Non c\u2019\u00e8 cupezza: il Rosa sembra vegliare gentile e protettivo sulle sorti della gente di montagna.<br \/>Il borgo con la sua chiesa vecchia e il celebre tiglio monumentale sono d\u2019ispirazione per <strong>Carlo Bossone<\/strong>(1904-1991), ligure di Savona, che negli anni Quaranta frequenta Macugnaga e il paesaggio alpino. Il quadro <strong>Tiglio, chiesa vecchia a Macugnaga e Monte Rosa<\/strong> \u00e8 caratterizzato dalla luce potente e dall\u2019aria tersa di montagna.<br \/>Nel periodo trascorso a Macugnaga, Bossone frequenta il collega pi\u00f9 anziano <strong>Mario Moretti Foggia <\/strong>(1882-1954), mantovano, allievo di Mos\u00e9 Bianchi e Cesare Tallone. Dopo aver girato in Inghilterra, Francia e Olanda, Moretti Foggia si fa ammaliare dall\u2019Oriente. Visita il Cairo, Damasco, Beirut. Ma \u00e8 a Pecetto di Macugnaga che muore: probabilmente, avr\u00e0 chiuso gli occhi guardando il Monte Rosa, che ben si vedeva dalla sua baita, come si pu\u00f2 desumere dal quadro <strong>Casa del pittore a Macugnaga<\/strong>.<\/p>\n<p style=\"font-weight: 400;\"><strong>Silvio Poma<\/strong> (1840-1932), originario di Trescore Balneario, \u00e8 pi\u00f9 noto come pittore di paesaggi lacustri, ritratti dal vero. A ispirarlo, in particolare, il Lago di Como e il ramo di Lecco. In <strong>Paesaggio di montagna. Veduta del Monte Rosa<\/strong>, risalente ai primi decenni del Novecento, Poma si concede una fuga dai suoi laghi \u2013 cos\u00ec amati dai suoi ricchi committenti dell\u2019epoca \u2013 per dipingere il Rosa, che appare luminoso e accogliente per la gente degli alpeggi, la quale trascorre l\u2019estate in quota con le mandrie. Le mucche che vagano sole in primo trasmettono un senso di libert\u00e0 in un paesaggio montano che \u00e8 complice e amico.<\/p>\n<p style=\"font-weight: 400;\">L\u2019emiliano <strong>Cesare Gheduzzi<\/strong> (1894-1944) ha lasciato alcune belle vedute dell\u2019Alpe Pedriola (2045 metri, sopra Macugnaga). Il <strong>Monte Rosa dall\u2019Alpe Pedriola<\/strong> comunica la grandezza della montagna di fronte alla finitezza umana: le baite, gli animali, il pastore sono l\u2019effimero di fronte all\u2019eternit\u00e0 della montagna.<\/p>\n<p style=\"font-weight: 400;\">In tempi pi\u00f9 recenti, <strong>Rino Stringara<\/strong> (1928-1993), amico di Carlo Bossone, si lascia ispirare da un soggetto del suo maestro. Nel quadro <strong>Il tiglio e chiesa vecchia a Macugnaga con sfondo del Rosa, Fillar e Jazzi <\/strong>(1977) riprende l\u2019edificio religioso realizzato dai Walser e il tiglio che secondo la leggenda \u00e8 stato portato dalla Valle di Saas dai migranti. Stringara era originario di Villadossola e nella vita esercit\u00f2 per anni un altro mestiere prima di potersi dedicare a tempo pieno all\u2019arte che per lui era sinonimo di paesaggio. Quello delle sue terre: i ghiacciai del Monte Rosa, Macugnaga, la Valle Anzasca e le valli limitrofe.<\/p>\n","protected":false},"excerpt":{"rendered":"Mario Moretti Foggia. Pecetto di Macugnaga e Monte Rosa @Finarte Carlo Fornara, Macugnaga con il Monte Rosa. Collezione&hellip;\n","protected":false},"author":3,"featured_media":172578,"comment_status":"","ping_status":"","sticky":false,"template":"","format":"standard","meta":{"footnotes":""},"categories":[1446],"tags":[1615,1613,1614,1611,1610,1612,203,204,1537,90,89,41861,105447,11165],"class_list":{"0":"post-172577","1":"post","2":"type-post","3":"status-publish","4":"format-standard","5":"has-post-thumbnail","7":"category-arte-e-design","8":"tag-arte","9":"tag-arte-e-design","10":"tag-arteedesign","11":"tag-arts","12":"tag-arts-and-design","13":"tag-design","14":"tag-entertainment","15":"tag-intrattenimento","16":"tag-it","17":"tag-italia","18":"tag-italy","19":"tag-monte-rosa","20":"tag-parete-est-monte-rosa","21":"tag-pittori"},"share_on_mastodon":{"url":"","error":""},"_links":{"self":[{"href":"https:\/\/www.europesays.com\/it\/wp-json\/wp\/v2\/posts\/172577","targetHints":{"allow":["GET"]}}],"collection":[{"href":"https:\/\/www.europesays.com\/it\/wp-json\/wp\/v2\/posts"}],"about":[{"href":"https:\/\/www.europesays.com\/it\/wp-json\/wp\/v2\/types\/post"}],"author":[{"embeddable":true,"href":"https:\/\/www.europesays.com\/it\/wp-json\/wp\/v2\/users\/3"}],"replies":[{"embeddable":true,"href":"https:\/\/www.europesays.com\/it\/wp-json\/wp\/v2\/comments?post=172577"}],"version-history":[{"count":0,"href":"https:\/\/www.europesays.com\/it\/wp-json\/wp\/v2\/posts\/172577\/revisions"}],"wp:featuredmedia":[{"embeddable":true,"href":"https:\/\/www.europesays.com\/it\/wp-json\/wp\/v2\/media\/172578"}],"wp:attachment":[{"href":"https:\/\/www.europesays.com\/it\/wp-json\/wp\/v2\/media?parent=172577"}],"wp:term":[{"taxonomy":"category","embeddable":true,"href":"https:\/\/www.europesays.com\/it\/wp-json\/wp\/v2\/categories?post=172577"},{"taxonomy":"post_tag","embeddable":true,"href":"https:\/\/www.europesays.com\/it\/wp-json\/wp\/v2\/tags?post=172577"}],"curies":[{"name":"wp","href":"https:\/\/api.w.org\/{rel}","templated":true}]}}