{"id":172688,"date":"2025-10-19T08:28:15","date_gmt":"2025-10-19T08:28:15","guid":{"rendered":"https:\/\/www.europesays.com\/it\/172688\/"},"modified":"2025-10-19T08:28:15","modified_gmt":"2025-10-19T08:28:15","slug":"il-vescovado-santa-de-santis-presenta-rip-racconto-la-morte-con-leggerezza-e-poesia-trailer","status":"publish","type":"post","link":"https:\/\/www.europesays.com\/it\/172688\/","title":{"rendered":"Il Vescovado &#8211; Santa De Santis presenta RIP: \u00abRacconto la morte con leggerezza e poesia\u00bb \/Trailer"},"content":{"rendered":"<p><img decoding=\"async\" class=\"full\" src=\"https:\/\/www.europesays.com\/it\/wp-content\/uploads\/2025\/10\/santa-de-santis-presenta-rip-racconto-la-morte-c-347002.webp.webp\" alt=\"\"\/><\/p>\n<p><strong>Santa De Santis<\/strong>, originaria della Costa d&#8217;Amalfi e profondamente legata alla sua citt\u00e0 natale, Maiori, debutta alla regia cinematografica con RIP, un film che racconta la morte con leggerezza, ironia e poesia. Diretto insieme ad Alessandro D&#8217;Ambrosi e prodotto da NYV Studios, RIP \u00e8 una ghost story moderna che mescola realismo, sogno e umorismo nero in una visione tutta italiana, poetica e surreale.<\/p>\n<p>Con un cast corale di grande talento &#8211; <strong>Augusto Fornari, Giulia Michelini, Valerio Morigi, Nina Pons, Maurizio Bousso e Caterina Gabanella<\/strong> &#8211; il film d\u00e0 corpo a una storia brillante, commovente e dissacrante.<\/p>\n<p>\ud83d\udc7b RIP racconta lo straordinario incontro di <strong>Leonardo<\/strong>, ex romanziere solitario e autore di necrologi. Dopo la scomparsa del padre <strong>Marcello<\/strong>, guardiano del cimitero monumentale del Verano, Leonardo si ritrova davanti al suo spettro: giovane, estroverso e privo di memoria degli ultimi quarant&#8217;anni. Con lui, altri spiriti di epoche diverse &#8211; una popolana medievale condannata come strega e una nobile ottocentesca morta per amore &#8211; accomunati dal desiderio di evadere da secoli di prigionia.<\/p>\n<p>Grazie all&#8217;inaspettato legame con Leonardo, riusciranno a tornare a &#8220;riveder le stelle&#8221;, tra le strade di una Roma radicalmente cambiata. Una citt\u00e0 nuova, incomprensibile perfino per Marcello, un tempo &#8220;gran viveur&#8221; della Dolce Vita. Ne nasce un viaggio tra humour nero, emozioni e poesia, che diventa per Leonardo occasione di riconciliazione, coraggio e rinascita.<\/p>\n<p>\u00abAbbiamo scritto una fiaba che parla della morte come di un passaggio, non di un abisso\u00bb, spiega De Santis in una intervista a <strong>Il Mattino<\/strong>. \u00abLa leggerezza \u00e8 la chiave, il modo per accettare ci\u00f2 che \u00e8 inevitabile e al tempo stesso continuare a vivere\u00bb.<\/p>\n<p>Per la regista, cresciuta tra Maiori, Salerno e Roma, l&#8217;obiettivo era unire realismo e immaginazione, dando vita a quella che lei stessa definisce \u00ab<strong>una ghost story burtoniana<\/strong>\u00bb, capace di evocare le atmosfere gotiche e poetiche di Tim Burton ma con una sensibilit\u00e0 tutta mediterranea.<\/p>\n<p>La colonna sonora originale, firmata da <strong>Daniele Silvestri <\/strong>con<strong> Klangore Factory<\/strong>, impreziosisce il racconto con sonorit\u00e0 che fondono malinconia e leggerezza. \u00abSilvestri \u00e8 stato un dono prezioso. &#8211; racconta la regista &#8211; La sua musica ha dato respiro e ritmo alle emozioni del film\u00bb.<\/p>\n<p>RIP \u00e8 una commedia brillante che reinventa i canoni della ghost story, mescolando comicit\u00e0, azione e profondit\u00e0 emotiva. Un mondo fantastico e surreale, che riflette sulla memoria, sul tempo e sull&#8217;amore, rendendo la morte una tappa del viaggio e non la sua fine.<\/p>\n<p>\ud83c\udf7f RIP sar\u00e0 presentato <strong>in anteprima nella sezione Fuori Sala di &#8220;Alice nella citt\u00e0&#8221;<\/strong> e arriver\u00e0 <strong>nelle sale italiane dal 23 ottobre<\/strong> con <strong>Filmclub Distribuzione<\/strong>.<\/p>\n<p><b>Se sei arrivato fino a qui<\/b>, significa che apprezzi il nostro impegno nel fornire notizie libere e accessibili a tutti.<\/p>\n<p>Per garantire un ambiente sicuro per i nostri lettori, abbiamo rimosso tutta la pubblicit\u00e0 invasiva, i cookie e i tracciamenti di terze parti.<\/p>\n<p>Tuttavia, per continuare a offrirti un&#8217;informazione di qualit\u00e0, il tuo aiuto \u00e8 fondamentale. Anche un piccolo contributo pu\u00f2 fare la differenza.<\/p>\n<p>Sostieni <b>Il Vescovado!<\/b><\/p>\n<p>Scegli il tuo contributo con <img loading=\"lazy\" decoding=\"async\" src=\"https:\/\/www.europesays.com\/it\/wp-content\/uploads\/2025\/07\/logo-paypal.webp.webp\" width=\"128\" height=\"33\" alt=\"\"\/><\/p>\n","protected":false},"excerpt":{"rendered":"Santa De Santis, originaria della Costa d&#8217;Amalfi e profondamente legata alla sua citt\u00e0 natale, Maiori, debutta alla regia&hellip;\n","protected":false},"author":3,"featured_media":172689,"comment_status":"","ping_status":"","sticky":false,"template":"","format":"standard","meta":{"footnotes":""},"categories":[1442],"tags":[22444,22453,22456,8818,11693,22449,22454,6288,22457,203,626,454,22458,7889,204,1537,90,89,22451,22445,13750,1521,15,477,22447,22450,22443,22452,22448,22446,22442,22455,13552,22441],"class_list":{"0":"post-172688","1":"post","2":"type-post","3":"status-publish","4":"format-standard","5":"has-post-thumbnail","7":"category-film","8":"tag-amalfi-news","9":"tag-atrani","10":"tag-attualit","11":"tag-campania","12":"tag-comunicazione","13":"tag-costa-damalfi","14":"tag-costa-di-amalfi","15":"tag-costiera-amalfitana","16":"tag-curiosit","17":"tag-entertainment","18":"tag-eventi","19":"tag-film","20":"tag-il-vescovado","21":"tag-informazione","22":"tag-intrattenimento","23":"tag-it","24":"tag-italia","25":"tag-italy","26":"tag-maiori","27":"tag-maiori-news","28":"tag-minori","29":"tag-movies","30":"tag-notizie","31":"tag-politica","32":"tag-portale-online-della-costa-di-amalfi","33":"tag-positano","34":"tag-positano-news","35":"tag-praiano","36":"tag-provincia-di-salerno","37":"tag-quotidiano-on-line","38":"tag-ravello-news","39":"tag-ricorrenze","40":"tag-scala","41":"tag-vescovado"},"share_on_mastodon":{"url":"","error":""},"_links":{"self":[{"href":"https:\/\/www.europesays.com\/it\/wp-json\/wp\/v2\/posts\/172688","targetHints":{"allow":["GET"]}}],"collection":[{"href":"https:\/\/www.europesays.com\/it\/wp-json\/wp\/v2\/posts"}],"about":[{"href":"https:\/\/www.europesays.com\/it\/wp-json\/wp\/v2\/types\/post"}],"author":[{"embeddable":true,"href":"https:\/\/www.europesays.com\/it\/wp-json\/wp\/v2\/users\/3"}],"replies":[{"embeddable":true,"href":"https:\/\/www.europesays.com\/it\/wp-json\/wp\/v2\/comments?post=172688"}],"version-history":[{"count":0,"href":"https:\/\/www.europesays.com\/it\/wp-json\/wp\/v2\/posts\/172688\/revisions"}],"wp:featuredmedia":[{"embeddable":true,"href":"https:\/\/www.europesays.com\/it\/wp-json\/wp\/v2\/media\/172689"}],"wp:attachment":[{"href":"https:\/\/www.europesays.com\/it\/wp-json\/wp\/v2\/media?parent=172688"}],"wp:term":[{"taxonomy":"category","embeddable":true,"href":"https:\/\/www.europesays.com\/it\/wp-json\/wp\/v2\/categories?post=172688"},{"taxonomy":"post_tag","embeddable":true,"href":"https:\/\/www.europesays.com\/it\/wp-json\/wp\/v2\/tags?post=172688"}],"curies":[{"name":"wp","href":"https:\/\/api.w.org\/{rel}","templated":true}]}}