{"id":173806,"date":"2025-10-19T22:54:21","date_gmt":"2025-10-19T22:54:21","guid":{"rendered":"https:\/\/www.europesays.com\/it\/173806\/"},"modified":"2025-10-19T22:54:21","modified_gmt":"2025-10-19T22:54:21","slug":"famosissime-case-a-sfera-in-olanda","status":"publish","type":"post","link":"https:\/\/www.europesays.com\/it\/173806\/","title":{"rendered":"Famosissime case a sfera in Olanda"},"content":{"rendered":"<p data-journey-content=\"true\" data-node-id=\"0\" class=\"css-6wxqfj emevuu60\">Capita, in <strong data-node-id=\"0.1\"><a href=\"https:\/\/www.elledecor.com\/it\/design\/a62738215\/eindhoven-la-silicon-valley-deuropa-del-design-olanda\/\" target=\"_blank\" data-vars-ga-outbound-link=\"https:\/\/www.elledecor.com\/it\/design\/a62738215\/eindhoven-la-silicon-valley-deuropa-del-design-olanda\/\" data-vars-ga-ux-element=\"Hyperlink\" data-vars-ga-call-to-action=\"Olanda\" data-node-id=\"0.1.0\" class=\"body-link css-15fjk10 emevuu60\" rel=\"nofollow noopener\">Olanda<\/a><\/strong>, di imboccare una pista ciclabile e ritrovarsi in un set di fantascienza a basso budget ma altissimo charme. A \u2019s-Hertogenbosch, nel quartiere di Maaspoort, un grappolo di <strong data-node-id=\"0.3\">sfere bianche spunta dal verde come boe terrestri<\/strong>: sono le <strong data-node-id=\"0.5\">Bolwoningen<\/strong>, le \u201ccase a sfera\u201d di <strong data-node-id=\"0.7\">Dries Kreijkamp<\/strong>, architetto con inclinazioni da scultore e una fissazione gentile per le forme pure. Ci si arriva passando canali, cortili, parcheggi ordinati, e all\u2019improvviso la routine olandese fa spazio a un\u2019utopia parcheggiata in periferia. Il contesto \u00e8 quello giusto: primi anni Ottanta, <a href=\"https:\/\/www.elledecor.com\/it\/viaggi\/a63676329\/in-olanda-esiste-un-paese-senza-strade-battezzato-la-venezia-verde\/\" target=\"_blank\" data-vars-ga-outbound-link=\"https:\/\/www.elledecor.com\/it\/viaggi\/a63676329\/in-olanda-esiste-un-paese-senza-strade-battezzato-la-venezia-verde\/\" data-vars-ga-ux-element=\"Hyperlink\" data-vars-ga-call-to-action=\"Paesi Bassi\" data-node-id=\"0.9\" class=\"body-link css-15fjk10 emevuu60\" rel=\"nofollow noopener\">Paesi Bassi<\/a> <strong data-node-id=\"0.11\">laboratori di edilizia sociale e sperimentazioni energetiche<\/strong>, il sogno di una domesticit\u00e0 diversa dall\u2019appartamento a pettine. Kreijkamp propone un\u2019idea tanto semplice quanto radicale: <strong data-node-id=\"0.13\">una <a href=\"https:\/\/www.elledecor.com\/it\/case-piccole\/\" target=\"_blank\" data-vars-ga-outbound-link=\"https:\/\/www.elledecor.com\/it\/case-piccole\/\" data-vars-ga-ux-element=\"Hyperlink\" data-vars-ga-call-to-action=\"mini-abitazione\" data-node-id=\"0.13.1\" class=\"body-link css-15fjk10 emevuu60\" rel=\"nofollow noopener\">mini-abitazione<\/a> sferica, prefabbricata<\/strong>, poggiata su un piccolo basamento cilindrico. Non un gadget, ma un tipo edilizio alternativo, capace di ottimizzare luce, ventilazione, superficie e, perch\u00e9 no, buonumore. Il Comune ci crede, parte un cantiere pilota e nel 1984 nasce il complesso: una <strong data-node-id=\"0.15\">cinquantina di sfere<\/strong> gemelle, allineate con ironia calvinista.<\/p>\n<p data-journey-content=\"true\" data-node-id=\"2\" class=\"css-6wxqfj emevuu60\">Dentro, l\u2019abitare diventa racconto: al piedistallo l\u2019ingresso con i servizi; nel ventre della sfera il soggiorno, una zona giorno circolare che costringe a ripensare mobili e consuetudini; nella parte alta la camera e<strong data-node-id=\"2.1\"> un piccolo studio con obl\u00f2 che guardano il cielo<\/strong> o le fronde. <strong data-node-id=\"2.3\">Un loft astronautico in scala hobbit<\/strong>. Tutto \u00e8 vicino, tutto \u00e8 tondo, tutto dichiara che la casa non \u00e8 solo una somma di stanze ma anche un\u2019ipotesi sulla vita quotidiana. Naturalmente, la realt\u00e0 presenta il conto. <strong data-node-id=\"2.5\">La curva \u00e8 poetica ma inflessibile con gli arredi rettangolari<\/strong>; la manutenzione di gusci e giunti non \u00e8 proprio facile; l\u2019isolamento acustico pretende cure costanti. Eppure le Bolwoningen resistono, diventando nell&#8217;immaginario collettivo <strong data-node-id=\"2.7\">case popolari futuriste<\/strong> che hanno fatto in tempo a passare dall\u2019album delle stravaganze al canone delle icone. Gli abitanti ci convivono con un misto di orgoglio e pragmatismo olandese; gli architetti arrivano in pellegrinaggio; i fotografi ne colgono la fotogenia r\u00e9tro; i social, prevedibilmente, se ne innamorano: <strong data-node-id=\"2.9\">capsule bianche tra betulle e cielo lattiginoso, l\u2019algoritmo ringrazia<\/strong>.<\/p>\n<p data-journey-content=\"true\" data-node-id=\"4\" class=\"css-6wxqfj emevuu60\">Resta la domanda: che cosa raccontano oggi queste sfere? Che l\u2019innovazione in edilizia non \u00e8 solo tecnologia ma forma che apre possibilit\u00e0. Che <strong data-node-id=\"4.1\">l\u2019edilizia pubblica, quando osa, produce immaginari oltre che metri quadrati<\/strong>. Che la periferia pu\u00f2 essere un capitolo, non una nota a margine. E che l\u2019<a href=\"https:\/\/www.elledecor.com\/it\/architettura\/a61643137\/rotterdam-olanda-architettura-cosa-vedere\/\" target=\"_blank\" data-vars-ga-outbound-link=\"https:\/\/www.elledecor.com\/it\/architettura\/a61643137\/rotterdam-olanda-architettura-cosa-vedere\/\" data-vars-ga-ux-element=\"Hyperlink\" data-vars-ga-call-to-action=\"Olanda\" data-node-id=\"4.3\" class=\"body-link css-15fjk10 emevuu60\" rel=\"nofollow noopener\">Olanda<\/a>, con la sua ossessione per l\u2019ordine, accetta volentieri una <strong data-node-id=\"4.5\">dose di eccentricit\u00e0<\/strong> se questa promette un\u2019idea migliore di convivenza. Le Bolwoningen non sono un giocattolo per archistar n\u00e9 un capriccio postmoderno: sono un promemoria urbano, <strong data-node-id=\"4.7\">un invito a guardare la casa come organismo<\/strong>. Piacciono perch\u00e9 fanno sorridere, ma convincono perch\u00e9 mettono in crisi la scatola ortogonale che chiamiamo normalit\u00e0. <\/p>\n<p>Related Stories<img src=\"https:\/\/www.europesays.com\/it\/wp-content\/uploads\/2025\/10\/1760914461_121_662aafc4-2c03-4257-804c-b45ff323b012_1708416299.file\" alt=\"Headshot of Ciro Marco Musella\" title=\"Headshot of Ciro Marco Musella\" width=\"100%\" height=\"100%\" decoding=\"async\" loading=\"lazy\" class=\"css-o0wq4v ev8dhu53\"\/><\/p>\n<p>Sono nato a Napoli, non parlo in terza persona e non curo cose, oggetti, persone o animali. Ho studiato architettura tra il Politecnico di Milano e l\u2019ENSA Paris-Belleville per poi laurearmi in Architettura delle Costruzioni. Mi sono occupato di allestimenti seguendo i progetti di NENDO, scrivo di grandi architetture e sto completando un dottorando in Composizione allo IUAV di Venezia. Nonostante questo, tutto regolare. \u00a0<\/p>\n","protected":false},"excerpt":{"rendered":"Capita, in Olanda, di imboccare una pista ciclabile e ritrovarsi in un set di fantascienza a basso budget&hellip;\n","protected":false},"author":3,"featured_media":173807,"comment_status":"","ping_status":"","sticky":false,"template":"","format":"standard","meta":{"footnotes":""},"categories":[1446],"tags":[2670,105987,1615,1613,1614,1611,1610,105988,1612,203,204,1537,90,89,34942],"class_list":{"0":"post-173806","1":"post","2":"type-post","3":"status-publish","4":"format-standard","5":"has-post-thumbnail","7":"category-arte-e-design","8":"tag-architettura","9":"tag-architettura-futurista","10":"tag-arte","11":"tag-arte-e-design","12":"tag-arteedesign","13":"tag-arts","14":"tag-arts-and-design","15":"tag-case-a-sfera","16":"tag-design","17":"tag-entertainment","18":"tag-intrattenimento","19":"tag-it","20":"tag-italia","21":"tag-italy","22":"tag-olanda"},"share_on_mastodon":{"url":"","error":""},"_links":{"self":[{"href":"https:\/\/www.europesays.com\/it\/wp-json\/wp\/v2\/posts\/173806","targetHints":{"allow":["GET"]}}],"collection":[{"href":"https:\/\/www.europesays.com\/it\/wp-json\/wp\/v2\/posts"}],"about":[{"href":"https:\/\/www.europesays.com\/it\/wp-json\/wp\/v2\/types\/post"}],"author":[{"embeddable":true,"href":"https:\/\/www.europesays.com\/it\/wp-json\/wp\/v2\/users\/3"}],"replies":[{"embeddable":true,"href":"https:\/\/www.europesays.com\/it\/wp-json\/wp\/v2\/comments?post=173806"}],"version-history":[{"count":0,"href":"https:\/\/www.europesays.com\/it\/wp-json\/wp\/v2\/posts\/173806\/revisions"}],"wp:featuredmedia":[{"embeddable":true,"href":"https:\/\/www.europesays.com\/it\/wp-json\/wp\/v2\/media\/173807"}],"wp:attachment":[{"href":"https:\/\/www.europesays.com\/it\/wp-json\/wp\/v2\/media?parent=173806"}],"wp:term":[{"taxonomy":"category","embeddable":true,"href":"https:\/\/www.europesays.com\/it\/wp-json\/wp\/v2\/categories?post=173806"},{"taxonomy":"post_tag","embeddable":true,"href":"https:\/\/www.europesays.com\/it\/wp-json\/wp\/v2\/tags?post=173806"}],"curies":[{"name":"wp","href":"https:\/\/api.w.org\/{rel}","templated":true}]}}