{"id":173925,"date":"2025-10-20T00:28:11","date_gmt":"2025-10-20T00:28:11","guid":{"rendered":"https:\/\/www.europesays.com\/it\/173925\/"},"modified":"2025-10-20T00:28:11","modified_gmt":"2025-10-20T00:28:11","slug":"tudor-a-rischio-dopo-la-sconfitta-con-il-como-confronto-duro-con-la-societa-real-madrid-e-lazio-decisive","status":"publish","type":"post","link":"https:\/\/www.europesays.com\/it\/173925\/","title":{"rendered":"Tudor a rischio dopo la sconfitta con il Como, confronto duro con la societ\u00e0. Real Madrid e Lazio decisive"},"content":{"rendered":"<p>    di<br \/>\n    Massimiliano Nerozzi, inviato a Como<\/p>\n<p class=\"summary-art is-line-h-12\">la Juventus non perdeva a Como dal 1950, scivola al settimo posto in classifica. Gli errori del tecnico ci sono: \u00abSono preoccupato? Un allenatore lo \u00e8 sempre\u00bb<\/p>\n<p class=\"chapter-paragraph\">Pi\u00f9 che di \u00abfinta piccola\u00bb (il Como, copyright Tudor) \u00e8 questione di finta grande (la Juve), quella che ieri s\u2019aggirava sul ramo del lago che<a href=\"https:\/\/www.corriere.it\/sport\/25_ottobre_19\/como-juventus-risultato-7988d667-0e80-4a2b-88f9-212dbd124xlk.shtml\" rel=\"nofollow noopener\" target=\"_blank\"> volge alla sconfitta, come qui per Madama non accadeva dal 20 gennaio 1952<\/a>, ai tempi delle trasmissioni sperimentali della Rai e di Eisenhower al posto di Trump: i bianconeri hanno faticosamente masticato gioco (55% di possesso palla), ma senza mai essere pericolosi (zero tiri nella prima met\u00e0 e 0,88 goal expected al gong, una miseria); mentre Fabregas gonfiava transizioni assassine e tagliava la partita con Nico Paz, 21 anni e un bisturi al posto del mancino (assist e gol, nell\u2019ordine).<\/p>\n<p class=\"chapter-paragraph\">\u00abSono deluso dal risultato \u2014 dice alla fine Tudor \u2014 e il gol su calcio piazzato all\u2019inizio non si pu\u00f2 prendere\u00bb. In effetti, non erano passati neppure cinque minuti quando <b>Nico Paz<\/b>, su schema da calcio d\u2019angolo, ha pescato <b>Kempf<\/b>, con il piede forte sul lato debole, alle spalle di una difesa da presepe in anticipo. La sconfitta verr\u00e0 sigillata nel finale da un\u2019altra pennellata del numero dieci \u2014 e chi senn\u00f2? \u2014 per gli <b>applausi di Wenger <\/b>ed Henry, gli ospiti della tribuna solitamente hollywoodiana. Facendo scivolare la Juve al settimo posto, come non si vedeva dal burrascoso girone di ritorno del 2023, squassato per\u00f2 dalle penalizzazioni. \u00abSe sono preoccupato per i risultati? Un allenatore lo \u00e8 sempre \u2014 ribatte il tecnico \u2014  lo ero anche prima, da giocare: sono trent\u2019anni che sento parlare di partite e di settimane decisive; ma io penso solo a come migliorare i ragazzi e la squadra, \u00e8 l\u2019unica cosa che ho in testa\u00bb. Detto che la societ\u00e0 non ha (ancora) preso decisioni n\u00e9 alzato il telefono, tra gli agenti, gente che ha un certo interesse, si chiacchiera gi\u00e0 di qualche nome (Palladino, per dire): insomma,<b> tra il club e il tecnico croato  tira  aria gelida<\/b>, pure nell\u2019ultimo confronto di ieri sera. Morale: tra mercoled\u00ec a casa del Real, in Champions, e domenica sera nell\u2019arena della Lazio, in campionato, Tudor, e quindi la squadra, dovranno dare qualche segnale, di gioco.    &#13;<br \/>\n&#13;<br \/>\n&#13;<br \/>\n&#13;<br \/>\n&#13;<br \/>\n&#13;<br \/>\n&#13;<br \/>\n&#13;<br \/>\n&#13;<br \/>\n&#13;<br \/>\n&#13;<br \/>\n&#13;<br \/>\n&#13;<br \/>\n&#13;<br \/>\n&#13;<br \/>\n&#13;<br \/>\n&#13;<br \/>\n&#13;<br \/>\n&#13;<br \/>\n&#13;<br \/>\n&#13;<br \/>\n&#13;<br \/>\n&#13;<br \/>\n&#13;<br \/>\n&#13;<br \/>\n&#13;<br \/>\n&#13;<br \/>\n&#13;<br \/>\n&#13;<br \/>\n&#13;<br \/>\n&#13;<br \/>\n&#13;<br \/>\n&#13;<br \/>\n&#13;<br \/>\n&#13;<br \/>\n&#13;<br \/>\n&#13;<br \/>\n&#13;<br \/>\n&#13;<br \/>\n&#13;<br \/>\n&#13;<br \/>\n&#13;<br \/>\n&#13;<br \/>\n&#13;<br \/>\n&#13;<br \/>\n&#13;<br \/>\n&#13;<br \/>\n&#13;<br \/>\n&#13;<br \/>\n&#13;<br \/>\n&#13;<br \/>\n&#13;<br \/>\n&#13;\n<\/p>\n<p class=\"chapter-paragraph\">Non \u00e8 bastato rivoltare (forzatamente) l\u2019assetto in un 4-3-3 anche se poi, palla a Madama, la fase di costruzione era affidata al classico 3-4-2-1, dove Cambiaso e Concei\u00e7\u00e3o ricevevano palla ad altezze sfalsate. Combinando pochino il primo, dribblando molto il secondo, ma con palloni in mezzo spesso preda del nemico. <b>La condanna della Juve<\/b>, banalmente, \u00e8 stata pure la rete presa al pronti e via, quella che l\u2019ha condannata a una partita con ritmi pi\u00f9 alti del previsto, quando non caotici, finendo cos\u00ec a tratti in balia delle ripartenze del Como, sempre ben pianificate anche a due tocchi, tra la tigna di <b>Da Cunha <\/b>e il cervello di Perrone. Di fronte a un centrocampo bianconero che faticava a tenere le distanze, lasciando la difesa ai duelli all\u2019arma bianca. Inutile il finale juventino con il 4-2-4 prima delle scintille degli spogliatoi: \u00abMister Tudor, lo chiamo con rispetto anche se lui mi ha chiamato \u201cl\u2019allenatore del Como\u201d, ha detto che ho preso i giocatori che volevo, ma forse non gli hanno spiegato bene le cose\u00bb. E Igorone: \u00abFabregas pu\u00f2 dire quello che vuole\u00bb. Fossero solo le parole il problema (anche quelle eh).<\/p>\n<p class=\"is-last-update\" datetime=\"2025-10-19T23:31:42+02:00\">19 ottobre 2025 ( modifica il 19 ottobre 2025 | 23:31)<\/p>\n<p class=\"is-copyright\">\n            \u00a9 RIPRODUZIONE RISERVATA\n        <\/p>\n","protected":false},"excerpt":{"rendered":"di Massimiliano Nerozzi, inviato a Como la Juventus non perdeva a Como dal 1950, scivola al settimo posto&hellip;\n","protected":false},"author":3,"featured_media":173926,"comment_status":"","ping_status":"","sticky":false,"template":"","format":"standard","meta":{"footnotes":""},"categories":[6],"tags":[16522,106074,106075,11713,106076,106077,3534,106078,106079,106080,1960,721,3705,2491,14,40553,767,4975,1426,74807,2024,1976,8,1537,90,89,565,5188,32895,7,4978,51531,15,82,9,83,10,3171,1290,4980,37935,8559,11377,12044,13287,10879,1359,1857,3375,13,7520,11,80,84,12,81,85],"class_list":{"0":"post-173925","1":"post","2":"type-post","3":"status-publish","4":"format-standard","5":"has-post-thumbnail","7":"category-ultime-notizie","8":"tag-accadeva","9":"tag-accadeva-gennaio","10":"tag-accadeva-gennaio-tempi","11":"tag-affidata","12":"tag-affidata-classico","13":"tag-affidata-classico-cambiaso","14":"tag-agenti","15":"tag-agenti-gente","16":"tag-agenti-gente-interesse","17":"tag-aggirava","18":"tag-allenatore","19":"tag-calcio","20":"tag-como","21":"tag-confronto","22":"tag-cronaca","23":"tag-decisive","24":"tag-difesa","25":"tag-fabregas","26":"tag-finale","27":"tag-finta","28":"tag-gioco","29":"tag-gol","30":"tag-headlines","31":"tag-it","32":"tag-italia","33":"tag-italy","34":"tag-juve","35":"tag-lazio","36":"tag-madama","37":"tag-news","38":"tag-nico","39":"tag-nico-paz","40":"tag-notizie","41":"tag-notizie-di-cronaca","42":"tag-notizie-principali","43":"tag-notiziedicronaca","44":"tag-notizieprincipali","45":"tag-palla","46":"tag-partita","47":"tag-paz","48":"tag-preoccupato","49":"tag-preso","50":"tag-real","51":"tag-sconfitta","52":"tag-sera","53":"tag-settimo","54":"tag-societa","55":"tag-squadra","56":"tag-tecnico","57":"tag-titoli","58":"tag-tudor","59":"tag-ultime-notizie","60":"tag-ultime-notizie-di-cronaca","61":"tag-ultime-notizie-e-news-di-oggi","62":"tag-ultimenotizie","63":"tag-ultimenotiziedicronaca","64":"tag-ultimenotizieenewsdioggi"},"share_on_mastodon":{"url":"","error":""},"_links":{"self":[{"href":"https:\/\/www.europesays.com\/it\/wp-json\/wp\/v2\/posts\/173925","targetHints":{"allow":["GET"]}}],"collection":[{"href":"https:\/\/www.europesays.com\/it\/wp-json\/wp\/v2\/posts"}],"about":[{"href":"https:\/\/www.europesays.com\/it\/wp-json\/wp\/v2\/types\/post"}],"author":[{"embeddable":true,"href":"https:\/\/www.europesays.com\/it\/wp-json\/wp\/v2\/users\/3"}],"replies":[{"embeddable":true,"href":"https:\/\/www.europesays.com\/it\/wp-json\/wp\/v2\/comments?post=173925"}],"version-history":[{"count":0,"href":"https:\/\/www.europesays.com\/it\/wp-json\/wp\/v2\/posts\/173925\/revisions"}],"wp:featuredmedia":[{"embeddable":true,"href":"https:\/\/www.europesays.com\/it\/wp-json\/wp\/v2\/media\/173926"}],"wp:attachment":[{"href":"https:\/\/www.europesays.com\/it\/wp-json\/wp\/v2\/media?parent=173925"}],"wp:term":[{"taxonomy":"category","embeddable":true,"href":"https:\/\/www.europesays.com\/it\/wp-json\/wp\/v2\/categories?post=173925"},{"taxonomy":"post_tag","embeddable":true,"href":"https:\/\/www.europesays.com\/it\/wp-json\/wp\/v2\/tags?post=173925"}],"curies":[{"name":"wp","href":"https:\/\/api.w.org\/{rel}","templated":true}]}}