{"id":174217,"date":"2025-10-20T06:05:09","date_gmt":"2025-10-20T06:05:09","guid":{"rendered":"https:\/\/www.europesays.com\/it\/174217\/"},"modified":"2025-10-20T06:05:09","modified_gmt":"2025-10-20T06:05:09","slug":"sinner-perche-sul-veloce-indoor-anche-per-alcaraz-sara-difficile-arginarlo-e-ossessionato-dai-progressi","status":"publish","type":"post","link":"https:\/\/www.europesays.com\/it\/174217\/","title":{"rendered":"Sinner, perch\u00e9 sul veloce indoor anche per Alcaraz sar\u00e0 difficile arginarlo: \u00ab\u00c8 ossessionato dai progressi\u00bb"},"content":{"rendered":"<p>    di<br \/>\n    Gaia Piccardi<\/p>\n<p class=\"summary-art is-line-h-12\">I miglioramenti dell&#8217;azzurro, atteso dal primo turno a Vienna, raccontati dall&#8217;ex rivale ed amico Roberto Marcora, che si \u00e8 allenato con lui durante la sospensione per doping<\/p>\n<p class=\"chapter-paragraph\">Riad, pur senza punti in palio, getta nel mare magnum un messaggio in bottiglia: sul veloce indoor, il suo habitat naturale,<b> Jannik Sinner \u00e8 tornato ingiocabile<\/b>. Un martello da fondo, inavvicinabile al servizio (81% di punti vinti con la prima, 82% con la seconda: il vero, grande step up), zero palle break concesse; <a href=\"https:\/\/www.corriere.it\/sport\/tennis\/diretta-live\/25_ottobre_18\/sinner-alcaraz-diretta-six-kings-slam.shtml\" rel=\"nofollow noopener\" target=\"_blank\">Alcaraz annichilito in finale<\/a>, in uno show mai cominciato.<\/p>\n<p class=\"chapter-paragraph\">Ex avversario e poi amico di Jannik, <b>Roberto Marcora<\/b> \u00e8 l\u2019osservatore speciale dei progressi del barone rosso riapparso in Arabia dopo il kappa\u00f2 con la sua nemesi <a href=\"https:\/\/www.corriere.it\/sport\/tennis\/diretta-live\/25_settembre_07\/sinner-alcaraz-finale-us-open-diretta-risultato.shtml\" rel=\"nofollow noopener\" target=\"_blank\">all\u2019Open Usa<\/a> e lo swing cinese tra alti (Pechino) e bassi (<a href=\"https:\/\/www.corriere.it\/sport\/tennis\/25_ottobre_05\/sinner-infortunio-shanghai-come-sta-dc0ef409-5d0f-4590-8ebf-37d7c1738xlk.shtml\" rel=\"nofollow noopener\" target=\"_blank\">il crampo di Shanghai<\/a>: colpevole il caldo umido, la condizione meno gradita all\u2019azzurro). \u00abHo visto un Sinner rinnovato: la preparazione del servizio, il lancio di palla, la tecnica ma anche la tattica: \u00e8 venuto a rete, ha smorzato, si \u00e8 reso imprevedibile come si era rimproverato di non essere stato a New York\u00bb conferma Marcora, ex n.150, avversario<b> il 24 febbraio 2019<\/b> nella celebre finale del Challenger di Bergamo che lanci\u00f2 il predestinato. Roberto aveva 29 anni, era un professionista navigato; Jannik ne aveva 17, da n.546 si era iscritto con una wild card federale. \u00abEppure aveva una tenuta mentale e una velocit\u00e0 di crociera da adulto: l\u2019impressione era che potesse alzare il livello in ogni momento, a suo piacimento, lasciandoti impiccato al palleggio. Mi diede la stessa identica sensazione di Djokovic, con la differenza che Jannik scambia in sicurezza a velocit\u00e0 superiore. Non ti lascia il tempo di pensare\u00bb.    &#13;<br \/>\n&#13;<br \/>\n&#13;<br \/>\n&#13;<br \/>\n&#13;<br \/>\n&#13;<br \/>\n&#13;<br \/>\n&#13;<br \/>\n&#13;<br \/>\n&#13;<br \/>\n&#13;<br \/>\n&#13;<br \/>\n&#13;<br \/>\n&#13;<br \/>\n&#13;<br \/>\n&#13;<br \/>\n&#13;<br \/>\n&#13;<br \/>\n&#13;<br \/>\n&#13;<br \/>\n&#13;<br \/>\n&#13;<br \/>\n&#13;<br \/>\n&#13;<br \/>\n&#13;<br \/>\n&#13;<br \/>\n&#13;<br \/>\n&#13;<br \/>\n&#13;<br \/>\n&#13;<br \/>\n&#13;<br \/>\n&#13;<br \/>\n&#13;<br \/>\n&#13;<br \/>\n&#13;<br \/>\n&#13;<br \/>\n&#13;<br \/>\n&#13;<br \/>\n&#13;<br \/>\n&#13;<br \/>\n&#13;<br \/>\n&#13;<br \/>\n&#13;<br \/>\n&#13;<br \/>\n&#13;<br \/>\n&#13;<br \/>\n&#13;<br \/>\n&#13;<br \/>\n&#13;<br \/>\n&#13;<br \/>\n&#13;<br \/>\n&#13;<br \/>\n&#13;\n<\/p>\n<p class=\"chapter-paragraph\">Anche dopo Bergamo (Sinner b. Marcora 6-3, 6-1), i due antichi avversari sono rimasti in contatto: si sono incrociati nel Challenger di Ortisei alla fine della stagione che rivel\u00f2 il talento dell\u2019altoatesino, hanno trascorso insieme l\u2019off season 2022 ad Alicante, prima che il bambino d\u2019oro prendesse la strada degli Emirati. Non a caso, \u00e8 a Marcora che coach Vagnozzi ha telefonato ai primi di marzo, quando era il momento di trovare uno sparring speciale (non in attivit\u00e0, non tesserato) per un giocatore sospeso per le conseguenze del caso Clostebol. <a href=\"https:\/\/www.corriere.it\/sport\/tennis\/25_aprile_14\/sinner-montecarlo-allenamenti-quando-642ba00e-1eeb-423f-98da-46e70c059xlk.shtml\" rel=\"nofollow noopener\" target=\"_blank\">Palleggi blandi e clima rilassato in una villa privata a Cap d\u2019Ail. \u00ab<\/a>Gli ho dato una mano a riprendere in mano la racchetta, mentre la sua potenza di fuoco cresceva progressivamente \u2014 racconta \u2014. Nonostante gli eventi, era il solito Sinner. Gli serviva qualcuno di cui potersi fidare\u00bb.<\/p>\n<p class=\"chapter-paragraph\">In poche settimane, come abbiamo visto, Jannik terremotato dagli eventi \u00e8 tornato Sinner. <b>Finali a Roma, Parigi e New York<\/b>, il <a href=\"https:\/\/www.corriere.it\/sport\/tennis\/diretta-live\/25_luglio_13\/sinner-alcaraz-finale-wimbledon-diretta-live-oggi.shtml\" rel=\"nofollow noopener\" target=\"_blank\">trionfo a Wimbledon<\/a> e Pechino, la <a href=\"https:\/\/www.corriere.it\/sport\/tennis\/diretta-live\/25_ottobre_18\/sinner-alcaraz-diretta-six-kings-slam.shtml\" rel=\"nofollow noopener\" target=\"_blank\">masterclass di tennis a Riad<\/a>. \u00ab\u00c8 solo l\u2019inizio \u2014 spiega Marcora \u2014. Jan impara in fretta e traduce i cambiamenti nella pratica: la Cina con quelle condizioni terribili fa poco testo, lo verificheremo da Vienna in poi. A Riad abbiamo avuto una preview. \u00c8 ossessionato dall\u2019idea del miglioramento, ha il rifiuto della sconfitta proprio dei grandi\u00bb.<\/p>\n<p class=\"chapter-paragraph\">Cos\u00ec come era corso ai ripari dopo la disfatta a Wimbledon, reduce dalla <a href=\"https:\/\/www.corriere.it\/sport\/tennis\/diretta-live\/25_ottobre_18\/sinner-alcaraz-diretta-six-kings-slam.shtml\" rel=\"nofollow noopener\" target=\"_blank\">lezione araba<\/a> Alcaraz non star\u00e0 a guardare.  Ma il tennis \u00e8 entrato nella zona di sicurezza di Sinner, l\u2019humus su cui erano fioriti il salto di qualit\u00e0 del 2023 e il consolidamento della leadership (65 settimane da n.1). Fatta salva la finale \u00abspuria\u00bb dell\u2019ultimo Open Usa, giocata sotto il tetto chiuso perch\u00e9 piovigginava e cos\u00ec era pi\u00f9 facile garantire l\u2019incolumit\u00e0 di Donald Trump,  l\u2019<b>unico successo di Alcaraz su Sinner sul veloce indoor<\/b> risale alla notte dei tempi (per il dinamismo con cui progrediscono questi due fenomeni): il secondo turno di <b>Parigi Bercy 2021<\/b>, quando Jannik era ancora allenato da Piatti. \u00abSaranno due giocatori in evoluzione fino all\u2019ultimo dei loro giorni \u2014 sottolinea Marcora \u2014, come i Big Three. Carlos ha avuto uno scatto mentale dal Roland Garros in poi, un clic di testa in un ventaglio infinito di opzioni. Ma la mente \u00e8 l\u2019area in cui Jan era gi\u00e0 al top\u00bb.<\/p>\n<p class=\"chapter-paragraph\">Chi vincer\u00e0 di pi\u00f9, nel prossimo decennio? \u00abIo dico che Alcaraz ha maggior potenziale, nel complesso, ma non riuscir\u00e0 a sfruttarlo appieno perch\u00e9 <b>mentalmente non sar\u00e0 mai forte come Sinner,<\/b> che vincer\u00e0 di pi\u00f9. Molto dipende da Carlos: se si sintonizza stabilmente, sono guai per tutti\u00bb. Gli opposti che si attraggono, e che si ritroveranno dal 27 ottobre a Parigi per l\u2019ultimo Masters 1000 della stagione, innescano la miccia: \u00abAlcaraz \u00e8 capace di produrre 4\/5 tipi di gioco diversi, Sinner \u00e8 pi\u00f9 pragmatico e roccioso. In un circuito sempre pi\u00f9 fitto, e in un tennis sempre pi\u00f9 isterico, dovranno fare delle scelte per non rompersi. Ma questi non sono i cento metri: sulla maratona, io scommetto sempre  su Jan\u00bb.<\/p>\n<p class=\"is-last-update\" datetime=\"2025-10-20T07:42:12+02:00\">20 ottobre 2025 ( modifica il 20 ottobre 2025 | 07:42)<\/p>\n<p class=\"is-copyright\">\n            \u00a9 RIPRODUZIONE RISERVATA\n        <\/p>\n","protected":false},"excerpt":{"rendered":"di Gaia Piccardi I miglioramenti dell&#8217;azzurro, atteso dal primo turno a Vienna, raccontati dall&#8217;ex rivale ed amico Roberto&hellip;\n","protected":false},"author":3,"featured_media":174218,"comment_status":"","ping_status":"","sticky":false,"template":"","format":"standard","meta":{"footnotes":""},"categories":[1457],"tags":[44433,106238,106239,80370,106240,106241,1265,106242,25261,4008,15961,7920,1687,3363,30778,626,1426,5104,1537,90,89,61886,1269,962,314,2163,11040,11041,2006,6199,73451,1289,386,31645,1292,57550,9638,106235,669,8910,863,366,106236,106237,10162,245,244,577,1273,1994,19627,410,10870,106234,3556,30050,96454,1274,16860],"class_list":{"0":"post-174217","1":"post","2":"type-post","3":"status-publish","4":"format-standard","5":"has-post-thumbnail","7":"category-tennis","8":"tag-adulto","9":"tag-adulto-impressione","10":"tag-adulto-impressione-potesse","11":"tag-ail","12":"tag-ail-dato","13":"tag-ail-dato-mano","14":"tag-alcaraz","15":"tag-alcaraz-annichilito","16":"tag-allenato","17":"tag-amico","18":"tag-avversario","19":"tag-azzurro","20":"tag-bergamo","21":"tag-carlos","22":"tag-challenger","23":"tag-eventi","24":"tag-finale","25":"tag-indoor","26":"tag-it","27":"tag-italia","28":"tag-italy","29":"tag-jan","30":"tag-jannik","31":"tag-mano","32":"tag-marcora","33":"tag-mentale","34":"tag-new","35":"tag-new-york","36":"tag-open","37":"tag-open-usa","38":"tag-ossessionato","39":"tag-parigi","40":"tag-pechino","41":"tag-progressi","42":"tag-punti","43":"tag-riad","44":"tag-roberto","45":"tag-roberto-marcora","46":"tag-servizio","47":"tag-settimane","48":"tag-sicurezza","49":"tag-sinner","50":"tag-sinner-veloce","51":"tag-sinner-veloce-indoor","52":"tag-speciale","53":"tag-sport","54":"tag-sports","55":"tag-stagione","56":"tag-tennis","57":"tag-tornato","58":"tag-turno","59":"tag-usa","60":"tag-veloce","61":"tag-veloce-indoor","62":"tag-velocita","63":"tag-vienna","64":"tag-vincera","65":"tag-wimbledon","66":"tag-york"},"share_on_mastodon":{"url":"","error":"Validation failed: Text character limit of 500 exceeded"},"_links":{"self":[{"href":"https:\/\/www.europesays.com\/it\/wp-json\/wp\/v2\/posts\/174217","targetHints":{"allow":["GET"]}}],"collection":[{"href":"https:\/\/www.europesays.com\/it\/wp-json\/wp\/v2\/posts"}],"about":[{"href":"https:\/\/www.europesays.com\/it\/wp-json\/wp\/v2\/types\/post"}],"author":[{"embeddable":true,"href":"https:\/\/www.europesays.com\/it\/wp-json\/wp\/v2\/users\/3"}],"replies":[{"embeddable":true,"href":"https:\/\/www.europesays.com\/it\/wp-json\/wp\/v2\/comments?post=174217"}],"version-history":[{"count":0,"href":"https:\/\/www.europesays.com\/it\/wp-json\/wp\/v2\/posts\/174217\/revisions"}],"wp:featuredmedia":[{"embeddable":true,"href":"https:\/\/www.europesays.com\/it\/wp-json\/wp\/v2\/media\/174218"}],"wp:attachment":[{"href":"https:\/\/www.europesays.com\/it\/wp-json\/wp\/v2\/media?parent=174217"}],"wp:term":[{"taxonomy":"category","embeddable":true,"href":"https:\/\/www.europesays.com\/it\/wp-json\/wp\/v2\/categories?post=174217"},{"taxonomy":"post_tag","embeddable":true,"href":"https:\/\/www.europesays.com\/it\/wp-json\/wp\/v2\/tags?post=174217"}],"curies":[{"name":"wp","href":"https:\/\/api.w.org\/{rel}","templated":true}]}}