{"id":174324,"date":"2025-10-20T07:31:11","date_gmt":"2025-10-20T07:31:11","guid":{"rendered":"https:\/\/www.europesays.com\/it\/174324\/"},"modified":"2025-10-20T07:31:11","modified_gmt":"2025-10-20T07:31:11","slug":"chivu-si-e-preso-linter-patto-dopo-la-juve-la-nuova-cura-funziona","status":"publish","type":"post","link":"https:\/\/www.europesays.com\/it\/174324\/","title":{"rendered":"Chivu si \u00e8 preso l&#8217;Inter, patto dopo la Juve. La nuova cura funziona"},"content":{"rendered":"<p>Il tecnico ha saputo entrare nella testa dei giocatori che ora lo seguono in tutto. La vecchia guardia ha una nuova energia <\/p>\n<p>Prestazione di forza per l&#8217;Inter di <a href=\"https:\/\/www.fcinter1908.it\/ultimora\/toni-certo-thuram-chivu\/\" rel=\"nofollow noopener\" target=\"_blank\">Chivu<\/a> all&#8217;Olimpico con la Roma. Nel primo tempo i nerazzurri tengono il gioco e passano in vantaggio, nel secondo soffrono e portano a casa tre punti importantissimi.<\/p>\n<p>&#8220;Certi abbracci sono cos\u00ec forti da poterti rompere: invece ti saldano. Parafrasando un anonimo aforista si possono visualizzare gli attimi successivi alla fine di Roma-Inter: il circolo dei giocatori, guidato da Barella che poco prima aveva sbuffato per la sostituzione, corre a cercare Cristian Chivu per certificare l\u2019inizio di un amore. Tutti insieme a festeggiare la sesta vittoria consecutiva tra A e Champions, la pi\u00f9 importante perch\u00e9 vale un balzo in classifica. Il patto tra allenatore e squadra, in verit\u00e0, era stato siglato dopo la sconfitta in casa della Juventus, quando Chivu alz\u00f2 la voce conquistando anche i leader del gruppo per personalit\u00e0 e competenza. Ma all\u2019Olimpico il rapporto professionale, disciplinato dai doveri di riverenza, \u00e8 diventato una relazione complice, tra persone che parlano la stessa lingua e percepiscono le stesse emozioni. Da Torino a Roma, pensate, sono passati appena 36 giorni&#8221;, racconta La Gazzetta dello Sport.<\/p>\n<p>&#8220;Non \u00e8 una nuova pagina dell\u2019Inter, \u00e8 proprio un nuovo libro che racconta una storia diversa. Neanche Chivu avrebbe immaginato di poter trasmettere cos\u00ec velocemente la sua mentalit\u00e0, riscuotendo gi\u00e0 i dividendi: \u00abSono fiero dei miei ragazzi\u00bb ha detto sabato, riferendosi in particolar modo ai \u201cvecchi\u201d dello spogliatoio. Il blocco storico del quadriennio Inzaghi era rimasto traumatizzato dalla finale di Champions. Ma soprattutto era arrivato scarico ai momenti decisivi della stagione, come se desse per scontato di poter vincere le partite in nome di un\u2019acquisita superiorit\u00e0. L\u2019espressione \u00abSiamo ingiocabili\u00bb di Mkhitaryan, pi\u00f9 o meno consapevolmente, rappresentava un\u2019idea di compiutezza che la squadra aveva interiorizzato. Solo che la presunzione nello sport si paga. E cos\u00ec l\u2019Inter ha buttato via tutto in poche settimane&#8221;.<\/p>\n<p>&#8220;\u00c8 presto per affermare che gli antichi errori non si ripeteranno: il narcisismo \u00e8 sensibile alle recidive. Ma l\u2019intervento psicologico di Chivu ha fruttato gi\u00e0 una rinnovata ambizione. Non solo perch\u00e9 \u00abpassiamo il pallone pi\u00f9 velocemente agli attaccanti\u00bb, come ha spiegato con candore Sommer. Non solo perch\u00e9 Bonny ha segnato due gol nelle prime due da titolare, rendendo ininfluente l\u2019assenza di Thuram. Non solo perch\u00e9 Akanji ha trasferito sicurezza a una difesa che ha incassato soltanto 2 gol nelle ultime 6 partite. Ma anche e soprattutto perch\u00e9 la squadra ha ritrovato l\u2019energia e lo spirito che servono per sprigionare il proprio potenziale. I tre azzurri Barella, Di Marco e Bastoni sembrano trasformati, Mkhitaryan sta giocando meno ma meglio, Lautaro \u00e8 una sentenza se sta bene fisicamente, Dumfries sta crescendo di condizione. A Chivu manca forse solo il miglior Calhanoglu, che comunque a sprazzi ha gi\u00e0 dimostrato di aver rimesso la testa sull\u2019Inter&#8221;, aggiunge Gazzetta.<\/p>\n<p class=\"is-copyright\">\u00a9 RIPRODUZIONE RISERVATA<\/p>\n","protected":false},"excerpt":{"rendered":"Il tecnico ha saputo entrare nella testa dei giocatori che ora lo seguono in tutto. La vecchia guardia&hellip;\n","protected":false},"author":3,"featured_media":174325,"comment_status":"","ping_status":"","sticky":false,"template":"","format":"standard","meta":{"footnotes":""},"categories":[1452],"tags":[3973,106335,106336,49334,106337,106338,55423,106339,106340,106341,8440,721,1969,2839,3566,1740,1280,3412,1976,350,1537,90,89,38753,273,20400,4283,7987,1380,1989,987,106334,1739,337,245,244,1857,1928,87075],"class_list":{"0":"post-174324","1":"post","2":"type-post","3":"status-publish","4":"format-standard","5":"has-post-thumbnail","7":"category-calcio","8":"tag-abbracci","9":"tag-abbracci-forti","10":"tag-abbracci-forti-poterti","11":"tag-acquisita","12":"tag-acquisita-superiorita","13":"tag-acquisita-superiorita-espressione","14":"tag-affermare","15":"tag-affermare-antichi","16":"tag-affermare-antichi-errori","17":"tag-aforista","18":"tag-barella","19":"tag-calcio","20":"tag-champions","21":"tag-chivu","22":"tag-energia","23":"tag-football","24":"tag-gazzetta","25":"tag-giocatori","26":"tag-gol","27":"tag-inter","28":"tag-it","29":"tag-italia","30":"tag-italy","31":"tag-mkhitaryan","32":"tag-nuova","33":"tag-olimpico","34":"tag-partite","35":"tag-patto","36":"tag-poter","37":"tag-racconta","38":"tag-roma","39":"tag-siglato","40":"tag-soccer","41":"tag-soprattutto","42":"tag-sport","43":"tag-sports","44":"tag-squadra","45":"tag-testa","46":"tag-velocemente"},"share_on_mastodon":{"url":"","error":"Validation failed: Text character limit of 500 exceeded"},"_links":{"self":[{"href":"https:\/\/www.europesays.com\/it\/wp-json\/wp\/v2\/posts\/174324","targetHints":{"allow":["GET"]}}],"collection":[{"href":"https:\/\/www.europesays.com\/it\/wp-json\/wp\/v2\/posts"}],"about":[{"href":"https:\/\/www.europesays.com\/it\/wp-json\/wp\/v2\/types\/post"}],"author":[{"embeddable":true,"href":"https:\/\/www.europesays.com\/it\/wp-json\/wp\/v2\/users\/3"}],"replies":[{"embeddable":true,"href":"https:\/\/www.europesays.com\/it\/wp-json\/wp\/v2\/comments?post=174324"}],"version-history":[{"count":0,"href":"https:\/\/www.europesays.com\/it\/wp-json\/wp\/v2\/posts\/174324\/revisions"}],"wp:featuredmedia":[{"embeddable":true,"href":"https:\/\/www.europesays.com\/it\/wp-json\/wp\/v2\/media\/174325"}],"wp:attachment":[{"href":"https:\/\/www.europesays.com\/it\/wp-json\/wp\/v2\/media?parent=174324"}],"wp:term":[{"taxonomy":"category","embeddable":true,"href":"https:\/\/www.europesays.com\/it\/wp-json\/wp\/v2\/categories?post=174324"},{"taxonomy":"post_tag","embeddable":true,"href":"https:\/\/www.europesays.com\/it\/wp-json\/wp\/v2\/tags?post=174324"}],"curies":[{"name":"wp","href":"https:\/\/api.w.org\/{rel}","templated":true}]}}