{"id":174326,"date":"2025-10-20T07:32:10","date_gmt":"2025-10-20T07:32:10","guid":{"rendered":"https:\/\/www.europesays.com\/it\/174326\/"},"modified":"2025-10-20T07:32:10","modified_gmt":"2025-10-20T07:32:10","slug":"grazie-a-mio-figlio-ronan-ho-ritrovato-la-voglia","status":"publish","type":"post","link":"https:\/\/www.europesays.com\/it\/174326\/","title":{"rendered":"\u00abGrazie a mio figlio Ronan ho ritrovato la voglia\u00bb"},"content":{"rendered":"<p>&#13;<br \/>\n                               &#13;<br \/>\n                                                &#13;<br \/>\n                &#13;<\/p>\n<p>Occhiali con lenti arancio, foulard al collo, camicia a maniche corte che lascia nude le braccia ricoperte di tatuaggi. E poi orecchini, collane, anelli. Un <strong>Daniel Day-Lewis<\/strong> magnetico stringe la mano al ristretto numero di giornalisti presenti per intervistarlo ripetendo il nome di ognuno. L&#8217;attore, insieme al figlio e regista Ronan, ha presentato ad Alice nella Citt\u00e0, in collaborazione con la Festa del Cinema, \u201c<strong>Anemone<\/strong>\u201d, dal 6 novembre in sala. Un ritorno sulle scene a otto anni dal suo ritiro. La storia di due fratelli, a lungo estranei, che si ritrovano nella natura selvaggia a causa di una crisi familiare, riaccendendo vecchi rancori e rivelando segreti sepolti. \u00c8 anche co-sceneggiatore.  <\/p>\n<p>&#13;<br \/>\n&#13;<\/p>\n<p><strong>Perch\u00e9 avete scelto di partire dai Troubles irlandesi?<\/strong><\/p>\n<p>&#13;<br \/>\n&#13;<\/p>\n<p>\u00abHo passato molto tempo a Belfast al culmine del conflitto. E ho sempre vissuto nella zona cattolica della citt\u00e0. Nel film \u00e8 stato intrigante provare a guardarlo dal punto di vista di un giovane soldato britannico. Quando arriv\u00f2 l&#8217;esercito inglese, fu accolto dalla comunit\u00e0 cattolica perch\u00e9 vennero come pacieri. C&#8217;erano donne per le strade che preparavano panini e tazze di t\u00e8 per questi giovani ragazzi della classe operaia in uniforme. Ma presto \u00e8 diventato molto diverso\u00bb.  <\/p>\n<p>&#13;<br \/>\n&#13;<\/p>\n<p><strong>Cosa ricorda?  <\/strong><\/p>\n<p>&#13;<br \/>\n&#13;<\/p>\n<p>\u00abHo avuto amici di entrambe le fazioni perch\u00e9 sono cresciuto con un piede in entrambi i mondi. Mio padre era un nazionalista irlandese, e lo sono anche io. Senza mai condonare gli orribili mezzi con cui ogni parte ha cercato di raggiungere i propri fini in quel conflitto. \u00c8 stato orribile e molte persone sono state uccise o distrutte psicologicamente. Compresi i giovani soldati che stavano facendo il loro lavoro. E quindi, chi siamo noi per giudicarli?\u00bb.  <\/p>\n<p>&#13;<br \/>\n&#13;<\/p>\n<p><strong>Perch\u00e9 ha deciso di tornare a recitare e cosa l&#8217;ha spinta a ritirarsi?  <\/strong><\/p>\n<p>&#13;<br \/>\n&#13;<\/p>\n<p>\u00abHo sempre avuto difficolt\u00e0 con gli aspetti pubblici del lavoro in virt\u00f9 del quale inviti le persone a prestarti attenzione. Ma non c&#8217;\u00e8 un interruttore che puoi spegnere. Ti segue nel quotidiano e non ho mai imparato ad affrontarlo. Per\u00f2 ero triste all&#8217;idea di non poter lavorare con Ronan. Cos\u00ec abbiamo scritto il film \u201cAnemone\u201d\u00bb. <\/p>\n<p>&#13;<br \/>\n&#13;<\/p>\n<p><strong>Al centro del film anche il rapporto padre\/figlio. Il suo, il poeta Cecil Day-Lewis, come l&#8217;ha influenzata?  <\/strong><\/p>\n<p>&#13;<br \/>\n&#13;<\/p>\n<p>\u00ab\u00c8 rimasto un mistero per me. <\/p>\n<p>Era assorbito dal suo lavoro. Non ricordo conversazioni con lui tranne quando mi mettevo nei guai. Capitava spesso. Forse perch\u00e9 pensavo fosse l&#8217;unico modo di parlargli\u00bb.                                &#13;<br \/>\n                &#13;<br \/>\n&#13;<br \/>\n                Ultimo aggiornamento: luned\u00ec 20 ottobre 2025, 05:00&#13;<br \/>\n                <br \/>&#13;<br \/>\n                &#13;<br \/>\n                  &#13;<br \/>\n                    &#13;<br \/>\n                        \u00a9 RIPRODUZIONE RISERVATA&#13;<\/p>\n<p>&#13;<\/p>\n<p>                    &#13;<\/p>\n","protected":false},"excerpt":{"rendered":"&#13; &#13; &#13; &#13; Occhiali con lenti arancio, foulard al collo, camicia a maniche corte che lascia nude&hellip;\n","protected":false},"author":3,"featured_media":174327,"comment_status":"","ping_status":"","sticky":false,"template":"","format":"standard","meta":{"footnotes":""},"categories":[1451],"tags":[48867,1621,1620,48865,203,204,1537,90,89],"class_list":{"0":"post-174326","1":"post","2":"type-post","3":"status-publish","4":"format-standard","5":"has-post-thumbnail","7":"category-celebrita","8":"tag-anemone","9":"tag-celebrita","10":"tag-celebrities","11":"tag-daniel-day-lewis","12":"tag-entertainment","13":"tag-intrattenimento","14":"tag-it","15":"tag-italia","16":"tag-italy"},"share_on_mastodon":{"url":"https:\/\/pubeurope.com\/@it\/115405333890511045","error":""},"_links":{"self":[{"href":"https:\/\/www.europesays.com\/it\/wp-json\/wp\/v2\/posts\/174326","targetHints":{"allow":["GET"]}}],"collection":[{"href":"https:\/\/www.europesays.com\/it\/wp-json\/wp\/v2\/posts"}],"about":[{"href":"https:\/\/www.europesays.com\/it\/wp-json\/wp\/v2\/types\/post"}],"author":[{"embeddable":true,"href":"https:\/\/www.europesays.com\/it\/wp-json\/wp\/v2\/users\/3"}],"replies":[{"embeddable":true,"href":"https:\/\/www.europesays.com\/it\/wp-json\/wp\/v2\/comments?post=174326"}],"version-history":[{"count":0,"href":"https:\/\/www.europesays.com\/it\/wp-json\/wp\/v2\/posts\/174326\/revisions"}],"wp:featuredmedia":[{"embeddable":true,"href":"https:\/\/www.europesays.com\/it\/wp-json\/wp\/v2\/media\/174327"}],"wp:attachment":[{"href":"https:\/\/www.europesays.com\/it\/wp-json\/wp\/v2\/media?parent=174326"}],"wp:term":[{"taxonomy":"category","embeddable":true,"href":"https:\/\/www.europesays.com\/it\/wp-json\/wp\/v2\/categories?post=174326"},{"taxonomy":"post_tag","embeddable":true,"href":"https:\/\/www.europesays.com\/it\/wp-json\/wp\/v2\/tags?post=174326"}],"curies":[{"name":"wp","href":"https:\/\/api.w.org\/{rel}","templated":true}]}}